{"id":15734,"date":"2026-09-06T15:38:36","date_gmt":"2026-09-06T20:38:36","guid":{"rendered":"https:\/\/expresionesguerrero.com.mx\/expresioneswp\/?p=15734"},"modified":"2026-09-06T15:46:05","modified_gmt":"2026-09-06T20:46:05","slug":"investigan-a-abelina-por-282-mdp-no-es-desfalco-se-defiende","status":"publish","type":"post","link":"https:\/\/expresionesguerrero.com.mx\/expresioneswp\/?p=15734","title":{"rendered":"Investigan a Abelina por 282 mdp; no es desfalco, se defiende"},"content":{"rendered":"\n<p class=\"wp-block-paragraph\">La Auditor\u00eda Superior de la Federaci\u00f3n (ASF) investiga una cadena de irregularidades en el gasto del municipio de Acapulco durante la gesti\u00f3n de la morenista Abelina L\u00f3pez Rodr\u00edguez, public\u00f3 el diario Reforma. En respuesta, la alcaldesa con licencia ataj\u00f3 que no es desfalco sino observaciones.<\/p>\n\n\n\n<p class=\"wp-block-paragraph\">El monto de los presuntos desv\u00edos de recursos p\u00fablicos asciende a 282 millones 168 mil pesos. Los se\u00f1alamientos corresponden a 2021, 2022 y 2024, y no hay un solo a\u00f1o libre de observaciones millonarias, describe el diario de circulaci\u00f3n nacional.<\/p>\n\n\n\n<p class=\"wp-block-paragraph\">LA ASF document\u00f3 gastos no comprobados o realizados en exceso; obras inconclusas o sin operar y, sobre todo, desv\u00edo de recursos.<\/p>\n\n\n\n<p class=\"wp-block-paragraph\">El mayor monto corresponde a 2024, coincidentemente a\u00f1o de elecciones federales, donde las observaciones formuladas por la ASF ascienden a 206 millones 217 mil 857 pesos, una cantidad equivalente a aproximadamente 73 por ciento del monto total se\u00f1alado en el documento.<\/p>\n\n\n\n<p class=\"wp-block-paragraph\">De esos recursos, alrededor de 186.2 millones de pesos corresponden a gastos no comprobados. A esa cantidad se suman poco m\u00e1s de 20 millones de pesos en pagos improcedentes o en exceso detectados durante la fiscalizaci\u00f3n de ese mismo a\u00f1o.<\/p>\n\n\n\n<p class=\"wp-block-paragraph\">En 2024, pr\u00e1cticamente tres de cada cuatro pesos de gasto p\u00fablico son irregulares.<\/p>\n\n\n\n<p class=\"wp-block-paragraph\">Desde 2021, a\u00f1o en que inici\u00f3 la administraci\u00f3n de la morenista Abelina L\u00f3pez, existen observaciones por m\u00e1s de 72 millones de pesos relacionadas con diferentes irregularidades en el ejercicio de recursos federales.<\/p>\n\n\n\n<p class=\"wp-block-paragraph\">De ese global, 18 millones 496 mil pesos aparecen expresamente como \u00abNo Solventados\u00bb, que significan recursos federales aplicados en rubros no contemplados en la Ley de Coordinaci\u00f3n Fiscal.<\/p>\n\n\n\n<p class=\"wp-block-paragraph\">Adem\u00e1s, hay indagatorias sobre montos no comprobados casi por 30 millones de pesos en 2021.<\/p>\n\n\n\n<p class=\"wp-block-paragraph\">Conforme los reportes de la ASF, en 2021 aparecen dos montos, uno por 3 millones 641 mil pesos y otro por 6 millones 265 mil pesos, relacionados con obras no realizadas. Adem\u00e1s, existe otra observaci\u00f3n por 13 millones 478 mil pesos relacionada con incumplimientos a la normativa en materia de obra p\u00fablica y servicios.<\/p>\n\n\n\n<p class=\"wp-block-paragraph\">En 2022, la ASF identific\u00f3 3 millones 890 mil pesos correspondientes a recursos federales aplicados en programas no contemplados en la Ley de Coordinaci\u00f3n Fiscal.<\/p>\n\n\n\n<p class=\"wp-block-paragraph\">Apenas en julio pasado, la Corte anul\u00f3 la auditor\u00eda en la que se declar\u00f3 responsable a Abelina de la no comprobaci\u00f3n del uso de 898 millones de pesos de recursos federales.<\/p>\n\n\n\n<p class=\"wp-block-paragraph\">Los ministros, identificados todos como morenistas, resolvieron que la Auditor\u00eda Superior del Estado actu\u00f3 ilegalmente, al fiscalizar sin acuerdo previo con la ASF.<\/p>\n\n\n\n<p class=\"wp-block-paragraph\">Tras la publicaci\u00f3n, Abelina L\u00f3pez Rodr\u00edguez, alcaldesa que pidi\u00f3 licencia para buscar la candidatura de Morena a la gubernatura de Guerrero, asegur\u00f3 que las observaciones de la Auditor\u00eda Superior de la Federaci\u00f3n (ASF) por un presunto desfalco de 282 millones de pesos no significan que ese hecho se haya consumado.<\/p>\n\n\n\n<p class=\"wp-block-paragraph\">La morenista dijo estar lista para que se revisen todas las cuentas p\u00fablicas. \u00abUna observaci\u00f3n de Auditor\u00eda no es un desfalco.&nbsp;La fiscalizaci\u00f3n de los recursos p\u00fablicos forma parte de las obligaciones de cualquier gobierno. Que se revise todo lo que deba revisarse\u00bb, dijo en un mensaje escrito en sus redes sociales.<\/p>\n","protected":false},"excerpt":{"rendered":"<p>La Auditor\u00eda Superior de la Federaci\u00f3n (ASF) investiga una cadena de irregularidades en el gasto del municipio de Acapulco durante<\/p>\n","protected":false},"author":1,"featured_media":15735,"comment_status":"open","ping_status":"open","sticky":false,"template":"","format":"standard","meta":{"colormag_page_container_layout":"default_layout","colormag_page_sidebar_layout":"default_layout","footnotes":""},"categories":[8],"tags":[2456],"class_list":["post-15734","post","type-post","status-publish","format-standard","has-post-thumbnail","hentry","category-acapulco","tag-investigan-a-abelina-por-282-millones-de-pesos"],"yoast_head":"<!-- This site is optimized with the Yoast SEO plugin v28.4 - https:\/\/yoast.com\/product\/yoast-seo-wordpress\/ -->\n<title>Investigan a Abelina por 282 mdp; no es desfalco, se defiende - Expresiones Guerrero<\/title>\n<meta name=\"description\" content=\"Investigan a Abelina por 282 mdp; no es desfalco, se defiende Acapulco\" \/>\n<meta name=\"robots\" content=\"index, follow, max-snippet:-1, max-image-preview:large, max-video-preview:-1\" \/>\n<link rel=\"canonical\" href=\"https:\/\/expresionesguerrero.com.mx\/expresioneswp\/?p=15734\" \/>\n<meta property=\"og:locale\" content=\"es_ES\" \/>\n<meta property=\"og:type\" content=\"article\" \/>\n<meta property=\"og:title\" content=\"Investigan a Abelina por 282 mdp; no es desfalco, se defiende - Expresiones Guerrero\" \/>\n<meta property=\"og:description\" content=\"Investigan a Abelina por 282 mdp; no es desfalco, se defiende Acapulco\" \/>\n<meta property=\"og:url\" content=\"https:\/\/expresionesguerrero.com.mx\/expresioneswp\/?p=15734\" \/>\n<meta property=\"og:site_name\" content=\"Expresiones Guerrero\" \/>\n<meta property=\"article:published_time\" content=\"2026-09-06T20:38:36+00:00\" \/>\n<meta property=\"article:modified_time\" content=\"2026-09-06T20:46:05+00:00\" \/>\n<meta property=\"og:image\" content=\"https:\/\/expresionesguerrero.com.mx\/expresioneswp\/wp-content\/uploads\/2026\/09\/abe.jpg\" \/>\n\t<meta property=\"og:image:width\" content=\"1200\" \/>\n\t<meta property=\"og:image:height\" content=\"800\" \/>\n\t<meta property=\"og:image:type\" content=\"image\/jpeg\" \/>\n<meta name=\"author\" content=\"Redacci\u00f3n\" \/>\n<meta name=\"twitter:card\" content=\"summary_large_image\" \/>\n<meta name=\"twitter:label1\" content=\"Escrito por\" \/>\n\t<meta name=\"twitter:data1\" content=\"Redacci\u00f3n\" \/>\n\t<meta name=\"twitter:label2\" content=\"Tiempo de lectura\" \/>\n\t<meta name=\"twitter:data2\" content=\"3 minutos\" \/>\n<script type=\"application\/ld+json\" class=\"yoast-schema-graph\">{\"@context\":\"https:\\\/\\\/schema.org\",\"@graph\":[{\"@type\":\"NewsArticle\",\"@id\":\"https:\\\/\\\/expresionesguerrero.com.mx\\\/expresioneswp\\\/?p=15734#article\",\"isPartOf\":{\"@id\":\"https:\\\/\\\/expresionesguerrero.com.mx\\\/expresioneswp\\\/?p=15734\"},\"author\":{\"name\":\"Redacci\u00f3n\",\"@id\":\"https:\\\/\\\/expresionesguerrero.com.mx\\\/expresioneswp\\\/#\\\/schema\\\/person\\\/b8a75dd4eb4a910b255423cf852fa057\"},\"headline\":\"Investigan a Abelina por 282 mdp; no es desfalco, se defiende\",\"datePublished\":\"2026-09-06T20:38:36+00:00\",\"dateModified\":\"2026-09-06T20:46:05+00:00\",\"mainEntityOfPage\":{\"@id\":\"https:\\\/\\\/expresionesguerrero.com.mx\\\/expresioneswp\\\/?p=15734\"},\"wordCount\":531,\"commentCount\":0,\"publisher\":{\"@id\":\"https:\\\/\\\/expresionesguerrero.com.mx\\\/expresioneswp\\\/#organization\"},\"image\":{\"@id\":\"https:\\\/\\\/expresionesguerrero.com.mx\\\/expresioneswp\\\/?p=15734#primaryimage\"},\"thumbnailUrl\":\"https:\\\/\\\/expresionesguerrero.com.mx\\\/expresioneswp\\\/wp-content\\\/uploads\\\/2026\\\/09\\\/abe.jpg\",\"keywords\":[\"Investigan a Abelina por 282 millones de pesos\"],\"articleSection\":[\"Acapulco\"],\"inLanguage\":\"es\",\"potentialAction\":[{\"@type\":\"CommentAction\",\"name\":\"Comment\",\"target\":[\"https:\\\/\\\/expresionesguerrero.com.mx\\\/expresioneswp\\\/?p=15734#respond\"]}]},{\"@type\":\"WebPage\",\"@id\":\"https:\\\/\\\/expresionesguerrero.com.mx\\\/expresioneswp\\\/?p=15734\",\"url\":\"https:\\\/\\\/expresionesguerrero.com.mx\\\/expresioneswp\\\/?p=15734\",\"name\":\"Investigan a Abelina por 282 mdp; no es desfalco, se defiende - Expresiones Guerrero\",\"isPartOf\":{\"@id\":\"https:\\\/\\\/expresionesguerrero.com.mx\\\/expresioneswp\\\/#website\"},\"primaryImageOfPage\":{\"@id\":\"https:\\\/\\\/expresionesguerrero.com.mx\\\/expresioneswp\\\/?p=15734#primaryimage\"},\"image\":{\"@id\":\"https:\\\/\\\/expresionesguerrero.com.mx\\\/expresioneswp\\\/?p=15734#primaryimage\"},\"thumbnailUrl\":\"https:\\\/\\\/expresionesguerrero.com.mx\\\/expresioneswp\\\/wp-content\\\/uploads\\\/2026\\\/09\\\/abe.jpg\",\"datePublished\":\"2026-09-06T20:38:36+00:00\",\"dateModified\":\"2026-09-06T20:46:05+00:00\",\"description\":\"Investigan a Abelina por 282 mdp; no es desfalco, se defiende Acapulco\",\"breadcrumb\":{\"@id\":\"https:\\\/\\\/expresionesguerrero.com.mx\\\/expresioneswp\\\/?p=15734#breadcrumb\"},\"inLanguage\":\"es\",\"potentialAction\":[{\"@type\":\"ReadAction\",\"target\":[\"https:\\\/\\\/expresionesguerrero.com.mx\\\/expresioneswp\\\/?p=15734\"]}]},{\"@type\":\"ImageObject\",\"inLanguage\":\"es\",\"@id\":\"https:\\\/\\\/expresionesguerrero.com.mx\\\/expresioneswp\\\/?p=15734#primaryimage\",\"url\":\"https:\\\/\\\/expresionesguerrero.com.mx\\\/expresioneswp\\\/wp-content\\\/uploads\\\/2026\\\/09\\\/abe.jpg\",\"contentUrl\":\"https:\\\/\\\/expresionesguerrero.com.mx\\\/expresioneswp\\\/wp-content\\\/uploads\\\/2026\\\/09\\\/abe.jpg\",\"width\":1200,\"height\":800},{\"@type\":\"BreadcrumbList\",\"@id\":\"https:\\\/\\\/expresionesguerrero.com.mx\\\/expresioneswp\\\/?p=15734#breadcrumb\",\"itemListElement\":[{\"@type\":\"ListItem\",\"position\":1,\"name\":\"Portada\",\"item\":\"https:\\\/\\\/expresionesguerrero.com.mx\\\/expresioneswp\"},{\"@type\":\"ListItem\",\"position\":2,\"name\":\"Investigan a Abelina por 282 mdp; no es desfalco, se defiende\"}]},{\"@type\":\"WebSite\",\"@id\":\"https:\\\/\\\/expresionesguerrero.com.mx\\\/expresioneswp\\\/#website\",\"url\":\"https:\\\/\\\/expresionesguerrero.com.mx\\\/expresioneswp\\\/\",\"name\":\"Expresiones Guerrero\",\"description\":\"Periodismo Digital\",\"publisher\":{\"@id\":\"https:\\\/\\\/expresionesguerrero.com.mx\\\/expresioneswp\\\/#organization\"},\"potentialAction\":[{\"@type\":\"SearchAction\",\"target\":{\"@type\":\"EntryPoint\",\"urlTemplate\":\"https:\\\/\\\/expresionesguerrero.com.mx\\\/expresioneswp\\\/?s={search_term_string}\"},\"query-input\":{\"@type\":\"PropertyValueSpecification\",\"valueRequired\":true,\"valueName\":\"search_term_string\"}}],\"inLanguage\":\"es\"},{\"@type\":\"Organization\",\"@id\":\"https:\\\/\\\/expresionesguerrero.com.mx\\\/expresioneswp\\\/#organization\",\"name\":\"Expresiones Guerrero\",\"url\":\"https:\\\/\\\/expresionesguerrero.com.mx\\\/expresioneswp\\\/\",\"logo\":{\"@type\":\"ImageObject\",\"inLanguage\":\"es\",\"@id\":\"https:\\\/\\\/expresionesguerrero.com.mx\\\/expresioneswp\\\/#\\\/schema\\\/logo\\\/image\\\/\",\"url\":\"https:\\\/\\\/expresionesguerrero.com.mx\\\/expresioneswp\\\/wp-content\\\/uploads\\\/2021\\\/05\\\/cropped-logotipo-expresiones1-1.jpg\",\"contentUrl\":\"https:\\\/\\\/expresionesguerrero.com.mx\\\/expresioneswp\\\/wp-content\\\/uploads\\\/2021\\\/05\\\/cropped-logotipo-expresiones1-1.jpg\",\"width\":512,\"height\":512,\"caption\":\"Expresiones Guerrero\"},\"image\":{\"@id\":\"https:\\\/\\\/expresionesguerrero.com.mx\\\/expresioneswp\\\/#\\\/schema\\\/logo\\\/image\\\/\"}},{\"@type\":\"Person\",\"@id\":\"https:\\\/\\\/expresionesguerrero.com.mx\\\/expresioneswp\\\/#\\\/schema\\\/person\\\/b8a75dd4eb4a910b255423cf852fa057\",\"name\":\"Redacci\u00f3n\",\"image\":{\"@type\":\"ImageObject\",\"inLanguage\":\"es\",\"@id\":\"https:\\\/\\\/secure.gravatar.com\\\/avatar\\\/1f40520a5813d57bbf3ac6e35ab581cc8b1db7caf6e072e5bafff82efd93b02a?s=96&d=mm&r=g\",\"url\":\"https:\\\/\\\/secure.gravatar.com\\\/avatar\\\/1f40520a5813d57bbf3ac6e35ab581cc8b1db7caf6e072e5bafff82efd93b02a?s=96&d=mm&r=g\",\"contentUrl\":\"https:\\\/\\\/secure.gravatar.com\\\/avatar\\\/1f40520a5813d57bbf3ac6e35ab581cc8b1db7caf6e072e5bafff82efd93b02a?s=96&d=mm&r=g\",\"caption\":\"Redacci\u00f3n\"},\"sameAs\":[\"http:\\\/\\\/expresionesguerrero.com.mx\\\/expresioneswp\"],\"url\":\"https:\\\/\\\/expresionesguerrero.com.mx\\\/expresioneswp\\\/?author=1\"}]}<\/script>\n<!-- \/ Yoast SEO plugin. -->","yoast_head_json":{"title":"Investigan a Abelina por 282 mdp; no es desfalco, se defiende - Expresiones Guerrero","description":"Investigan a Abelina por 282 mdp; no es desfalco, se defiende Acapulco","robots":{"index":"index","follow":"follow","max-snippet":"max-snippet:-1","max-image-preview":"max-image-preview:large","max-video-preview":"max-video-preview:-1"},"canonical":"https:\/\/expresionesguerrero.com.mx\/expresioneswp\/?p=15734","og_locale":"es_ES","og_type":"article","og_title":"Investigan a Abelina por 282 mdp; no es desfalco, se defiende - Expresiones Guerrero","og_description":"Investigan a Abelina por 282 mdp; no es desfalco, se defiende Acapulco","og_url":"https:\/\/expresionesguerrero.com.mx\/expresioneswp\/?p=15734","og_site_name":"Expresiones Guerrero","article_published_time":"2026-09-06T20:38:36+00:00","article_modified_time":"2026-09-06T20:46:05+00:00","og_image":[{"width":1200,"height":800,"url":"https:\/\/expresionesguerrero.com.mx\/expresioneswp\/wp-content\/uploads\/2026\/09\/abe.jpg","type":"image\/jpeg"}],"author":"Redacci\u00f3n","twitter_card":"summary_large_image","twitter_misc":{"Escrito por":"Redacci\u00f3n","Tiempo de lectura":"3 minutos"},"schema":{"@context":"https:\/\/schema.org","@graph":[{"@type":"NewsArticle","@id":"https:\/\/expresionesguerrero.com.mx\/expresioneswp\/?p=15734#article","isPartOf":{"@id":"https:\/\/expresionesguerrero.com.mx\/expresioneswp\/?p=15734"},"author":{"name":"Redacci\u00f3n","@id":"https:\/\/expresionesguerrero.com.mx\/expresioneswp\/#\/schema\/person\/b8a75dd4eb4a910b255423cf852fa057"},"headline":"Investigan a Abelina por 282 mdp; no es desfalco, se defiende","datePublished":"2026-09-06T20:38:36+00:00","dateModified":"2026-09-06T20:46:05+00:00","mainEntityOfPage":{"@id":"https:\/\/expresionesguerrero.com.mx\/expresioneswp\/?p=15734"},"wordCount":531,"commentCount":0,"publisher":{"@id":"https:\/\/expresionesguerrero.com.mx\/expresioneswp\/#organization"},"image":{"@id":"https:\/\/expresionesguerrero.com.mx\/expresioneswp\/?p=15734#primaryimage"},"thumbnailUrl":"https:\/\/expresionesguerrero.com.mx\/expresioneswp\/wp-content\/uploads\/2026\/09\/abe.jpg","keywords":["Investigan a Abelina por 282 millones de pesos"],"articleSection":["Acapulco"],"inLanguage":"es","potentialAction":[{"@type":"CommentAction","name":"Comment","target":["https:\/\/expresionesguerrero.com.mx\/expresioneswp\/?p=15734#respond"]}]},{"@type":"WebPage","@id":"https:\/\/expresionesguerrero.com.mx\/expresioneswp\/?p=15734","url":"https:\/\/expresionesguerrero.com.mx\/expresioneswp\/?p=15734","name":"Investigan a Abelina por 282 mdp; no es desfalco, se defiende - Expresiones Guerrero","isPartOf":{"@id":"https:\/\/expresionesguerrero.com.mx\/expresioneswp\/#website"},"primaryImageOfPage":{"@id":"https:\/\/expresionesguerrero.com.mx\/expresioneswp\/?p=15734#primaryimage"},"image":{"@id":"https:\/\/expresionesguerrero.com.mx\/expresioneswp\/?p=15734#primaryimage"},"thumbnailUrl":"https:\/\/expresionesguerrero.com.mx\/expresioneswp\/wp-content\/uploads\/2026\/09\/abe.jpg","datePublished":"2026-09-06T20:38:36+00:00","dateModified":"2026-09-06T20:46:05+00:00","description":"Investigan a Abelina por 282 mdp; no es desfalco, se defiende Acapulco","breadcrumb":{"@id":"https:\/\/expresionesguerrero.com.mx\/expresioneswp\/?p=15734#breadcrumb"},"inLanguage":"es","potentialAction":[{"@type":"ReadAction","target":["https:\/\/expresionesguerrero.com.mx\/expresioneswp\/?p=15734"]}]},{"@type":"ImageObject","inLanguage":"es","@id":"https:\/\/expresionesguerrero.com.mx\/expresioneswp\/?p=15734#primaryimage","url":"https:\/\/expresionesguerrero.com.mx\/expresioneswp\/wp-content\/uploads\/2026\/09\/abe.jpg","contentUrl":"https:\/\/expresionesguerrero.com.mx\/expresioneswp\/wp-content\/uploads\/2026\/09\/abe.jpg","width":1200,"height":800},{"@type":"BreadcrumbList","@id":"https:\/\/expresionesguerrero.com.mx\/expresioneswp\/?p=15734#breadcrumb","itemListElement":[{"@type":"ListItem","position":1,"name":"Portada","item":"https:\/\/expresionesguerrero.com.mx\/expresioneswp"},{"@type":"ListItem","position":2,"name":"Investigan a Abelina por 282 mdp; no es desfalco, se defiende"}]},{"@type":"WebSite","@id":"https:\/\/expresionesguerrero.com.mx\/expresioneswp\/#website","url":"https:\/\/expresionesguerrero.com.mx\/expresioneswp\/","name":"Expresiones Guerrero","description":"Periodismo Digital","publisher":{"@id":"https:\/\/expresionesguerrero.com.mx\/expresioneswp\/#organization"},"potentialAction":[{"@type":"SearchAction","target":{"@type":"EntryPoint","urlTemplate":"https:\/\/expresionesguerrero.com.mx\/expresioneswp\/?s={search_term_string}"},"query-input":{"@type":"PropertyValueSpecification","valueRequired":true,"valueName":"search_term_string"}}],"inLanguage":"es"},{"@type":"Organization","@id":"https:\/\/expresionesguerrero.com.mx\/expresioneswp\/#organization","name":"Expresiones Guerrero","url":"https:\/\/expresionesguerrero.com.mx\/expresioneswp\/","logo":{"@type":"ImageObject","inLanguage":"es","@id":"https:\/\/expresionesguerrero.com.mx\/expresioneswp\/#\/schema\/logo\/image\/","url":"https:\/\/expresionesguerrero.com.mx\/expresioneswp\/wp-content\/uploads\/2021\/05\/cropped-logotipo-expresiones1-1.jpg","contentUrl":"https:\/\/expresionesguerrero.com.mx\/expresioneswp\/wp-content\/uploads\/2021\/05\/cropped-logotipo-expresiones1-1.jpg","width":512,"height":512,"caption":"Expresiones Guerrero"},"image":{"@id":"https:\/\/expresionesguerrero.com.mx\/expresioneswp\/#\/schema\/logo\/image\/"}},{"@type":"Person","@id":"https:\/\/expresionesguerrero.com.mx\/expresioneswp\/#\/schema\/person\/b8a75dd4eb4a910b255423cf852fa057","name":"Redacci\u00f3n","image":{"@type":"ImageObject","inLanguage":"es","@id":"https:\/\/secure.gravatar.com\/avatar\/1f40520a5813d57bbf3ac6e35ab581cc8b1db7caf6e072e5bafff82efd93b02a?s=96&d=mm&r=g","url":"https:\/\/secure.gravatar.com\/avatar\/1f40520a5813d57bbf3ac6e35ab581cc8b1db7caf6e072e5bafff82efd93b02a?s=96&d=mm&r=g","contentUrl":"https:\/\/secure.gravatar.com\/avatar\/1f40520a5813d57bbf3ac6e35ab581cc8b1db7caf6e072e5bafff82efd93b02a?s=96&d=mm&r=g","caption":"Redacci\u00f3n"},"sameAs":["http:\/\/expresionesguerrero.com.mx\/expresioneswp"],"url":"https:\/\/expresionesguerrero.com.mx\/expresioneswp\/?author=1"}]}},"_links":{"self":[{"href":"https:\/\/expresionesguerrero.com.mx\/expresioneswp\/index.php?rest_route=\/wp\/v2\/posts\/15734","targetHints":{"allow":["GET"]}}],"collection":[{"href":"https:\/\/expresionesguerrero.com.mx\/expresioneswp\/index.php?rest_route=\/wp\/v2\/posts"}],"about":[{"href":"https:\/\/expresionesguerrero.com.mx\/expresioneswp\/index.php?rest_route=\/wp\/v2\/types\/post"}],"author":[{"embeddable":true,"href":"https:\/\/expresionesguerrero.com.mx\/expresioneswp\/index.php?rest_route=\/wp\/v2\/users\/1"}],"replies":[{"embeddable":true,"href":"https:\/\/expresionesguerrero.com.mx\/expresioneswp\/index.php?rest_route=%2Fwp%2Fv2%2Fcomments&post=15734"}],"version-history":[{"count":1,"href":"https:\/\/expresionesguerrero.com.mx\/expresioneswp\/index.php?rest_route=\/wp\/v2\/posts\/15734\/revisions"}],"predecessor-version":[{"id":15736,"href":"https:\/\/expresionesguerrero.com.mx\/expresioneswp\/index.php?rest_route=\/wp\/v2\/posts\/15734\/revisions\/15736"}],"wp:featuredmedia":[{"embeddable":true,"href":"https:\/\/expresionesguerrero.com.mx\/expresioneswp\/index.php?rest_route=\/wp\/v2\/media\/15735"}],"wp:attachment":[{"href":"https:\/\/expresionesguerrero.com.mx\/expresioneswp\/index.php?rest_route=%2Fwp%2Fv2%2Fmedia&parent=15734"}],"wp:term":[{"taxonomy":"category","embeddable":true,"href":"https:\/\/expresionesguerrero.com.mx\/expresioneswp\/index.php?rest_route=%2Fwp%2Fv2%2Fcategories&post=15734"},{"taxonomy":"post_tag","embeddable":true,"href":"https:\/\/expresionesguerrero.com.mx\/expresioneswp\/index.php?rest_route=%2Fwp%2Fv2%2Ftags&post=15734"}],"curies":[{"name":"wp","href":"https:\/\/api.w.org\/{rel}","templated":true}]}}