{"id":15726,"date":"2026-09-06T10:22:33","date_gmt":"2026-09-06T15:22:33","guid":{"rendered":"https:\/\/expresionesguerrero.com.mx\/expresioneswp\/?p=15726"},"modified":"2026-09-06T10:22:38","modified_gmt":"2026-09-06T15:22:38","slug":"vive-jornada-violenta-en-guerrero-con-8-muertos","status":"publish","type":"post","link":"https:\/\/expresionesguerrero.com.mx\/expresioneswp\/?p=15726","title":{"rendered":"Vive jornada violenta en Guerrero con 8 muertos"},"content":{"rendered":"\n<p class=\"wp-block-paragraph\">De acuerdo con datos de la Fiscal\u00eda estatal y publicaciones de diversos medios de comunicaci\u00f3n, Guerrero vivi\u00f3 este s\u00e1bado una jornada violenta con ocho asesinatos registrados, entre ellos un exalcalde y actual subdirector de seguridad p\u00fablica, un polic\u00eda municipal y un guardia nacional en Acapulco, Juan R. Escudero y La Uni\u00f3n de Isidoro Montes de Oca.<\/p>\n\n\n\n<p class=\"wp-block-paragraph\">La cronolog\u00eda violenta indica que, en Acapulco, en los primeros minutos del s\u00e1bado, fue hallado un hombre con un torniquete en el cuello y con huellas de tortura. El hallazgo ocurri\u00f3 al filo de la medianoche en la calle Gladiolas, en el Sector 6 de la colonia Graciano S\u00e1nchez.<\/p>\n\n\n\n<p class=\"wp-block-paragraph\">El reporte policiaco indica que el cad\u00e1ver fue arrojado por hombres armados que viajaban a bordo de una motocicleta.<\/p>\n\n\n\n<figure class=\"wp-block-image size-large\"><img loading=\"lazy\" decoding=\"async\" width=\"1024\" height=\"683\" src=\"https:\/\/expresionesguerrero.com.mx\/expresioneswp\/wp-content\/uploads\/2026\/09\/violencia1-1024x683.jpg\" alt=\"\" class=\"wp-image-15728\" srcset=\"https:\/\/expresionesguerrero.com.mx\/expresioneswp\/wp-content\/uploads\/2026\/09\/violencia1-1024x683.jpg 1024w, https:\/\/expresionesguerrero.com.mx\/expresioneswp\/wp-content\/uploads\/2026\/09\/violencia1-300x200.jpg 300w, https:\/\/expresionesguerrero.com.mx\/expresioneswp\/wp-content\/uploads\/2026\/09\/violencia1-768x512.jpg 768w, https:\/\/expresionesguerrero.com.mx\/expresioneswp\/wp-content\/uploads\/2026\/09\/violencia1.jpg 1200w\" sizes=\"auto, (max-width: 1024px) 100vw, 1024px\" \/><\/figure>\n\n\n\n<p class=\"wp-block-paragraph\">Horas m\u00e1s tarde, a las 7 de la ma\u00f1ana, en la unidad habitacional San Agust\u00edn, en la periferia de Acapulco, hombres armados atacaron un sitio de camionetas colectivas Urvan, ubicado cerca del hospital general de El Quemado.<\/p>\n\n\n\n<p class=\"wp-block-paragraph\">En el lugar donde se registr\u00f3 el ataque qued\u00f3 muerto un hombre y otro qued\u00f3 herido.<\/p>\n\n\n\n<p class=\"wp-block-paragraph\">El reporte indica que familiares de las v\u00edctimas se llevaron el cad\u00e1ver y el herido fue trasladado al hospital en una camioneta del transporte p\u00fablico.<\/p>\n\n\n\n<figure class=\"wp-block-image size-large\"><img loading=\"lazy\" decoding=\"async\" width=\"1024\" height=\"683\" src=\"https:\/\/expresionesguerrero.com.mx\/expresioneswp\/wp-content\/uploads\/2026\/09\/violencia-1024x683.jpg\" alt=\"\" class=\"wp-image-15727\" srcset=\"https:\/\/expresionesguerrero.com.mx\/expresioneswp\/wp-content\/uploads\/2026\/09\/violencia-1024x683.jpg 1024w, https:\/\/expresionesguerrero.com.mx\/expresioneswp\/wp-content\/uploads\/2026\/09\/violencia-300x200.jpg 300w, https:\/\/expresionesguerrero.com.mx\/expresioneswp\/wp-content\/uploads\/2026\/09\/violencia-768x512.jpg 768w, https:\/\/expresionesguerrero.com.mx\/expresioneswp\/wp-content\/uploads\/2026\/09\/violencia.jpg 1200w\" sizes=\"auto, (max-width: 1024px) 100vw, 1024px\" \/><\/figure>\n\n\n\n<p class=\"wp-block-paragraph\">M\u00e1s tarde, alrededor de las ocho de la ma\u00f1ana, fueron hallados tres cad\u00e1veres desmembrados que hab\u00edan sido arrojados sobre la orilla de la carretera federal 96 M\u00e9xico-Acapulco, en la salida de la comunidad Plan de Lima, en el municipio de Juan R- Escudero.<\/p>\n\n\n\n<p class=\"wp-block-paragraph\">A trav\u00e9s de un comunicado, la Fiscal\u00eda General del Estado confirm\u00f3 que uno de los tres cad\u00e1veres era de un miembro de la Guardia Nacional. Aunque no lo dijo textualmente, la instituci\u00f3n que el asesinato del elemento federal pudo ser parte de una respuesta de las organizaciones criminales ante sus operaciones.<\/p>\n\n\n\n<p class=\"wp-block-paragraph\">\u201cEn las \u00faltimas semanas, la Fiscal\u00eda General del Estado de Guerrero, en coordinaci\u00f3n con personal del Ej\u00e9rcito Mexicano, Guardia Nacional y Polic\u00eda Estatal, ha intensificado las labores de investigaci\u00f3n, inteligencia y an\u00e1lisis criminal, as\u00ed como las acciones interinstitucionales en las regiones Monta\u00f1a, Acapulco y Centro, logrando detenciones y otros resultados que han generado presi\u00f3n sobre estructuras criminales y afectado su capacidad de operaci\u00f3n\u201d.<\/p>\n\n\n\n<p class=\"wp-block-paragraph\">Por la ma\u00f1ana, en redes sociales, circul\u00f3 ampliamente un video donde un joven que se identific\u00f3 como integrante de la Guardia Nacional acus\u00f3 a mandos de esa corporaci\u00f3n de proteger a la organizaci\u00f3n criminal Los Tlacos y hacer operaciones contra Los Ardillos.<\/p>\n\n\n\n<figure class=\"wp-block-image size-large\"><img loading=\"lazy\" decoding=\"async\" width=\"1024\" height=\"683\" src=\"https:\/\/expresionesguerrero.com.mx\/expresioneswp\/wp-content\/uploads\/2026\/09\/cuerpos1-1-1024x683.jpeg\" alt=\"\" class=\"wp-image-15731\" srcset=\"https:\/\/expresionesguerrero.com.mx\/expresioneswp\/wp-content\/uploads\/2026\/09\/cuerpos1-1-1024x683.jpeg 1024w, https:\/\/expresionesguerrero.com.mx\/expresioneswp\/wp-content\/uploads\/2026\/09\/cuerpos1-1-300x200.jpeg 300w, https:\/\/expresionesguerrero.com.mx\/expresioneswp\/wp-content\/uploads\/2026\/09\/cuerpos1-1-768x512.jpeg 768w, https:\/\/expresionesguerrero.com.mx\/expresioneswp\/wp-content\/uploads\/2026\/09\/cuerpos1-1.jpeg 1200w\" sizes=\"auto, (max-width: 1024px) 100vw, 1024px\" \/><\/figure>\n\n\n\n<p class=\"wp-block-paragraph\">En el municipio de La Uni\u00f3n, en la regi\u00f3n de la Costa Grande de Guerrero, fue encontrado un cad\u00e1ver calcinado dentro de un veh\u00edculo sobre la carretera federal Acapulco-Zihuatanejo.<\/p>\n\n\n\n<p class=\"wp-block-paragraph\">El hallazgo ocurri\u00f3 a las 9 de la ma\u00f1ana.<\/p>\n\n\n\n<p class=\"wp-block-paragraph\">M\u00e1s tarde, alrededor de las ocho de la noche del s\u00e1bado, el subdirector de Seguridad P\u00fablica del municipio dela Uni\u00f3n de Isidoro Montes de Oca y otro polic\u00eda, fueron emboscados registrada sobre la carretera federal Zihuatanejo-L\u00e1zaro C\u00e1rdenas, cerca de la comunidad de La Paz, mientras un tercer elemento que viajaba con ellos result\u00f3 herido.<\/p>\n\n\n\n<p class=\"wp-block-paragraph\">Las v\u00edctimas fueron identificadas como Gilberto Dorantes Basurto, quien se desempe\u00f1aba como subdirector de Seguridad P\u00fablica municipal y anteriormente fue presidente municipal de Coahuayutla, as\u00ed como el polic\u00eda Silvano Pe\u00f1aloza Pe\u00f1aloza. Ambos viajaban en una camioneta oficial de la corporaci\u00f3n.<\/p>\n\n\n\n<figure class=\"wp-block-image size-large\"><img loading=\"lazy\" decoding=\"async\" width=\"1024\" height=\"683\" src=\"https:\/\/expresionesguerrero.com.mx\/expresioneswp\/wp-content\/uploads\/2026\/09\/violencia4-1024x683.jpeg\" alt=\"\" class=\"wp-image-15729\" srcset=\"https:\/\/expresionesguerrero.com.mx\/expresioneswp\/wp-content\/uploads\/2026\/09\/violencia4-1024x683.jpeg 1024w, https:\/\/expresionesguerrero.com.mx\/expresioneswp\/wp-content\/uploads\/2026\/09\/violencia4-300x200.jpeg 300w, https:\/\/expresionesguerrero.com.mx\/expresioneswp\/wp-content\/uploads\/2026\/09\/violencia4-768x512.jpeg 768w, https:\/\/expresionesguerrero.com.mx\/expresioneswp\/wp-content\/uploads\/2026\/09\/violencia4.jpeg 1200w\" sizes=\"auto, (max-width: 1024px) 100vw, 1024px\" \/><\/figure>\n\n\n\n<p class=\"wp-block-paragraph\">De acuerdo con informaci\u00f3n extraoficial, se dirig\u00edan hacia la comunidad de Petacalco cuando fueron atacados por personas armadas. Tras la agresi\u00f3n, la unidad policial qued\u00f3 detenida sobre el tramo carretero. Los dos servidores p\u00fablicos recibieron m\u00faltiples impactos de arma de fuego y murieron en el lugar, mientras otro elemento que los acompa\u00f1aba result\u00f3 lesionado.<\/p>\n\n\n\n<p class=\"wp-block-paragraph\">Hasta el momento no se ha informado oficialmente sobre la identidad del polic\u00eda herido ni la gravedad de las lesiones que presenta. <\/p>\n\n\n\n<p class=\"wp-block-paragraph\">Corporaciones de seguridad acudieron a la zona despu\u00e9s de recibir el reporte y establecieron un per\u00edmetro para preservar los indicios encontrados en el lugar. Personal ministerial y peritos realizaron las diligencias correspondientes para integrar la carpeta de investigaci\u00f3n y posteriormente ordenar el traslado de los cuerpos al Servicio M\u00e9dico Forense.<\/p>\n\n\n\n<p class=\"wp-block-paragraph\">Hasta las primeras horas de este domingo se desconoc\u00eda el m\u00f3vil de la agresi\u00f3n y no exist\u00eda informaci\u00f3n oficial sobre personas detenidas.<\/p>\n\n\n\n<p class=\"wp-block-paragraph\">Dorantes Basurto fue dirigente del Partido de la Revoluci\u00f3n Democr\u00e1tica (PRD), en el municipio de Coahuayutla y candidato del partido del Sol Azteca, a la presidencia municipal en las pasadas elecciones de 2024.<\/p>\n","protected":false},"excerpt":{"rendered":"<p>De acuerdo con datos de la Fiscal\u00eda estatal y publicaciones de diversos medios de comunicaci\u00f3n, Guerrero vivi\u00f3 este s\u00e1bado una<\/p>\n","protected":false},"author":1,"featured_media":15730,"comment_status":"open","ping_status":"open","sticky":false,"template":"","format":"standard","meta":{"colormag_page_container_layout":"default_layout","colormag_page_sidebar_layout":"default_layout","footnotes":""},"categories":[6],"tags":[2455],"class_list":["post-15726","post","type-post","status-publish","format-standard","has-post-thumbnail","hentry","category-guerrero","tag-vive-jornada-violenta-en-guerrero-con-8-muertos"],"yoast_head":"<!-- This site is optimized with the Yoast SEO plugin v28.4 - https:\/\/yoast.com\/product\/yoast-seo-wordpress\/ -->\n<title>Vive jornada violenta en Guerrero con 8 muertos - Expresiones Guerrero<\/title>\n<meta name=\"description\" content=\"Vive jornada violenta en Guerrero con 8 muertos Guerrero\" \/>\n<meta name=\"robots\" content=\"index, follow, max-snippet:-1, max-image-preview:large, max-video-preview:-1\" \/>\n<link rel=\"canonical\" href=\"https:\/\/expresionesguerrero.com.mx\/expresioneswp\/?p=15726\" \/>\n<meta property=\"og:locale\" content=\"es_ES\" \/>\n<meta property=\"og:type\" content=\"article\" \/>\n<meta property=\"og:title\" content=\"Vive jornada violenta en Guerrero con 8 muertos - Expresiones Guerrero\" \/>\n<meta property=\"og:description\" content=\"Vive jornada violenta en Guerrero con 8 muertos Guerrero\" \/>\n<meta property=\"og:url\" content=\"https:\/\/expresionesguerrero.com.mx\/expresioneswp\/?p=15726\" \/>\n<meta property=\"og:site_name\" content=\"Expresiones Guerrero\" \/>\n<meta property=\"article:published_time\" content=\"2026-09-06T15:22:33+00:00\" \/>\n<meta property=\"article:modified_time\" content=\"2026-09-06T15:22:38+00:00\" \/>\n<meta property=\"og:image\" content=\"https:\/\/expresionesguerrero.com.mx\/expresioneswp\/wp-content\/uploads\/2026\/09\/violencia5.jpg\" \/>\n\t<meta property=\"og:image:width\" content=\"1200\" \/>\n\t<meta property=\"og:image:height\" content=\"800\" \/>\n\t<meta property=\"og:image:type\" content=\"image\/jpeg\" \/>\n<meta name=\"author\" content=\"Redacci\u00f3n\" \/>\n<meta name=\"twitter:card\" content=\"summary_large_image\" \/>\n<meta name=\"twitter:label1\" content=\"Escrito por\" \/>\n\t<meta name=\"twitter:data1\" content=\"Redacci\u00f3n\" \/>\n\t<meta name=\"twitter:label2\" content=\"Tiempo de lectura\" \/>\n\t<meta name=\"twitter:data2\" content=\"5 minutos\" \/>\n<script type=\"application\/ld+json\" class=\"yoast-schema-graph\">{\"@context\":\"https:\\\/\\\/schema.org\",\"@graph\":[{\"@type\":\"NewsArticle\",\"@id\":\"https:\\\/\\\/expresionesguerrero.com.mx\\\/expresioneswp\\\/?p=15726#article\",\"isPartOf\":{\"@id\":\"https:\\\/\\\/expresionesguerrero.com.mx\\\/expresioneswp\\\/?p=15726\"},\"author\":{\"name\":\"Redacci\u00f3n\",\"@id\":\"https:\\\/\\\/expresionesguerrero.com.mx\\\/expresioneswp\\\/#\\\/schema\\\/person\\\/b8a75dd4eb4a910b255423cf852fa057\"},\"headline\":\"Vive jornada violenta en Guerrero con 8 muertos\",\"datePublished\":\"2026-09-06T15:22:33+00:00\",\"dateModified\":\"2026-09-06T15:22:38+00:00\",\"mainEntityOfPage\":{\"@id\":\"https:\\\/\\\/expresionesguerrero.com.mx\\\/expresioneswp\\\/?p=15726\"},\"wordCount\":790,\"commentCount\":0,\"publisher\":{\"@id\":\"https:\\\/\\\/expresionesguerrero.com.mx\\\/expresioneswp\\\/#organization\"},\"image\":{\"@id\":\"https:\\\/\\\/expresionesguerrero.com.mx\\\/expresioneswp\\\/?p=15726#primaryimage\"},\"thumbnailUrl\":\"https:\\\/\\\/expresionesguerrero.com.mx\\\/expresioneswp\\\/wp-content\\\/uploads\\\/2026\\\/09\\\/violencia5.jpg\",\"keywords\":[\"Vive jornada violenta en Guerrero con 8 muertos\"],\"articleSection\":[\"Guerrero\"],\"inLanguage\":\"es\",\"potentialAction\":[{\"@type\":\"CommentAction\",\"name\":\"Comment\",\"target\":[\"https:\\\/\\\/expresionesguerrero.com.mx\\\/expresioneswp\\\/?p=15726#respond\"]}]},{\"@type\":\"WebPage\",\"@id\":\"https:\\\/\\\/expresionesguerrero.com.mx\\\/expresioneswp\\\/?p=15726\",\"url\":\"https:\\\/\\\/expresionesguerrero.com.mx\\\/expresioneswp\\\/?p=15726\",\"name\":\"Vive jornada violenta en Guerrero con 8 muertos - Expresiones Guerrero\",\"isPartOf\":{\"@id\":\"https:\\\/\\\/expresionesguerrero.com.mx\\\/expresioneswp\\\/#website\"},\"primaryImageOfPage\":{\"@id\":\"https:\\\/\\\/expresionesguerrero.com.mx\\\/expresioneswp\\\/?p=15726#primaryimage\"},\"image\":{\"@id\":\"https:\\\/\\\/expresionesguerrero.com.mx\\\/expresioneswp\\\/?p=15726#primaryimage\"},\"thumbnailUrl\":\"https:\\\/\\\/expresionesguerrero.com.mx\\\/expresioneswp\\\/wp-content\\\/uploads\\\/2026\\\/09\\\/violencia5.jpg\",\"datePublished\":\"2026-09-06T15:22:33+00:00\",\"dateModified\":\"2026-09-06T15:22:38+00:00\",\"description\":\"Vive jornada violenta en Guerrero con 8 muertos Guerrero\",\"breadcrumb\":{\"@id\":\"https:\\\/\\\/expresionesguerrero.com.mx\\\/expresioneswp\\\/?p=15726#breadcrumb\"},\"inLanguage\":\"es\",\"potentialAction\":[{\"@type\":\"ReadAction\",\"target\":[\"https:\\\/\\\/expresionesguerrero.com.mx\\\/expresioneswp\\\/?p=15726\"]}]},{\"@type\":\"ImageObject\",\"inLanguage\":\"es\",\"@id\":\"https:\\\/\\\/expresionesguerrero.com.mx\\\/expresioneswp\\\/?p=15726#primaryimage\",\"url\":\"https:\\\/\\\/expresionesguerrero.com.mx\\\/expresioneswp\\\/wp-content\\\/uploads\\\/2026\\\/09\\\/violencia5.jpg\",\"contentUrl\":\"https:\\\/\\\/expresionesguerrero.com.mx\\\/expresioneswp\\\/wp-content\\\/uploads\\\/2026\\\/09\\\/violencia5.jpg\",\"width\":1200,\"height\":800},{\"@type\":\"BreadcrumbList\",\"@id\":\"https:\\\/\\\/expresionesguerrero.com.mx\\\/expresioneswp\\\/?p=15726#breadcrumb\",\"itemListElement\":[{\"@type\":\"ListItem\",\"position\":1,\"name\":\"Portada\",\"item\":\"https:\\\/\\\/expresionesguerrero.com.mx\\\/expresioneswp\"},{\"@type\":\"ListItem\",\"position\":2,\"name\":\"Vive jornada violenta en Guerrero con 8 muertos\"}]},{\"@type\":\"WebSite\",\"@id\":\"https:\\\/\\\/expresionesguerrero.com.mx\\\/expresioneswp\\\/#website\",\"url\":\"https:\\\/\\\/expresionesguerrero.com.mx\\\/expresioneswp\\\/\",\"name\":\"Expresiones Guerrero\",\"description\":\"Periodismo Digital\",\"publisher\":{\"@id\":\"https:\\\/\\\/expresionesguerrero.com.mx\\\/expresioneswp\\\/#organization\"},\"potentialAction\":[{\"@type\":\"SearchAction\",\"target\":{\"@type\":\"EntryPoint\",\"urlTemplate\":\"https:\\\/\\\/expresionesguerrero.com.mx\\\/expresioneswp\\\/?s={search_term_string}\"},\"query-input\":{\"@type\":\"PropertyValueSpecification\",\"valueRequired\":true,\"valueName\":\"search_term_string\"}}],\"inLanguage\":\"es\"},{\"@type\":\"Organization\",\"@id\":\"https:\\\/\\\/expresionesguerrero.com.mx\\\/expresioneswp\\\/#organization\",\"name\":\"Expresiones Guerrero\",\"url\":\"https:\\\/\\\/expresionesguerrero.com.mx\\\/expresioneswp\\\/\",\"logo\":{\"@type\":\"ImageObject\",\"inLanguage\":\"es\",\"@id\":\"https:\\\/\\\/expresionesguerrero.com.mx\\\/expresioneswp\\\/#\\\/schema\\\/logo\\\/image\\\/\",\"url\":\"https:\\\/\\\/expresionesguerrero.com.mx\\\/expresioneswp\\\/wp-content\\\/uploads\\\/2021\\\/05\\\/cropped-logotipo-expresiones1-1.jpg\",\"contentUrl\":\"https:\\\/\\\/expresionesguerrero.com.mx\\\/expresioneswp\\\/wp-content\\\/uploads\\\/2021\\\/05\\\/cropped-logotipo-expresiones1-1.jpg\",\"width\":512,\"height\":512,\"caption\":\"Expresiones Guerrero\"},\"image\":{\"@id\":\"https:\\\/\\\/expresionesguerrero.com.mx\\\/expresioneswp\\\/#\\\/schema\\\/logo\\\/image\\\/\"}},{\"@type\":\"Person\",\"@id\":\"https:\\\/\\\/expresionesguerrero.com.mx\\\/expresioneswp\\\/#\\\/schema\\\/person\\\/b8a75dd4eb4a910b255423cf852fa057\",\"name\":\"Redacci\u00f3n\",\"image\":{\"@type\":\"ImageObject\",\"inLanguage\":\"es\",\"@id\":\"https:\\\/\\\/secure.gravatar.com\\\/avatar\\\/1f40520a5813d57bbf3ac6e35ab581cc8b1db7caf6e072e5bafff82efd93b02a?s=96&d=mm&r=g\",\"url\":\"https:\\\/\\\/secure.gravatar.com\\\/avatar\\\/1f40520a5813d57bbf3ac6e35ab581cc8b1db7caf6e072e5bafff82efd93b02a?s=96&d=mm&r=g\",\"contentUrl\":\"https:\\\/\\\/secure.gravatar.com\\\/avatar\\\/1f40520a5813d57bbf3ac6e35ab581cc8b1db7caf6e072e5bafff82efd93b02a?s=96&d=mm&r=g\",\"caption\":\"Redacci\u00f3n\"},\"sameAs\":[\"http:\\\/\\\/expresionesguerrero.com.mx\\\/expresioneswp\"],\"url\":\"https:\\\/\\\/expresionesguerrero.com.mx\\\/expresioneswp\\\/?author=1\"}]}<\/script>\n<!-- \/ Yoast SEO plugin. -->","yoast_head_json":{"title":"Vive jornada violenta en Guerrero con 8 muertos - Expresiones Guerrero","description":"Vive jornada violenta en Guerrero con 8 muertos Guerrero","robots":{"index":"index","follow":"follow","max-snippet":"max-snippet:-1","max-image-preview":"max-image-preview:large","max-video-preview":"max-video-preview:-1"},"canonical":"https:\/\/expresionesguerrero.com.mx\/expresioneswp\/?p=15726","og_locale":"es_ES","og_type":"article","og_title":"Vive jornada violenta en Guerrero con 8 muertos - Expresiones Guerrero","og_description":"Vive jornada violenta en Guerrero con 8 muertos Guerrero","og_url":"https:\/\/expresionesguerrero.com.mx\/expresioneswp\/?p=15726","og_site_name":"Expresiones Guerrero","article_published_time":"2026-09-06T15:22:33+00:00","article_modified_time":"2026-09-06T15:22:38+00:00","og_image":[{"width":1200,"height":800,"url":"https:\/\/expresionesguerrero.com.mx\/expresioneswp\/wp-content\/uploads\/2026\/09\/violencia5.jpg","type":"image\/jpeg"}],"author":"Redacci\u00f3n","twitter_card":"summary_large_image","twitter_misc":{"Escrito por":"Redacci\u00f3n","Tiempo de lectura":"5 minutos"},"schema":{"@context":"https:\/\/schema.org","@graph":[{"@type":"NewsArticle","@id":"https:\/\/expresionesguerrero.com.mx\/expresioneswp\/?p=15726#article","isPartOf":{"@id":"https:\/\/expresionesguerrero.com.mx\/expresioneswp\/?p=15726"},"author":{"name":"Redacci\u00f3n","@id":"https:\/\/expresionesguerrero.com.mx\/expresioneswp\/#\/schema\/person\/b8a75dd4eb4a910b255423cf852fa057"},"headline":"Vive jornada violenta en Guerrero con 8 muertos","datePublished":"2026-09-06T15:22:33+00:00","dateModified":"2026-09-06T15:22:38+00:00","mainEntityOfPage":{"@id":"https:\/\/expresionesguerrero.com.mx\/expresioneswp\/?p=15726"},"wordCount":790,"commentCount":0,"publisher":{"@id":"https:\/\/expresionesguerrero.com.mx\/expresioneswp\/#organization"},"image":{"@id":"https:\/\/expresionesguerrero.com.mx\/expresioneswp\/?p=15726#primaryimage"},"thumbnailUrl":"https:\/\/expresionesguerrero.com.mx\/expresioneswp\/wp-content\/uploads\/2026\/09\/violencia5.jpg","keywords":["Vive jornada violenta en Guerrero con 8 muertos"],"articleSection":["Guerrero"],"inLanguage":"es","potentialAction":[{"@type":"CommentAction","name":"Comment","target":["https:\/\/expresionesguerrero.com.mx\/expresioneswp\/?p=15726#respond"]}]},{"@type":"WebPage","@id":"https:\/\/expresionesguerrero.com.mx\/expresioneswp\/?p=15726","url":"https:\/\/expresionesguerrero.com.mx\/expresioneswp\/?p=15726","name":"Vive jornada violenta en Guerrero con 8 muertos - Expresiones Guerrero","isPartOf":{"@id":"https:\/\/expresionesguerrero.com.mx\/expresioneswp\/#website"},"primaryImageOfPage":{"@id":"https:\/\/expresionesguerrero.com.mx\/expresioneswp\/?p=15726#primaryimage"},"image":{"@id":"https:\/\/expresionesguerrero.com.mx\/expresioneswp\/?p=15726#primaryimage"},"thumbnailUrl":"https:\/\/expresionesguerrero.com.mx\/expresioneswp\/wp-content\/uploads\/2026\/09\/violencia5.jpg","datePublished":"2026-09-06T15:22:33+00:00","dateModified":"2026-09-06T15:22:38+00:00","description":"Vive jornada violenta en Guerrero con 8 muertos Guerrero","breadcrumb":{"@id":"https:\/\/expresionesguerrero.com.mx\/expresioneswp\/?p=15726#breadcrumb"},"inLanguage":"es","potentialAction":[{"@type":"ReadAction","target":["https:\/\/expresionesguerrero.com.mx\/expresioneswp\/?p=15726"]}]},{"@type":"ImageObject","inLanguage":"es","@id":"https:\/\/expresionesguerrero.com.mx\/expresioneswp\/?p=15726#primaryimage","url":"https:\/\/expresionesguerrero.com.mx\/expresioneswp\/wp-content\/uploads\/2026\/09\/violencia5.jpg","contentUrl":"https:\/\/expresionesguerrero.com.mx\/expresioneswp\/wp-content\/uploads\/2026\/09\/violencia5.jpg","width":1200,"height":800},{"@type":"BreadcrumbList","@id":"https:\/\/expresionesguerrero.com.mx\/expresioneswp\/?p=15726#breadcrumb","itemListElement":[{"@type":"ListItem","position":1,"name":"Portada","item":"https:\/\/expresionesguerrero.com.mx\/expresioneswp"},{"@type":"ListItem","position":2,"name":"Vive jornada violenta en Guerrero con 8 muertos"}]},{"@type":"WebSite","@id":"https:\/\/expresionesguerrero.com.mx\/expresioneswp\/#website","url":"https:\/\/expresionesguerrero.com.mx\/expresioneswp\/","name":"Expresiones Guerrero","description":"Periodismo Digital","publisher":{"@id":"https:\/\/expresionesguerrero.com.mx\/expresioneswp\/#organization"},"potentialAction":[{"@type":"SearchAction","target":{"@type":"EntryPoint","urlTemplate":"https:\/\/expresionesguerrero.com.mx\/expresioneswp\/?s={search_term_string}"},"query-input":{"@type":"PropertyValueSpecification","valueRequired":true,"valueName":"search_term_string"}}],"inLanguage":"es"},{"@type":"Organization","@id":"https:\/\/expresionesguerrero.com.mx\/expresioneswp\/#organization","name":"Expresiones Guerrero","url":"https:\/\/expresionesguerrero.com.mx\/expresioneswp\/","logo":{"@type":"ImageObject","inLanguage":"es","@id":"https:\/\/expresionesguerrero.com.mx\/expresioneswp\/#\/schema\/logo\/image\/","url":"https:\/\/expresionesguerrero.com.mx\/expresioneswp\/wp-content\/uploads\/2021\/05\/cropped-logotipo-expresiones1-1.jpg","contentUrl":"https:\/\/expresionesguerrero.com.mx\/expresioneswp\/wp-content\/uploads\/2021\/05\/cropped-logotipo-expresiones1-1.jpg","width":512,"height":512,"caption":"Expresiones Guerrero"},"image":{"@id":"https:\/\/expresionesguerrero.com.mx\/expresioneswp\/#\/schema\/logo\/image\/"}},{"@type":"Person","@id":"https:\/\/expresionesguerrero.com.mx\/expresioneswp\/#\/schema\/person\/b8a75dd4eb4a910b255423cf852fa057","name":"Redacci\u00f3n","image":{"@type":"ImageObject","inLanguage":"es","@id":"https:\/\/secure.gravatar.com\/avatar\/1f40520a5813d57bbf3ac6e35ab581cc8b1db7caf6e072e5bafff82efd93b02a?s=96&d=mm&r=g","url":"https:\/\/secure.gravatar.com\/avatar\/1f40520a5813d57bbf3ac6e35ab581cc8b1db7caf6e072e5bafff82efd93b02a?s=96&d=mm&r=g","contentUrl":"https:\/\/secure.gravatar.com\/avatar\/1f40520a5813d57bbf3ac6e35ab581cc8b1db7caf6e072e5bafff82efd93b02a?s=96&d=mm&r=g","caption":"Redacci\u00f3n"},"sameAs":["http:\/\/expresionesguerrero.com.mx\/expresioneswp"],"url":"https:\/\/expresionesguerrero.com.mx\/expresioneswp\/?author=1"}]}},"_links":{"self":[{"href":"https:\/\/expresionesguerrero.com.mx\/expresioneswp\/index.php?rest_route=\/wp\/v2\/posts\/15726","targetHints":{"allow":["GET"]}}],"collection":[{"href":"https:\/\/expresionesguerrero.com.mx\/expresioneswp\/index.php?rest_route=\/wp\/v2\/posts"}],"about":[{"href":"https:\/\/expresionesguerrero.com.mx\/expresioneswp\/index.php?rest_route=\/wp\/v2\/types\/post"}],"author":[{"embeddable":true,"href":"https:\/\/expresionesguerrero.com.mx\/expresioneswp\/index.php?rest_route=\/wp\/v2\/users\/1"}],"replies":[{"embeddable":true,"href":"https:\/\/expresionesguerrero.com.mx\/expresioneswp\/index.php?rest_route=%2Fwp%2Fv2%2Fcomments&post=15726"}],"version-history":[{"count":1,"href":"https:\/\/expresionesguerrero.com.mx\/expresioneswp\/index.php?rest_route=\/wp\/v2\/posts\/15726\/revisions"}],"predecessor-version":[{"id":15732,"href":"https:\/\/expresionesguerrero.com.mx\/expresioneswp\/index.php?rest_route=\/wp\/v2\/posts\/15726\/revisions\/15732"}],"wp:featuredmedia":[{"embeddable":true,"href":"https:\/\/expresionesguerrero.com.mx\/expresioneswp\/index.php?rest_route=\/wp\/v2\/media\/15730"}],"wp:attachment":[{"href":"https:\/\/expresionesguerrero.com.mx\/expresioneswp\/index.php?rest_route=%2Fwp%2Fv2%2Fmedia&parent=15726"}],"wp:term":[{"taxonomy":"category","embeddable":true,"href":"https:\/\/expresionesguerrero.com.mx\/expresioneswp\/index.php?rest_route=%2Fwp%2Fv2%2Fcategories&post=15726"},{"taxonomy":"post_tag","embeddable":true,"href":"https:\/\/expresionesguerrero.com.mx\/expresioneswp\/index.php?rest_route=%2Fwp%2Fv2%2Ftags&post=15726"}],"curies":[{"name":"wp","href":"https:\/\/api.w.org\/{rel}","templated":true}]}}