{"id":15717,"date":"2026-09-05T23:58:54","date_gmt":"2026-09-06T04:58:54","guid":{"rendered":"https:\/\/expresionesguerrero.com.mx\/expresioneswp\/?p=15717"},"modified":"2026-09-05T23:58:59","modified_gmt":"2026-09-06T04:58:59","slug":"dejan-en-carretera-3-cuerpos-descuartizados-fiscalia-guerrero","status":"publish","type":"post","link":"https:\/\/expresionesguerrero.com.mx\/expresioneswp\/?p=15717","title":{"rendered":"Dejan en carretera 3 cuerpos descuartizados: Fiscal\u00eda- Guerrero"},"content":{"rendered":"\n<p class=\"wp-block-paragraph\">La Fiscal\u00eda de Guerrero inform\u00f3 que tres cuerpos desmembrados fueron abandonados, dentro de bolsas negras y costalillas a un costado de la carretera federal 95 M\u00e9xico-Acapulco. Uno de ellos era un efectivo de la Guardia Nacional que horas antes hab\u00eda sido videograbado y fue subido a redes sociales.<\/p>\n\n\n\n<p class=\"wp-block-paragraph\">El hallazgo fue reportado alrededor de las 8:10 horas, sobre el kil\u00f3metro 67+000, a la altura del poblado de Plan de Lima, en el punto conocido como el viejo basurero, en el municipio de Juan R. Escudero.<\/p>\n\n\n\n<p class=\"wp-block-paragraph\">De acuerdo con fuentes de seguridad, se trata de tres cuerpos del sexo masculino que fueron desmembrados de manera articulada y dos de ellos permanec\u00edan hasta la tarde-noche en calidad de desconocidos.<\/p>\n\n\n\n<p class=\"wp-block-paragraph\">Tras el reporte a los n\u00fameros de emergencia, personal de la Fiscal\u00eda General del Estado se traslad\u00f3 al sitio para realizar las diligencias de ley, siendo aseguradas en el lugar dos cartulinas blancas con mensaje en el que mencionan a mandos de la Guardia Nacional.<\/p>\n\n\n\n<p class=\"wp-block-paragraph\">Los restos fueron trasladados a las instalaciones del Servicio M\u00e9dico Forense para los estudios de ley, mientras la Fiscal\u00eda General del Estado inici\u00f3 las investigaciones correspondientes.<\/p>\n\n\n\n<p class=\"wp-block-paragraph\">En un comunicado, la Fiscal\u00eda guerrerense confirm\u00f3 el hallazgo de tres cuerpos desmembrados y a\u00f1adi\u00f3 que uno de ellos era un efectivo de la Guardia Nacional por lo que hab\u00eda iniciado las correspondientes indagatorias para esclarecer los hechos, identificar a los responsables y llevarlos ante la justicia.<\/p>\n\n\n\n<p class=\"wp-block-paragraph\">La instituci\u00f3n a\u00f1adi\u00f3 que en las \u00faltimas semanas, la FGE de Guerrero, en coordinaci\u00f3n con personal del Ej\u00e9rcito Mexicano, Guardia Nacional y Polic\u00eda Estatal, ha intensificado las labores de investigaci\u00f3n, inteligencia y an\u00e1lisis criminal, as\u00ed como las acciones interinstitucionales en las regiones Monta\u00f1a, Acapulco y Centro.<\/p>\n\n\n\n<p class=\"wp-block-paragraph\">Estableci\u00f3 en su informaci\u00f3n oficial que se han logrado detenciones y otros resultados que han generado presi\u00f3n sobre estructuras criminales y se ha afectado su capacidad de operaci\u00f3n.<\/p>\n\n\n\n<p class=\"wp-block-paragraph\">Personal de la Polic\u00eda Investigadora Ministerial y Servicios Periciales desarrolla los actos de investigaci\u00f3n correspondientes para establecer las circunstancias de los hechos y obtener los datos de prueba que permitan identificar y localizar a quienes resulten responsables.<\/p>\n\n\n\n<p class=\"wp-block-paragraph\">Asimismo, esta instituci\u00f3n mantiene las investigaciones relacionadas con la privaci\u00f3n de la libertad de un integrante de la Guardia Nacional, quien fue obligado a realizar declaraciones relacionadas con los operativos y acciones de seguridad implementados en la entidad.<\/p>\n\n\n\n<p class=\"wp-block-paragraph\">Ante estos acontecimientos, la Fiscal\u00eda continuar\u00e1 fortaleciendo las investigaciones y mantendr\u00e1 la coordinaci\u00f3n con el Ej\u00e9rcito Mexicano, Guardia Nacional y Polic\u00eda Estatal, a fin de desarrollar las diligencias ministeriales necesarias y llevar ante la autoridad judicial a quienes resulten responsables.<\/p>\n\n\n\n<p class=\"wp-block-paragraph\">Finalmente, la Fiscal\u00eda de Guerrero refrend\u00f3 su compromiso de continuar investigando los hechos que se registren en la entidad, con estricto apego a la ley, hasta lograr su esclarecimiento y procurar justicia para las v\u00edctimas.<\/p>\n\n\n\n<p class=\"wp-block-paragraph\">En un video que circul\u00f3 en redes sociales, el guardia nacional Eduardo Bustos P\u00e9rez, perteneciente a la 37 coordinaci\u00f3n de Iguala y comisionado en el Parque Nacional El Ocotito, acus\u00f3 que personal de mando de la Guardia Nacional obedecen \u00f3rdenes del grupo delictivo Los Tlacos que opera en la zona centro del Estado.<\/p>\n\n\n\n<p class=\"wp-block-paragraph\">El soldado, elemento de la Guardia Nacional, fue interrogado por grupo armado y habr\u00eda sido privado de la libertad por integrantes del grupo delictivo de Los Ardillos.<\/p>\n\n\n\n<p class=\"wp-block-paragraph\">Durante el interrogatorio, el joven realiza diversas declaraciones en las que se\u00f1ala presuntos actos de corrupci\u00f3n y posibles v\u00ednculos de algunos mandos de la Guardia Nacional con el grupo delictivo de \u00abLos Tlacos\u00bb que mantienen una disputa por el control territorial en la regi\u00f3n Centro de Guerrero.<\/p>\n","protected":false},"excerpt":{"rendered":"<p>La Fiscal\u00eda de Guerrero inform\u00f3 que tres cuerpos desmembrados fueron abandonados, dentro de bolsas negras y costalillas a un costado<\/p>\n","protected":false},"author":1,"featured_media":15718,"comment_status":"open","ping_status":"open","sticky":false,"template":"","format":"standard","meta":{"colormag_page_container_layout":"default_layout","colormag_page_sidebar_layout":"default_layout","footnotes":""},"categories":[6],"tags":[2452],"class_list":["post-15717","post","type-post","status-publish","format-standard","has-post-thumbnail","hentry","category-guerrero","tag-dejan-en-carretera-3-cuerpos-descuartizados-fiscalia-guerrero"],"yoast_head":"<!-- This site is optimized with the Yoast SEO plugin v28.4 - https:\/\/yoast.com\/product\/yoast-seo-wordpress\/ -->\n<title>Dejan en carretera 3 cuerpos descuartizados: Fiscal\u00eda- Guerrero - Expresiones Guerrero<\/title>\n<meta name=\"description\" content=\"Dejan en carretera 3 cuerpos descuartizados: Fiscal\u00eda- Guerrero Guerrero\" \/>\n<meta name=\"robots\" content=\"index, follow, max-snippet:-1, max-image-preview:large, max-video-preview:-1\" \/>\n<link rel=\"canonical\" href=\"https:\/\/expresionesguerrero.com.mx\/expresioneswp\/?p=15717\" \/>\n<meta property=\"og:locale\" content=\"es_ES\" \/>\n<meta property=\"og:type\" content=\"article\" \/>\n<meta property=\"og:title\" content=\"Dejan en carretera 3 cuerpos descuartizados: Fiscal\u00eda- Guerrero - Expresiones Guerrero\" \/>\n<meta property=\"og:description\" content=\"Dejan en carretera 3 cuerpos descuartizados: Fiscal\u00eda- Guerrero Guerrero\" \/>\n<meta property=\"og:url\" content=\"https:\/\/expresionesguerrero.com.mx\/expresioneswp\/?p=15717\" \/>\n<meta property=\"og:site_name\" content=\"Expresiones Guerrero\" \/>\n<meta property=\"article:published_time\" content=\"2026-09-06T04:58:54+00:00\" \/>\n<meta property=\"article:modified_time\" content=\"2026-09-06T04:58:59+00:00\" \/>\n<meta property=\"og:image\" content=\"https:\/\/expresionesguerrero.com.mx\/expresioneswp\/wp-content\/uploads\/2026\/09\/cuerpos1.jpeg\" \/>\n\t<meta property=\"og:image:width\" content=\"1200\" \/>\n\t<meta property=\"og:image:height\" content=\"800\" \/>\n\t<meta property=\"og:image:type\" content=\"image\/jpeg\" \/>\n<meta name=\"author\" content=\"Redacci\u00f3n\" \/>\n<meta name=\"twitter:card\" content=\"summary_large_image\" \/>\n<meta name=\"twitter:label1\" content=\"Escrito por\" \/>\n\t<meta name=\"twitter:data1\" content=\"Redacci\u00f3n\" \/>\n\t<meta name=\"twitter:label2\" content=\"Tiempo de lectura\" \/>\n\t<meta name=\"twitter:data2\" content=\"3 minutos\" \/>\n<script type=\"application\/ld+json\" class=\"yoast-schema-graph\">{\"@context\":\"https:\\\/\\\/schema.org\",\"@graph\":[{\"@type\":\"NewsArticle\",\"@id\":\"https:\\\/\\\/expresionesguerrero.com.mx\\\/expresioneswp\\\/?p=15717#article\",\"isPartOf\":{\"@id\":\"https:\\\/\\\/expresionesguerrero.com.mx\\\/expresioneswp\\\/?p=15717\"},\"author\":{\"name\":\"Redacci\u00f3n\",\"@id\":\"https:\\\/\\\/expresionesguerrero.com.mx\\\/expresioneswp\\\/#\\\/schema\\\/person\\\/b8a75dd4eb4a910b255423cf852fa057\"},\"headline\":\"Dejan en carretera 3 cuerpos descuartizados: Fiscal\u00eda- Guerrero\",\"datePublished\":\"2026-09-06T04:58:54+00:00\",\"dateModified\":\"2026-09-06T04:58:59+00:00\",\"mainEntityOfPage\":{\"@id\":\"https:\\\/\\\/expresionesguerrero.com.mx\\\/expresioneswp\\\/?p=15717\"},\"wordCount\":630,\"commentCount\":0,\"publisher\":{\"@id\":\"https:\\\/\\\/expresionesguerrero.com.mx\\\/expresioneswp\\\/#organization\"},\"image\":{\"@id\":\"https:\\\/\\\/expresionesguerrero.com.mx\\\/expresioneswp\\\/?p=15717#primaryimage\"},\"thumbnailUrl\":\"https:\\\/\\\/expresionesguerrero.com.mx\\\/expresioneswp\\\/wp-content\\\/uploads\\\/2026\\\/09\\\/cuerpos1.jpeg\",\"keywords\":[\"Dejan en carretera 3 cuerpos descuartizados: Fiscal\u00eda- Guerrero\"],\"articleSection\":[\"Guerrero\"],\"inLanguage\":\"es\",\"potentialAction\":[{\"@type\":\"CommentAction\",\"name\":\"Comment\",\"target\":[\"https:\\\/\\\/expresionesguerrero.com.mx\\\/expresioneswp\\\/?p=15717#respond\"]}]},{\"@type\":\"WebPage\",\"@id\":\"https:\\\/\\\/expresionesguerrero.com.mx\\\/expresioneswp\\\/?p=15717\",\"url\":\"https:\\\/\\\/expresionesguerrero.com.mx\\\/expresioneswp\\\/?p=15717\",\"name\":\"Dejan en carretera 3 cuerpos descuartizados: Fiscal\u00eda- Guerrero - Expresiones Guerrero\",\"isPartOf\":{\"@id\":\"https:\\\/\\\/expresionesguerrero.com.mx\\\/expresioneswp\\\/#website\"},\"primaryImageOfPage\":{\"@id\":\"https:\\\/\\\/expresionesguerrero.com.mx\\\/expresioneswp\\\/?p=15717#primaryimage\"},\"image\":{\"@id\":\"https:\\\/\\\/expresionesguerrero.com.mx\\\/expresioneswp\\\/?p=15717#primaryimage\"},\"thumbnailUrl\":\"https:\\\/\\\/expresionesguerrero.com.mx\\\/expresioneswp\\\/wp-content\\\/uploads\\\/2026\\\/09\\\/cuerpos1.jpeg\",\"datePublished\":\"2026-09-06T04:58:54+00:00\",\"dateModified\":\"2026-09-06T04:58:59+00:00\",\"description\":\"Dejan en carretera 3 cuerpos descuartizados: Fiscal\u00eda- Guerrero Guerrero\",\"breadcrumb\":{\"@id\":\"https:\\\/\\\/expresionesguerrero.com.mx\\\/expresioneswp\\\/?p=15717#breadcrumb\"},\"inLanguage\":\"es\",\"potentialAction\":[{\"@type\":\"ReadAction\",\"target\":[\"https:\\\/\\\/expresionesguerrero.com.mx\\\/expresioneswp\\\/?p=15717\"]}]},{\"@type\":\"ImageObject\",\"inLanguage\":\"es\",\"@id\":\"https:\\\/\\\/expresionesguerrero.com.mx\\\/expresioneswp\\\/?p=15717#primaryimage\",\"url\":\"https:\\\/\\\/expresionesguerrero.com.mx\\\/expresioneswp\\\/wp-content\\\/uploads\\\/2026\\\/09\\\/cuerpos1.jpeg\",\"contentUrl\":\"https:\\\/\\\/expresionesguerrero.com.mx\\\/expresioneswp\\\/wp-content\\\/uploads\\\/2026\\\/09\\\/cuerpos1.jpeg\",\"width\":1200,\"height\":800},{\"@type\":\"BreadcrumbList\",\"@id\":\"https:\\\/\\\/expresionesguerrero.com.mx\\\/expresioneswp\\\/?p=15717#breadcrumb\",\"itemListElement\":[{\"@type\":\"ListItem\",\"position\":1,\"name\":\"Portada\",\"item\":\"https:\\\/\\\/expresionesguerrero.com.mx\\\/expresioneswp\"},{\"@type\":\"ListItem\",\"position\":2,\"name\":\"Dejan en carretera 3 cuerpos descuartizados: Fiscal\u00eda- Guerrero\"}]},{\"@type\":\"WebSite\",\"@id\":\"https:\\\/\\\/expresionesguerrero.com.mx\\\/expresioneswp\\\/#website\",\"url\":\"https:\\\/\\\/expresionesguerrero.com.mx\\\/expresioneswp\\\/\",\"name\":\"Expresiones Guerrero\",\"description\":\"Periodismo Digital\",\"publisher\":{\"@id\":\"https:\\\/\\\/expresionesguerrero.com.mx\\\/expresioneswp\\\/#organization\"},\"potentialAction\":[{\"@type\":\"SearchAction\",\"target\":{\"@type\":\"EntryPoint\",\"urlTemplate\":\"https:\\\/\\\/expresionesguerrero.com.mx\\\/expresioneswp\\\/?s={search_term_string}\"},\"query-input\":{\"@type\":\"PropertyValueSpecification\",\"valueRequired\":true,\"valueName\":\"search_term_string\"}}],\"inLanguage\":\"es\"},{\"@type\":\"Organization\",\"@id\":\"https:\\\/\\\/expresionesguerrero.com.mx\\\/expresioneswp\\\/#organization\",\"name\":\"Expresiones Guerrero\",\"url\":\"https:\\\/\\\/expresionesguerrero.com.mx\\\/expresioneswp\\\/\",\"logo\":{\"@type\":\"ImageObject\",\"inLanguage\":\"es\",\"@id\":\"https:\\\/\\\/expresionesguerrero.com.mx\\\/expresioneswp\\\/#\\\/schema\\\/logo\\\/image\\\/\",\"url\":\"https:\\\/\\\/expresionesguerrero.com.mx\\\/expresioneswp\\\/wp-content\\\/uploads\\\/2021\\\/05\\\/cropped-logotipo-expresiones1-1.jpg\",\"contentUrl\":\"https:\\\/\\\/expresionesguerrero.com.mx\\\/expresioneswp\\\/wp-content\\\/uploads\\\/2021\\\/05\\\/cropped-logotipo-expresiones1-1.jpg\",\"width\":512,\"height\":512,\"caption\":\"Expresiones Guerrero\"},\"image\":{\"@id\":\"https:\\\/\\\/expresionesguerrero.com.mx\\\/expresioneswp\\\/#\\\/schema\\\/logo\\\/image\\\/\"}},{\"@type\":\"Person\",\"@id\":\"https:\\\/\\\/expresionesguerrero.com.mx\\\/expresioneswp\\\/#\\\/schema\\\/person\\\/b8a75dd4eb4a910b255423cf852fa057\",\"name\":\"Redacci\u00f3n\",\"image\":{\"@type\":\"ImageObject\",\"inLanguage\":\"es\",\"@id\":\"https:\\\/\\\/secure.gravatar.com\\\/avatar\\\/1f40520a5813d57bbf3ac6e35ab581cc8b1db7caf6e072e5bafff82efd93b02a?s=96&d=mm&r=g\",\"url\":\"https:\\\/\\\/secure.gravatar.com\\\/avatar\\\/1f40520a5813d57bbf3ac6e35ab581cc8b1db7caf6e072e5bafff82efd93b02a?s=96&d=mm&r=g\",\"contentUrl\":\"https:\\\/\\\/secure.gravatar.com\\\/avatar\\\/1f40520a5813d57bbf3ac6e35ab581cc8b1db7caf6e072e5bafff82efd93b02a?s=96&d=mm&r=g\",\"caption\":\"Redacci\u00f3n\"},\"sameAs\":[\"http:\\\/\\\/expresionesguerrero.com.mx\\\/expresioneswp\"],\"url\":\"https:\\\/\\\/expresionesguerrero.com.mx\\\/expresioneswp\\\/?author=1\"}]}<\/script>\n<!-- \/ Yoast SEO plugin. -->","yoast_head_json":{"title":"Dejan en carretera 3 cuerpos descuartizados: Fiscal\u00eda- Guerrero - Expresiones Guerrero","description":"Dejan en carretera 3 cuerpos descuartizados: Fiscal\u00eda- Guerrero Guerrero","robots":{"index":"index","follow":"follow","max-snippet":"max-snippet:-1","max-image-preview":"max-image-preview:large","max-video-preview":"max-video-preview:-1"},"canonical":"https:\/\/expresionesguerrero.com.mx\/expresioneswp\/?p=15717","og_locale":"es_ES","og_type":"article","og_title":"Dejan en carretera 3 cuerpos descuartizados: Fiscal\u00eda- Guerrero - Expresiones Guerrero","og_description":"Dejan en carretera 3 cuerpos descuartizados: Fiscal\u00eda- Guerrero Guerrero","og_url":"https:\/\/expresionesguerrero.com.mx\/expresioneswp\/?p=15717","og_site_name":"Expresiones Guerrero","article_published_time":"2026-09-06T04:58:54+00:00","article_modified_time":"2026-09-06T04:58:59+00:00","og_image":[{"width":1200,"height":800,"url":"https:\/\/expresionesguerrero.com.mx\/expresioneswp\/wp-content\/uploads\/2026\/09\/cuerpos1.jpeg","type":"image\/jpeg"}],"author":"Redacci\u00f3n","twitter_card":"summary_large_image","twitter_misc":{"Escrito por":"Redacci\u00f3n","Tiempo de lectura":"3 minutos"},"schema":{"@context":"https:\/\/schema.org","@graph":[{"@type":"NewsArticle","@id":"https:\/\/expresionesguerrero.com.mx\/expresioneswp\/?p=15717#article","isPartOf":{"@id":"https:\/\/expresionesguerrero.com.mx\/expresioneswp\/?p=15717"},"author":{"name":"Redacci\u00f3n","@id":"https:\/\/expresionesguerrero.com.mx\/expresioneswp\/#\/schema\/person\/b8a75dd4eb4a910b255423cf852fa057"},"headline":"Dejan en carretera 3 cuerpos descuartizados: Fiscal\u00eda- Guerrero","datePublished":"2026-09-06T04:58:54+00:00","dateModified":"2026-09-06T04:58:59+00:00","mainEntityOfPage":{"@id":"https:\/\/expresionesguerrero.com.mx\/expresioneswp\/?p=15717"},"wordCount":630,"commentCount":0,"publisher":{"@id":"https:\/\/expresionesguerrero.com.mx\/expresioneswp\/#organization"},"image":{"@id":"https:\/\/expresionesguerrero.com.mx\/expresioneswp\/?p=15717#primaryimage"},"thumbnailUrl":"https:\/\/expresionesguerrero.com.mx\/expresioneswp\/wp-content\/uploads\/2026\/09\/cuerpos1.jpeg","keywords":["Dejan en carretera 3 cuerpos descuartizados: Fiscal\u00eda- Guerrero"],"articleSection":["Guerrero"],"inLanguage":"es","potentialAction":[{"@type":"CommentAction","name":"Comment","target":["https:\/\/expresionesguerrero.com.mx\/expresioneswp\/?p=15717#respond"]}]},{"@type":"WebPage","@id":"https:\/\/expresionesguerrero.com.mx\/expresioneswp\/?p=15717","url":"https:\/\/expresionesguerrero.com.mx\/expresioneswp\/?p=15717","name":"Dejan en carretera 3 cuerpos descuartizados: Fiscal\u00eda- Guerrero - Expresiones Guerrero","isPartOf":{"@id":"https:\/\/expresionesguerrero.com.mx\/expresioneswp\/#website"},"primaryImageOfPage":{"@id":"https:\/\/expresionesguerrero.com.mx\/expresioneswp\/?p=15717#primaryimage"},"image":{"@id":"https:\/\/expresionesguerrero.com.mx\/expresioneswp\/?p=15717#primaryimage"},"thumbnailUrl":"https:\/\/expresionesguerrero.com.mx\/expresioneswp\/wp-content\/uploads\/2026\/09\/cuerpos1.jpeg","datePublished":"2026-09-06T04:58:54+00:00","dateModified":"2026-09-06T04:58:59+00:00","description":"Dejan en carretera 3 cuerpos descuartizados: Fiscal\u00eda- Guerrero Guerrero","breadcrumb":{"@id":"https:\/\/expresionesguerrero.com.mx\/expresioneswp\/?p=15717#breadcrumb"},"inLanguage":"es","potentialAction":[{"@type":"ReadAction","target":["https:\/\/expresionesguerrero.com.mx\/expresioneswp\/?p=15717"]}]},{"@type":"ImageObject","inLanguage":"es","@id":"https:\/\/expresionesguerrero.com.mx\/expresioneswp\/?p=15717#primaryimage","url":"https:\/\/expresionesguerrero.com.mx\/expresioneswp\/wp-content\/uploads\/2026\/09\/cuerpos1.jpeg","contentUrl":"https:\/\/expresionesguerrero.com.mx\/expresioneswp\/wp-content\/uploads\/2026\/09\/cuerpos1.jpeg","width":1200,"height":800},{"@type":"BreadcrumbList","@id":"https:\/\/expresionesguerrero.com.mx\/expresioneswp\/?p=15717#breadcrumb","itemListElement":[{"@type":"ListItem","position":1,"name":"Portada","item":"https:\/\/expresionesguerrero.com.mx\/expresioneswp"},{"@type":"ListItem","position":2,"name":"Dejan en carretera 3 cuerpos descuartizados: Fiscal\u00eda- Guerrero"}]},{"@type":"WebSite","@id":"https:\/\/expresionesguerrero.com.mx\/expresioneswp\/#website","url":"https:\/\/expresionesguerrero.com.mx\/expresioneswp\/","name":"Expresiones Guerrero","description":"Periodismo Digital","publisher":{"@id":"https:\/\/expresionesguerrero.com.mx\/expresioneswp\/#organization"},"potentialAction":[{"@type":"SearchAction","target":{"@type":"EntryPoint","urlTemplate":"https:\/\/expresionesguerrero.com.mx\/expresioneswp\/?s={search_term_string}"},"query-input":{"@type":"PropertyValueSpecification","valueRequired":true,"valueName":"search_term_string"}}],"inLanguage":"es"},{"@type":"Organization","@id":"https:\/\/expresionesguerrero.com.mx\/expresioneswp\/#organization","name":"Expresiones Guerrero","url":"https:\/\/expresionesguerrero.com.mx\/expresioneswp\/","logo":{"@type":"ImageObject","inLanguage":"es","@id":"https:\/\/expresionesguerrero.com.mx\/expresioneswp\/#\/schema\/logo\/image\/","url":"https:\/\/expresionesguerrero.com.mx\/expresioneswp\/wp-content\/uploads\/2021\/05\/cropped-logotipo-expresiones1-1.jpg","contentUrl":"https:\/\/expresionesguerrero.com.mx\/expresioneswp\/wp-content\/uploads\/2021\/05\/cropped-logotipo-expresiones1-1.jpg","width":512,"height":512,"caption":"Expresiones Guerrero"},"image":{"@id":"https:\/\/expresionesguerrero.com.mx\/expresioneswp\/#\/schema\/logo\/image\/"}},{"@type":"Person","@id":"https:\/\/expresionesguerrero.com.mx\/expresioneswp\/#\/schema\/person\/b8a75dd4eb4a910b255423cf852fa057","name":"Redacci\u00f3n","image":{"@type":"ImageObject","inLanguage":"es","@id":"https:\/\/secure.gravatar.com\/avatar\/1f40520a5813d57bbf3ac6e35ab581cc8b1db7caf6e072e5bafff82efd93b02a?s=96&d=mm&r=g","url":"https:\/\/secure.gravatar.com\/avatar\/1f40520a5813d57bbf3ac6e35ab581cc8b1db7caf6e072e5bafff82efd93b02a?s=96&d=mm&r=g","contentUrl":"https:\/\/secure.gravatar.com\/avatar\/1f40520a5813d57bbf3ac6e35ab581cc8b1db7caf6e072e5bafff82efd93b02a?s=96&d=mm&r=g","caption":"Redacci\u00f3n"},"sameAs":["http:\/\/expresionesguerrero.com.mx\/expresioneswp"],"url":"https:\/\/expresionesguerrero.com.mx\/expresioneswp\/?author=1"}]}},"_links":{"self":[{"href":"https:\/\/expresionesguerrero.com.mx\/expresioneswp\/index.php?rest_route=\/wp\/v2\/posts\/15717","targetHints":{"allow":["GET"]}}],"collection":[{"href":"https:\/\/expresionesguerrero.com.mx\/expresioneswp\/index.php?rest_route=\/wp\/v2\/posts"}],"about":[{"href":"https:\/\/expresionesguerrero.com.mx\/expresioneswp\/index.php?rest_route=\/wp\/v2\/types\/post"}],"author":[{"embeddable":true,"href":"https:\/\/expresionesguerrero.com.mx\/expresioneswp\/index.php?rest_route=\/wp\/v2\/users\/1"}],"replies":[{"embeddable":true,"href":"https:\/\/expresionesguerrero.com.mx\/expresioneswp\/index.php?rest_route=%2Fwp%2Fv2%2Fcomments&post=15717"}],"version-history":[{"count":1,"href":"https:\/\/expresionesguerrero.com.mx\/expresioneswp\/index.php?rest_route=\/wp\/v2\/posts\/15717\/revisions"}],"predecessor-version":[{"id":15719,"href":"https:\/\/expresionesguerrero.com.mx\/expresioneswp\/index.php?rest_route=\/wp\/v2\/posts\/15717\/revisions\/15719"}],"wp:featuredmedia":[{"embeddable":true,"href":"https:\/\/expresionesguerrero.com.mx\/expresioneswp\/index.php?rest_route=\/wp\/v2\/media\/15718"}],"wp:attachment":[{"href":"https:\/\/expresionesguerrero.com.mx\/expresioneswp\/index.php?rest_route=%2Fwp%2Fv2%2Fmedia&parent=15717"}],"wp:term":[{"taxonomy":"category","embeddable":true,"href":"https:\/\/expresionesguerrero.com.mx\/expresioneswp\/index.php?rest_route=%2Fwp%2Fv2%2Fcategories&post=15717"},{"taxonomy":"post_tag","embeddable":true,"href":"https:\/\/expresionesguerrero.com.mx\/expresioneswp\/index.php?rest_route=%2Fwp%2Fv2%2Ftags&post=15717"}],"curies":[{"name":"wp","href":"https:\/\/api.w.org\/{rel}","templated":true}]}}