{"id":15714,"date":"2026-09-05T20:58:48","date_gmt":"2026-09-06T01:58:48","guid":{"rendered":"https:\/\/expresionesguerrero.com.mx\/expresioneswp\/?p=15714"},"modified":"2026-09-05T20:58:51","modified_gmt":"2026-09-06T01:58:51","slug":"patrulla-de-papel-283","status":"publish","type":"post","link":"https:\/\/expresionesguerrero.com.mx\/expresioneswp\/?p=15714","title":{"rendered":"Patrulla de papel"},"content":{"rendered":"\n<p class=\"wp-block-paragraph\"><strong>Enrique Castillo Gonz\u00e1lez<\/strong><\/p>\n\n\n\n<figure class=\"wp-block-image alignright size-full is-resized has-custom-border is-style-rounded\"><img loading=\"lazy\" decoding=\"async\" width=\"372\" height=\"448\" src=\"https:\/\/expresionesguerrero.com.mx\/expresioneswp\/wp-content\/uploads\/2021\/05\/Enrique-Castillo-Gonzalez.jpg\" alt=\"\" class=\"has-border-color has-cm-color-2-border-color wp-image-24\" style=\"border-width:7px;width:200px;height:auto\" srcset=\"https:\/\/expresionesguerrero.com.mx\/expresioneswp\/wp-content\/uploads\/2021\/05\/Enrique-Castillo-Gonzalez.jpg 372w, https:\/\/expresionesguerrero.com.mx\/expresioneswp\/wp-content\/uploads\/2021\/05\/Enrique-Castillo-Gonzalez-249x300.jpg 249w\" sizes=\"auto, (max-width: 372px) 100vw, 372px\" \/><\/figure>\n\n\n\n<p class=\"wp-block-paragraph\"><strong><em>Los tres Garc\u00eda<\/em><\/strong><\/p>\n\n\n\n<p class=\"wp-block-paragraph\">Inicio esta idea con algo de \u00ableyendas escuchadas dentro del bosque de la Pol\u00edtica de Defensa en M\u00e9xico\u00bb.<\/p>\n\n\n\n<p class=\"wp-block-paragraph\">Ma\u00f1ana del 4 de octubre de 1968, dos d\u00edas despu\u00e9s de los violentos eventos sobre la plaza de Las Tres Culturas (Tlatelolco). El presidente Gustavo D\u00edaz Ordaz escuchaba a su secretario particular y lo hac\u00eda con especial atenci\u00f3n. El funcionario hab\u00eda entrado casi intempestivamente&#8230; \u2014<em>Se\u00f1or, me avisan del arribo al patio del secretario de la Defensa y no tengo agendada ninguna reuni\u00f3n de \u00e9l con usted<\/em>\u2014 si D\u00edaz Ordaz se hab\u00eda sobresaltado, el resto de la informaci\u00f3n lo inquiet\u00f3 m\u00e1s \u2014<em>lleg\u00f3 en un Jeep, viene uniformado de verde y armado<\/em>.<\/p>\n\n\n\n<p class=\"wp-block-paragraph\">Otro dato. Todo lo arriba mencionado sucedi\u00f3 en Palacio Nacional, sito en el z\u00f3calo de la ciudad de M\u00e9xico (DF), espacio donde 65 a\u00f1os antes el presidente Francisco I. Madero hab\u00eda sido v\u00edctima de un golpe de Estado con los desenlaces bien estudiados en la Facultad de Historia de la UNAM.<\/p>\n\n\n\n<p class=\"wp-block-paragraph\">La misma leyenda pasillera cuenta. El General Marcelino Garc\u00eda Barragan, enfundado en su uniforme verde olivo, botas y fornitura caf\u00e9, dentro de la funda una pistola escuadra 45mm y al frente del quep\u00ed puesto en la testa una \u00e1guila rodeada sim\u00e9tricamente por tres estrellas (todo lo met\u00e1lico perfectamente pulido); sin mediar palabra con nadie y solo acompa\u00f1ado por el coronel L\u00f3pez Lena (id\u00e9nticamente uniformado) comenz\u00f3 a subir por las escaleras de cantera buscando llegar al despacho del presidente de la Rep\u00fablica.<\/p>\n\n\n\n<p class=\"wp-block-paragraph\">En su despacho Gustavo D\u00edaz Ordaz se hab\u00eda puesto de pie para pararse exactamente a un lado de su escritorio. Quiso recibir de pie al divisionario.<\/p>\n\n\n\n<p class=\"wp-block-paragraph\">Contexto. el 2 de octubre (del 68) en la Plaza de las Tres Culturas de la Unidad Nonoalco Tlatelolco (conjunto de m\u00e1s de 20 grandes edificios) hab\u00edase suscitado un \u00bfenfrentamiento? \u00bfataque? \u00bfemboscada? donde resultaron muertos y heridos civiles y militares, hasta ese d\u00eda en las calles se hablaba de cientos de \u00abestudiantes\u00bb muertos. La crisis no se deten\u00eda ah\u00ed.<\/p>\n\n\n\n<p class=\"wp-block-paragraph\">El 12 de ese mismo mes iniciaban en la Ciudad de M\u00e9xico los Juegos Ol\u00edmpicos. No sobra decir, durante la mal lograda manifestaci\u00f3n, periodistas extranjeros (italianos) reportaban al mundo lo sucedido en Tlatelolco el 2 de octubre.<\/p>\n\n\n\n<p class=\"wp-block-paragraph\">M\u00e1s contexto. \u00c9ste desde Latinoam\u00e9rica. Y como la Guerra Fr\u00eda cruzaba por sus a\u00f1os m\u00e1s intensos, la praxis (intervenci\u00f3n de EE.UU) hab\u00eda logrado colocar en buena parte de los pa\u00edses de Centro Am\u00e9rica, El Caribe y Sudam\u00e9rica aquellas Juntas Militares y Dictadoras del mismo perfil. Cuba era la roca en los mocasines de los pol\u00edticos de Washington \u00bfpor qu\u00e9 lo traigo a este apunte?<\/p>\n\n\n\n<p class=\"wp-block-paragraph\">Por aquellos d\u00edas la acci\u00f3n diplom\u00e1tica del embajador Fulton Freeman tra\u00eda preocupado al presidente D\u00edaz Ordaz, cierto el perfil del ex (\u00bf?) agente de la CIA, m\u00e1s lo escandalosos eventos de Tlatelolco y, sumemos eso de \u00ablos gobiernos brotados de golpes de estado en centro, El Caribe y Sudam\u00e9rica\u00bb llevaron a colocarse junto a su escritorio al presidente poblano para ah\u00ed recibir al jefe de las armas de la Rep\u00fablica. \u00bfEsperaba D\u00edaz Ordaz un golpe de estado? El general Marcelino fue recibido en el despacho presidencial, el Coronel L\u00f3pez Lena permaneci\u00f3 afuera.<\/p>\n\n\n\n<p class=\"wp-block-paragraph\">En posici\u00f3n de <em>firmes<\/em> y luego de un pronto saludo militar el general secretario se dirigi\u00f3 al presidente de la Rep\u00fablica Mexicana.<\/p>\n\n\n\n<p class=\"wp-block-paragraph\">\u2014Se\u00f1or Presidente, estoy aqu\u00ed para refrendar la lealtad de las Fuerzas Armadas Mexicanas, desde mi persona hasta el \u00faltimo soldado nos reiteramos a sus \u00f3rdenes.<\/p>\n\n\n\n<p class=\"wp-block-paragraph\">Diaz Ordaz, solo desliz\u00f3 un casi imperceptible suspiro destensionador. En alg\u00fan punto de este patrullamiento ahondar\u00e9 en el \u00abqui\u00e9n fue Marcelino Garc\u00eda Barragan\u00bb.<\/p>\n\n\n\n<p class=\"wp-block-paragraph\">Javier Garc\u00eda Paniagua, all\u00e1 por los a\u00f1os 80s del siglo anterior, como actor pol\u00edtico hab\u00eda alcanzado el top de la praxis pol\u00edtica dentro del gabinete del entonces poderoso presidente Jos\u00e9 L\u00f3pez Portillo. Para 1981, Javier funcionaba c\u00f3mo presidente del Partido Revolucionario Institucional, antes fue secretario del Trabajo y antes tambi\u00e9n ocup\u00f3 el despacho de secretario de la Reforma Agraria. M\u00e1s, Javier Garc\u00eda Paniagua, y esto ac\u00e1 dentro del <strong>Think<\/strong> <strong>Tank<\/strong> lo vemos con harto inter\u00e9s, fue un excelente titular de la Direcci\u00f3n Federal de Seguridad. Ahora.<\/p>\n\n\n\n<p class=\"wp-block-paragraph\">Se debe tener en cuenta, tanto en la Secretar\u00eda de la Reforma Agraria c\u00f3mo en la del Trabajo, Garc\u00eda Paniagua estuvo poco m\u00e1s de 10 meses (en cada una). \u00bfpor qu\u00e9 lo coment\u00f3?<\/p>\n\n\n\n<p class=\"wp-block-paragraph\">Resulta. Garc\u00eda Paniagua, tras haber cursado estudios en el Colegio Militar, supo que la carrera militar no era lo suyo; su servicio a la Patria podr\u00eda bien desarrollarse estando \u00e9l vestido de paisano. Ah\u00ed fue entonces el inicio, dentro de los aparatos del Estado donde la investigaci\u00f3n policial (inteligencia) satisfac\u00eda su necesidad de <em>funcionar<\/em> <em>para<\/em> <em>con<\/em> <em>la<\/em> <em>Patria.<\/em> Javier Garc\u00eda Paniagua inici\u00f3 carrera dentro de los sistemas policiales para y dentro de la pol\u00edtica, tal vez, el perfil m\u00e1s parecido a la praxis desarrollaba por <em>Don<\/em> <em>Javier<\/em> lo encontramos en Fernando Guti\u00e9rrez Barrios.<\/p>\n\n\n\n<p class=\"wp-block-paragraph\">Ac\u00e1 llegamos al punto donde el operador pol\u00edtico (JGP) llega a ser titular de la Direcci\u00f3n Federal de Seguridad y ese perfil convenci\u00f3 al inteligent\u00edsimo Jos\u00e9 L\u00f3pez Portillo para colocar a Garc\u00eda Paniagua en dos Secretar\u00edas (primero una, despu\u00e9s otra) donde exist\u00edan perfiles de <em>desorden.<\/em> Cumpli\u00f3 la misi\u00f3n con buen \u00e9xito; eso lo llev\u00f3 a estar al frente del Partido Revolucionarios Institucional (PRI). Quiero pensar, as\u00ed como en la Secretar\u00eda de la Reforma Agraria y la del Trabajo, el PRI tambi\u00e9n necesitaba mano firme.<\/p>\n\n\n\n<p class=\"wp-block-paragraph\">Ahora, cuando a JoLoPo le lleg\u00f3 el momento de <em>entregar<\/em> la Presidencia de la Rep\u00fablica, los \u00abtapados\u00bb eran 1.- Javier Garc\u00eda Paniagua y 2.- Miguel De la Madrid Hurtado. Recordemos.<\/p>\n\n\n\n<p class=\"wp-block-paragraph\">La crisis del petr\u00f3leo, la fuga de capitales (la Banca pas\u00f3 al control del Estado), el surgimiento de la l\u00ednea tecn\u00f3crata en la pol\u00edtica nacional, el <em>deslizamiento de las luchas contra las acciones de la pol\u00edtica armada (guerrilla(s),<\/em> todo eso hab\u00eda puesto al hiperpoderoso presidente de M\u00e9xico entre la decisi\u00f3n de <em>entregarle<\/em> la Presidencia a un actor pol\u00edtico fuerte y firme, resolvedor de crisis o a un tecn\u00f3crata venido de las aulas de las mejores Universidades del Noreste Norteamericano. L\u00f3pez Portillo hizo Presidente a quien fuera su secretario de Programaci\u00f3n y Presupuesto (ma\u00f1osamente Miguel de la Madrid hab\u00eda hecho subsecretario (PP) a Jos\u00e9 Ram\u00f3n L\u00f3pez Romano, el orgullo del nepotismo del presidente).<\/p>\n\n\n\n<p class=\"wp-block-paragraph\">Al fin buen proyectista, Javier Garc\u00eda Paniagua, al no haber sido <em>el<\/em> <em>elegido<\/em>, inici\u00f3 su desvanecimiento hacia el <em>buen<\/em> <em>retiro<\/em> <em>pol\u00edtico<\/em>. Hasta este rengl\u00f3n, dentro del <strong>Think<\/strong> <strong>Tank<\/strong> hemos desmenuzado la(s) praxis de dos de los (tres) Garc\u00eda mencionados desde el t\u00edtulo de este patrullaje.<\/p>\n\n\n\n<p class=\"wp-block-paragraph\">Antes de aterrizar en el tercero de \u00ablos Garc\u00eda\u00bb regresemos a Don Marcelino Garc\u00eda Barragan.<\/p>\n\n\n\n<p class=\"wp-block-paragraph\">El entonces subteniente Marcelino Garc\u00eda fue \u00abDorado de Villa\u00bb; estando prisionero fue invitado (sic) a unirse a las filas de \u00c1lvaro Obreg\u00f3n, se le respetar\u00eda el grado de subteniente y, lo m\u00e1s interesante, se le respetar\u00eda la vida.<\/p>\n\n\n\n<p class=\"wp-block-paragraph\">Despu\u00e9s de la lucha armada revolucionaria y continuar en la carrera de las armas, Marcelino ingres\u00f3 al Colegio Militar, egres\u00f3 y cumpli\u00f3 con las exigencias de cada grado. Al llegar a portar el \u00e1guila en hombros y frente se involucr\u00f3 en acciones pol\u00edticas (por esos d\u00edas fue normal que <em>el<\/em> <em>generalato<\/em> tocara pr\u00e1cticas pol\u00edticas). Lleg\u00f3 a ser director del Colegio Militar y posteriormente gobernador de Jalisco y, entre los logros pocos ventilados, alcanz\u00f3 la pacificaci\u00f3n dentro de su territorio (venci\u00f3 a los <em>cristeros<\/em> de su entidad). Por diferencias POL\u00cdTICO\/ELECTORALES tom\u00f3 la decisi\u00f3n de pasar a <em>retiro<\/em>).<\/p>\n\n\n\n<p class=\"wp-block-paragraph\">&nbsp;Siendo presidente Adolfo L\u00f3pez Mateos lo regres\u00f3 a filas, cuentan los enterados. L\u00f3pez Mateos le dijo al entonces exgobernador de Jalisco <em>usted y yo General tenemos algo en com\u00fan, en alg\u00fan momento defendimos causas perdidas<\/em>&#8230; L\u00f3pez Mateos fue un joven estudiante apoyando a Jos\u00e9 Vasconcelos, Marcelino Garc\u00eda fue seguidor del general Miguel Henr\u00edquez Guzm\u00e1n. Sea entonces.<\/p>\n\n\n\n<p class=\"wp-block-paragraph\">La historia de Omar Garc\u00eda Harfuch, comparado con la de los Garc\u00eda mencionados ocupa muchos menos p\u00e1rrafos.<\/p>\n\n\n\n<p class=\"wp-block-paragraph\">Aunque por su calidad de <em>joven<\/em> <em>hidalgo<\/em>, hijo de un pol\u00edtico con mucho power y nieto de un gigante de la carrera de las armas, Omar \u2014abogado de profesi\u00f3n\u2014 fue firme en su decisi\u00f3n: busc\u00f3 hacer(se) y crecer en la carrera policial; ahora, Omar tuvo oportunidad de desarrollarse en el glamoroso universo de la actuaci\u00f3n. No sobra decir, aunque seguramente romper\u00e9 el ritmo de este patrullamiento, Omar y yo tenemos el mismo problema&#8230; somos guapos.<\/p>\n\n\n\n<p class=\"wp-block-paragraph\">Hijo de una actriz muy posicionada, hablo de Mar\u00eda Harfuch Hidalgo, Omar pudo, sin dificultad, hacer carrera en la actuaci\u00f3n. No, a \u00e9l le gustaba SER POLICIA.<\/p>\n\n\n\n<p class=\"wp-block-paragraph\">Ahora, la historia moderna de la <em>profesi\u00f3n<\/em> <em>policial<\/em> en M\u00e9xico muestra manchas. Omar transit\u00f3 por esa y lleg\u00f3 a ocupar comandancias importantes, fue comisario de la Polic\u00eda Federal en Guerrero, secretario de Seguridad P\u00fablica en la CDMX (donde trabaj\u00f3 muy pr\u00f3ximo a la entonces Jefa de Gobierno, Claudia Sheinbaum Pardo). M\u00e1s, y esto lo demuestran los resultados, Omar Hamid Garc\u00eda Harfuch gener\u00f3 y mantuvo su CV limpio. Va algo, si no importante, s\u00ed muy interesante.<\/p>\n\n\n\n<p class=\"wp-block-paragraph\">La vida pol\u00edtica del <em>movimiento<\/em> \u2014donde Omar es pieza importante\u2014 hizo senador de la Rep\u00fablica al hijo de Don Javier y nieto del general Marcelino. Un dato, en la <em>encuesta<\/em> para definir al candidato a la Jefatura de Gobierno (CDMX) Omar gan\u00f3, y por mucho, esa medici\u00f3n preelectoral, aunque desde la parte m\u00e1s alta del <em>movimiento<\/em> se dict\u00f3 <em>va<\/em> <em>mujer\u2026<\/em> wherever&#8230;<\/p>\n\n\n\n<p class=\"wp-block-paragraph\">Cierro, y de algo estoy cierto, el tema dar\u00e1 para m\u00e1s. En alg\u00fan momento estos <em>tres<\/em> <em>Garc\u00eda<\/em> han tocado la posibilidad de presidir los trabajos de la Rep\u00fablica Mexicana. Marcelino fue patriota; Javier, patriota y disciplinado: Omar ser\u00e1, patriota, disciplinado e inteligente.<\/p>\n\n\n\n<p class=\"wp-block-paragraph\"><strong>\u00daltimo<\/strong> <strong>Patrullaje<\/strong>.- Guerrero. A horas de dar su quinto informe de Gobierno, Evelyn Salgado Pineda est\u00e1 trazando un detallado resumen de sus resultados. Alguien escribi\u00f3 <em>todo es medible, y si no lo es, hay que hacerlo<\/em>.<\/p>\n\n\n\n<p class=\"wp-block-paragraph\">Hay algo escrito sobre el pintarr\u00f3n de este nuestro <strong>Tanque<\/strong> <strong>de<\/strong> <strong>Ideas:<\/strong> \u00a1<em>menos<\/em> <em>escritorio<\/em> <em>y<\/em> <em>m\u00e1s<\/em> <em>territorio<\/em>! Esa frase Evelyn la dijo a pocas semanas de haber iniciado su quehacer como primera Ejecutiva del gobierno estatal y lo est\u00e1 cumpliendo a cabalidad. Un simple dato: cuando en los centros financieros (nacionales e internacionales) se leen los resultados de la Inversi\u00f3n Extranjera Directas (IED), buena parte de ese billete se mueve en Guerrero (miner\u00eda, actividades mar\u00edtimas, Bienes Ra\u00edces, Turismo)\u2026 daremos follow up.<\/p>\n\n\n\n<p class=\"wp-block-paragraph\"><strong>Balazo<\/strong> <strong>al<\/strong> <strong>aire<\/strong>.- Vuelven los Tres Garc\u00eda.<\/p>\n\n\n\n<p class=\"wp-block-paragraph\"><strong>Greguer\u00eda<\/strong>.- Cari\u00f1o que Dios me ha dado para quereeerlo\u2026 ay, que dichoso soy, cuando la veo veniiiir.<\/p>\n\n\n\n<p class=\"wp-block-paragraph\">Ox\u00edmoron.- De esa idea me quedo con este recuerdo <em>te voy a dar un soberano chanclazo,<\/em> mi madre.<\/p>\n\n\n\n<p class=\"wp-block-paragraph\"><strong>Haiku<\/strong>.- Ni\u00f1a de ojos lindos,<\/p>\n\n\n\n<p class=\"wp-block-paragraph\">&nbsp;&nbsp;&nbsp;&nbsp;&nbsp;&nbsp;&nbsp;&nbsp;&nbsp;&nbsp;&nbsp;&nbsp; con un problema,<\/p>\n\n\n\n<p class=\"wp-block-paragraph\">&nbsp;&nbsp;&nbsp;&nbsp;&nbsp;&nbsp;&nbsp;&nbsp;&nbsp;&nbsp;&nbsp;&nbsp; &#8230; sonrisa es envidiosa.<\/p>\n","protected":false},"excerpt":{"rendered":"<p>Enrique Castillo Gonz\u00e1lez Los tres Garc\u00eda Inicio esta idea con algo de \u00ableyendas escuchadas dentro del bosque de la Pol\u00edtica<\/p>\n","protected":false},"author":1,"featured_media":15715,"comment_status":"open","ping_status":"open","sticky":false,"template":"","format":"standard","meta":{"colormag_page_container_layout":"default_layout","colormag_page_sidebar_layout":"default_layout","footnotes":""},"categories":[12],"tags":[676],"class_list":["post-15714","post","type-post","status-publish","format-standard","has-post-thumbnail","hentry","category-expresiones","tag-patrulla-de-papel"],"yoast_head":"<!-- This site is optimized with the Yoast SEO plugin v28.4 - https:\/\/yoast.com\/product\/yoast-seo-wordpress\/ -->\n<title>Patrulla de papel - Expresiones Guerrero<\/title>\n<meta name=\"description\" content=\"Patrulla de papel Expresiones\" \/>\n<meta name=\"robots\" content=\"index, follow, max-snippet:-1, max-image-preview:large, max-video-preview:-1\" \/>\n<link rel=\"canonical\" href=\"https:\/\/expresionesguerrero.com.mx\/expresioneswp\/?p=15714\" \/>\n<meta property=\"og:locale\" content=\"es_ES\" \/>\n<meta property=\"og:type\" content=\"article\" \/>\n<meta property=\"og:title\" content=\"Patrulla de papel - Expresiones Guerrero\" \/>\n<meta property=\"og:description\" content=\"Patrulla de papel Expresiones\" \/>\n<meta property=\"og:url\" content=\"https:\/\/expresionesguerrero.com.mx\/expresioneswp\/?p=15714\" \/>\n<meta property=\"og:site_name\" content=\"Expresiones Guerrero\" \/>\n<meta property=\"article:published_time\" content=\"2026-09-06T01:58:48+00:00\" \/>\n<meta property=\"article:modified_time\" content=\"2026-09-06T01:58:51+00:00\" \/>\n<meta property=\"og:image\" content=\"https:\/\/expresionesguerrero.com.mx\/expresioneswp\/wp-content\/uploads\/2026\/09\/patrulla.jpg\" \/>\n\t<meta property=\"og:image:width\" content=\"1200\" \/>\n\t<meta property=\"og:image:height\" content=\"800\" \/>\n\t<meta property=\"og:image:type\" content=\"image\/jpeg\" \/>\n<meta name=\"author\" content=\"Redacci\u00f3n\" \/>\n<meta name=\"twitter:card\" content=\"summary_large_image\" \/>\n<meta name=\"twitter:label1\" content=\"Escrito por\" \/>\n\t<meta name=\"twitter:data1\" content=\"Redacci\u00f3n\" \/>\n\t<meta name=\"twitter:label2\" content=\"Tiempo de lectura\" \/>\n\t<meta name=\"twitter:data2\" content=\"9 minutos\" \/>\n<script type=\"application\/ld+json\" class=\"yoast-schema-graph\">{\"@context\":\"https:\\\/\\\/schema.org\",\"@graph\":[{\"@type\":\"NewsArticle\",\"@id\":\"https:\\\/\\\/expresionesguerrero.com.mx\\\/expresioneswp\\\/?p=15714#article\",\"isPartOf\":{\"@id\":\"https:\\\/\\\/expresionesguerrero.com.mx\\\/expresioneswp\\\/?p=15714\"},\"author\":{\"name\":\"Redacci\u00f3n\",\"@id\":\"https:\\\/\\\/expresionesguerrero.com.mx\\\/expresioneswp\\\/#\\\/schema\\\/person\\\/b8a75dd4eb4a910b255423cf852fa057\"},\"headline\":\"Patrulla de papel\",\"datePublished\":\"2026-09-06T01:58:48+00:00\",\"dateModified\":\"2026-09-06T01:58:51+00:00\",\"mainEntityOfPage\":{\"@id\":\"https:\\\/\\\/expresionesguerrero.com.mx\\\/expresioneswp\\\/?p=15714\"},\"wordCount\":1957,\"commentCount\":0,\"publisher\":{\"@id\":\"https:\\\/\\\/expresionesguerrero.com.mx\\\/expresioneswp\\\/#organization\"},\"image\":{\"@id\":\"https:\\\/\\\/expresionesguerrero.com.mx\\\/expresioneswp\\\/?p=15714#primaryimage\"},\"thumbnailUrl\":\"https:\\\/\\\/expresionesguerrero.com.mx\\\/expresioneswp\\\/wp-content\\\/uploads\\\/2026\\\/09\\\/patrulla.jpg\",\"keywords\":[\"Patrulla de papel\"],\"articleSection\":[\"Expresiones\"],\"inLanguage\":\"es\",\"potentialAction\":[{\"@type\":\"CommentAction\",\"name\":\"Comment\",\"target\":[\"https:\\\/\\\/expresionesguerrero.com.mx\\\/expresioneswp\\\/?p=15714#respond\"]}]},{\"@type\":\"WebPage\",\"@id\":\"https:\\\/\\\/expresionesguerrero.com.mx\\\/expresioneswp\\\/?p=15714\",\"url\":\"https:\\\/\\\/expresionesguerrero.com.mx\\\/expresioneswp\\\/?p=15714\",\"name\":\"Patrulla de papel - Expresiones Guerrero\",\"isPartOf\":{\"@id\":\"https:\\\/\\\/expresionesguerrero.com.mx\\\/expresioneswp\\\/#website\"},\"primaryImageOfPage\":{\"@id\":\"https:\\\/\\\/expresionesguerrero.com.mx\\\/expresioneswp\\\/?p=15714#primaryimage\"},\"image\":{\"@id\":\"https:\\\/\\\/expresionesguerrero.com.mx\\\/expresioneswp\\\/?p=15714#primaryimage\"},\"thumbnailUrl\":\"https:\\\/\\\/expresionesguerrero.com.mx\\\/expresioneswp\\\/wp-content\\\/uploads\\\/2026\\\/09\\\/patrulla.jpg\",\"datePublished\":\"2026-09-06T01:58:48+00:00\",\"dateModified\":\"2026-09-06T01:58:51+00:00\",\"description\":\"Patrulla de papel Expresiones\",\"breadcrumb\":{\"@id\":\"https:\\\/\\\/expresionesguerrero.com.mx\\\/expresioneswp\\\/?p=15714#breadcrumb\"},\"inLanguage\":\"es\",\"potentialAction\":[{\"@type\":\"ReadAction\",\"target\":[\"https:\\\/\\\/expresionesguerrero.com.mx\\\/expresioneswp\\\/?p=15714\"]}]},{\"@type\":\"ImageObject\",\"inLanguage\":\"es\",\"@id\":\"https:\\\/\\\/expresionesguerrero.com.mx\\\/expresioneswp\\\/?p=15714#primaryimage\",\"url\":\"https:\\\/\\\/expresionesguerrero.com.mx\\\/expresioneswp\\\/wp-content\\\/uploads\\\/2026\\\/09\\\/patrulla.jpg\",\"contentUrl\":\"https:\\\/\\\/expresionesguerrero.com.mx\\\/expresioneswp\\\/wp-content\\\/uploads\\\/2026\\\/09\\\/patrulla.jpg\",\"width\":1200,\"height\":800},{\"@type\":\"BreadcrumbList\",\"@id\":\"https:\\\/\\\/expresionesguerrero.com.mx\\\/expresioneswp\\\/?p=15714#breadcrumb\",\"itemListElement\":[{\"@type\":\"ListItem\",\"position\":1,\"name\":\"Portada\",\"item\":\"https:\\\/\\\/expresionesguerrero.com.mx\\\/expresioneswp\"},{\"@type\":\"ListItem\",\"position\":2,\"name\":\"Patrulla de papel\"}]},{\"@type\":\"WebSite\",\"@id\":\"https:\\\/\\\/expresionesguerrero.com.mx\\\/expresioneswp\\\/#website\",\"url\":\"https:\\\/\\\/expresionesguerrero.com.mx\\\/expresioneswp\\\/\",\"name\":\"Expresiones Guerrero\",\"description\":\"Periodismo Digital\",\"publisher\":{\"@id\":\"https:\\\/\\\/expresionesguerrero.com.mx\\\/expresioneswp\\\/#organization\"},\"potentialAction\":[{\"@type\":\"SearchAction\",\"target\":{\"@type\":\"EntryPoint\",\"urlTemplate\":\"https:\\\/\\\/expresionesguerrero.com.mx\\\/expresioneswp\\\/?s={search_term_string}\"},\"query-input\":{\"@type\":\"PropertyValueSpecification\",\"valueRequired\":true,\"valueName\":\"search_term_string\"}}],\"inLanguage\":\"es\"},{\"@type\":\"Organization\",\"@id\":\"https:\\\/\\\/expresionesguerrero.com.mx\\\/expresioneswp\\\/#organization\",\"name\":\"Expresiones Guerrero\",\"url\":\"https:\\\/\\\/expresionesguerrero.com.mx\\\/expresioneswp\\\/\",\"logo\":{\"@type\":\"ImageObject\",\"inLanguage\":\"es\",\"@id\":\"https:\\\/\\\/expresionesguerrero.com.mx\\\/expresioneswp\\\/#\\\/schema\\\/logo\\\/image\\\/\",\"url\":\"https:\\\/\\\/expresionesguerrero.com.mx\\\/expresioneswp\\\/wp-content\\\/uploads\\\/2021\\\/05\\\/cropped-logotipo-expresiones1-1.jpg\",\"contentUrl\":\"https:\\\/\\\/expresionesguerrero.com.mx\\\/expresioneswp\\\/wp-content\\\/uploads\\\/2021\\\/05\\\/cropped-logotipo-expresiones1-1.jpg\",\"width\":512,\"height\":512,\"caption\":\"Expresiones Guerrero\"},\"image\":{\"@id\":\"https:\\\/\\\/expresionesguerrero.com.mx\\\/expresioneswp\\\/#\\\/schema\\\/logo\\\/image\\\/\"}},{\"@type\":\"Person\",\"@id\":\"https:\\\/\\\/expresionesguerrero.com.mx\\\/expresioneswp\\\/#\\\/schema\\\/person\\\/b8a75dd4eb4a910b255423cf852fa057\",\"name\":\"Redacci\u00f3n\",\"image\":{\"@type\":\"ImageObject\",\"inLanguage\":\"es\",\"@id\":\"https:\\\/\\\/secure.gravatar.com\\\/avatar\\\/1f40520a5813d57bbf3ac6e35ab581cc8b1db7caf6e072e5bafff82efd93b02a?s=96&d=mm&r=g\",\"url\":\"https:\\\/\\\/secure.gravatar.com\\\/avatar\\\/1f40520a5813d57bbf3ac6e35ab581cc8b1db7caf6e072e5bafff82efd93b02a?s=96&d=mm&r=g\",\"contentUrl\":\"https:\\\/\\\/secure.gravatar.com\\\/avatar\\\/1f40520a5813d57bbf3ac6e35ab581cc8b1db7caf6e072e5bafff82efd93b02a?s=96&d=mm&r=g\",\"caption\":\"Redacci\u00f3n\"},\"sameAs\":[\"http:\\\/\\\/expresionesguerrero.com.mx\\\/expresioneswp\"],\"url\":\"https:\\\/\\\/expresionesguerrero.com.mx\\\/expresioneswp\\\/?author=1\"}]}<\/script>\n<!-- \/ Yoast SEO plugin. -->","yoast_head_json":{"title":"Patrulla de papel - Expresiones Guerrero","description":"Patrulla de papel Expresiones","robots":{"index":"index","follow":"follow","max-snippet":"max-snippet:-1","max-image-preview":"max-image-preview:large","max-video-preview":"max-video-preview:-1"},"canonical":"https:\/\/expresionesguerrero.com.mx\/expresioneswp\/?p=15714","og_locale":"es_ES","og_type":"article","og_title":"Patrulla de papel - Expresiones Guerrero","og_description":"Patrulla de papel Expresiones","og_url":"https:\/\/expresionesguerrero.com.mx\/expresioneswp\/?p=15714","og_site_name":"Expresiones Guerrero","article_published_time":"2026-09-06T01:58:48+00:00","article_modified_time":"2026-09-06T01:58:51+00:00","og_image":[{"width":1200,"height":800,"url":"https:\/\/expresionesguerrero.com.mx\/expresioneswp\/wp-content\/uploads\/2026\/09\/patrulla.jpg","type":"image\/jpeg"}],"author":"Redacci\u00f3n","twitter_card":"summary_large_image","twitter_misc":{"Escrito por":"Redacci\u00f3n","Tiempo de lectura":"9 minutos"},"schema":{"@context":"https:\/\/schema.org","@graph":[{"@type":"NewsArticle","@id":"https:\/\/expresionesguerrero.com.mx\/expresioneswp\/?p=15714#article","isPartOf":{"@id":"https:\/\/expresionesguerrero.com.mx\/expresioneswp\/?p=15714"},"author":{"name":"Redacci\u00f3n","@id":"https:\/\/expresionesguerrero.com.mx\/expresioneswp\/#\/schema\/person\/b8a75dd4eb4a910b255423cf852fa057"},"headline":"Patrulla de papel","datePublished":"2026-09-06T01:58:48+00:00","dateModified":"2026-09-06T01:58:51+00:00","mainEntityOfPage":{"@id":"https:\/\/expresionesguerrero.com.mx\/expresioneswp\/?p=15714"},"wordCount":1957,"commentCount":0,"publisher":{"@id":"https:\/\/expresionesguerrero.com.mx\/expresioneswp\/#organization"},"image":{"@id":"https:\/\/expresionesguerrero.com.mx\/expresioneswp\/?p=15714#primaryimage"},"thumbnailUrl":"https:\/\/expresionesguerrero.com.mx\/expresioneswp\/wp-content\/uploads\/2026\/09\/patrulla.jpg","keywords":["Patrulla de papel"],"articleSection":["Expresiones"],"inLanguage":"es","potentialAction":[{"@type":"CommentAction","name":"Comment","target":["https:\/\/expresionesguerrero.com.mx\/expresioneswp\/?p=15714#respond"]}]},{"@type":"WebPage","@id":"https:\/\/expresionesguerrero.com.mx\/expresioneswp\/?p=15714","url":"https:\/\/expresionesguerrero.com.mx\/expresioneswp\/?p=15714","name":"Patrulla de papel - Expresiones Guerrero","isPartOf":{"@id":"https:\/\/expresionesguerrero.com.mx\/expresioneswp\/#website"},"primaryImageOfPage":{"@id":"https:\/\/expresionesguerrero.com.mx\/expresioneswp\/?p=15714#primaryimage"},"image":{"@id":"https:\/\/expresionesguerrero.com.mx\/expresioneswp\/?p=15714#primaryimage"},"thumbnailUrl":"https:\/\/expresionesguerrero.com.mx\/expresioneswp\/wp-content\/uploads\/2026\/09\/patrulla.jpg","datePublished":"2026-09-06T01:58:48+00:00","dateModified":"2026-09-06T01:58:51+00:00","description":"Patrulla de papel Expresiones","breadcrumb":{"@id":"https:\/\/expresionesguerrero.com.mx\/expresioneswp\/?p=15714#breadcrumb"},"inLanguage":"es","potentialAction":[{"@type":"ReadAction","target":["https:\/\/expresionesguerrero.com.mx\/expresioneswp\/?p=15714"]}]},{"@type":"ImageObject","inLanguage":"es","@id":"https:\/\/expresionesguerrero.com.mx\/expresioneswp\/?p=15714#primaryimage","url":"https:\/\/expresionesguerrero.com.mx\/expresioneswp\/wp-content\/uploads\/2026\/09\/patrulla.jpg","contentUrl":"https:\/\/expresionesguerrero.com.mx\/expresioneswp\/wp-content\/uploads\/2026\/09\/patrulla.jpg","width":1200,"height":800},{"@type":"BreadcrumbList","@id":"https:\/\/expresionesguerrero.com.mx\/expresioneswp\/?p=15714#breadcrumb","itemListElement":[{"@type":"ListItem","position":1,"name":"Portada","item":"https:\/\/expresionesguerrero.com.mx\/expresioneswp"},{"@type":"ListItem","position":2,"name":"Patrulla de papel"}]},{"@type":"WebSite","@id":"https:\/\/expresionesguerrero.com.mx\/expresioneswp\/#website","url":"https:\/\/expresionesguerrero.com.mx\/expresioneswp\/","name":"Expresiones Guerrero","description":"Periodismo Digital","publisher":{"@id":"https:\/\/expresionesguerrero.com.mx\/expresioneswp\/#organization"},"potentialAction":[{"@type":"SearchAction","target":{"@type":"EntryPoint","urlTemplate":"https:\/\/expresionesguerrero.com.mx\/expresioneswp\/?s={search_term_string}"},"query-input":{"@type":"PropertyValueSpecification","valueRequired":true,"valueName":"search_term_string"}}],"inLanguage":"es"},{"@type":"Organization","@id":"https:\/\/expresionesguerrero.com.mx\/expresioneswp\/#organization","name":"Expresiones Guerrero","url":"https:\/\/expresionesguerrero.com.mx\/expresioneswp\/","logo":{"@type":"ImageObject","inLanguage":"es","@id":"https:\/\/expresionesguerrero.com.mx\/expresioneswp\/#\/schema\/logo\/image\/","url":"https:\/\/expresionesguerrero.com.mx\/expresioneswp\/wp-content\/uploads\/2021\/05\/cropped-logotipo-expresiones1-1.jpg","contentUrl":"https:\/\/expresionesguerrero.com.mx\/expresioneswp\/wp-content\/uploads\/2021\/05\/cropped-logotipo-expresiones1-1.jpg","width":512,"height":512,"caption":"Expresiones Guerrero"},"image":{"@id":"https:\/\/expresionesguerrero.com.mx\/expresioneswp\/#\/schema\/logo\/image\/"}},{"@type":"Person","@id":"https:\/\/expresionesguerrero.com.mx\/expresioneswp\/#\/schema\/person\/b8a75dd4eb4a910b255423cf852fa057","name":"Redacci\u00f3n","image":{"@type":"ImageObject","inLanguage":"es","@id":"https:\/\/secure.gravatar.com\/avatar\/1f40520a5813d57bbf3ac6e35ab581cc8b1db7caf6e072e5bafff82efd93b02a?s=96&d=mm&r=g","url":"https:\/\/secure.gravatar.com\/avatar\/1f40520a5813d57bbf3ac6e35ab581cc8b1db7caf6e072e5bafff82efd93b02a?s=96&d=mm&r=g","contentUrl":"https:\/\/secure.gravatar.com\/avatar\/1f40520a5813d57bbf3ac6e35ab581cc8b1db7caf6e072e5bafff82efd93b02a?s=96&d=mm&r=g","caption":"Redacci\u00f3n"},"sameAs":["http:\/\/expresionesguerrero.com.mx\/expresioneswp"],"url":"https:\/\/expresionesguerrero.com.mx\/expresioneswp\/?author=1"}]}},"_links":{"self":[{"href":"https:\/\/expresionesguerrero.com.mx\/expresioneswp\/index.php?rest_route=\/wp\/v2\/posts\/15714","targetHints":{"allow":["GET"]}}],"collection":[{"href":"https:\/\/expresionesguerrero.com.mx\/expresioneswp\/index.php?rest_route=\/wp\/v2\/posts"}],"about":[{"href":"https:\/\/expresionesguerrero.com.mx\/expresioneswp\/index.php?rest_route=\/wp\/v2\/types\/post"}],"author":[{"embeddable":true,"href":"https:\/\/expresionesguerrero.com.mx\/expresioneswp\/index.php?rest_route=\/wp\/v2\/users\/1"}],"replies":[{"embeddable":true,"href":"https:\/\/expresionesguerrero.com.mx\/expresioneswp\/index.php?rest_route=%2Fwp%2Fv2%2Fcomments&post=15714"}],"version-history":[{"count":1,"href":"https:\/\/expresionesguerrero.com.mx\/expresioneswp\/index.php?rest_route=\/wp\/v2\/posts\/15714\/revisions"}],"predecessor-version":[{"id":15716,"href":"https:\/\/expresionesguerrero.com.mx\/expresioneswp\/index.php?rest_route=\/wp\/v2\/posts\/15714\/revisions\/15716"}],"wp:featuredmedia":[{"embeddable":true,"href":"https:\/\/expresionesguerrero.com.mx\/expresioneswp\/index.php?rest_route=\/wp\/v2\/media\/15715"}],"wp:attachment":[{"href":"https:\/\/expresionesguerrero.com.mx\/expresioneswp\/index.php?rest_route=%2Fwp%2Fv2%2Fmedia&parent=15714"}],"wp:term":[{"taxonomy":"category","embeddable":true,"href":"https:\/\/expresionesguerrero.com.mx\/expresioneswp\/index.php?rest_route=%2Fwp%2Fv2%2Fcategories&post=15714"},{"taxonomy":"post_tag","embeddable":true,"href":"https:\/\/expresionesguerrero.com.mx\/expresioneswp\/index.php?rest_route=%2Fwp%2Fv2%2Ftags&post=15714"}],"curies":[{"name":"wp","href":"https:\/\/api.w.org\/{rel}","templated":true}]}}