{"id":15709,"date":"2026-09-05T12:39:09","date_gmt":"2026-09-05T17:39:09","guid":{"rendered":"https:\/\/expresionesguerrero.com.mx\/expresioneswp\/?p=15709"},"modified":"2026-09-05T12:39:13","modified_gmt":"2026-09-05T17:39:13","slug":"robo-por-millones-en-criptomonedas-movil-del-multihomicidio","status":"publish","type":"post","link":"https:\/\/expresionesguerrero.com.mx\/expresioneswp\/?p=15709","title":{"rendered":"Robo por millones en criptomonedas, m\u00f3vil del multihomicidio"},"content":{"rendered":"\n<p class=\"wp-block-paragraph\">La Fiscal\u00eda General de Justicia del Estado de M\u00e9xico inform\u00f3 que las primeras investigaciones del asesinato del m\u00fasico Jonathan Mel\u00e9ndez, su familia y su trabajadora dom\u00e9stica establecen que el m\u00f3vil del multihomicidio fue el robo de criptomonedas que esperaban encontrar en el departamento y que refirieron como \u201cuna caja fr\u00eda con cantidades millonarias de d\u00f3lares en Bitcoins\u201d.<\/p>\n\n\n\n<p class=\"wp-block-paragraph\">Las indagatorias de la FGJEM establecen que presuntamente Diego Sebasti\u00e1n \u201cN\u201d le ofreci\u00f3 a Gerardo \u201cN\u201d 2 millones de pesos \u201cpor la ayuda\u201d.<\/p>\n\n\n\n<p class=\"wp-block-paragraph\">Despu\u00e9s de presuntamente cometer el crimen, Diego Sebasti\u00e1n \u201cN\u201d se traslad\u00f3 a un restaurante de la Ciudad de M\u00e9xico para comer tacos y, cuando vio que ya no hab\u00eda servicio, se retir\u00f3 con destino a la colonia Del Valle.<\/p>\n\n\n\n<p class=\"wp-block-paragraph\">Fue a las 00:40 horas del mi\u00e9rcoles 2 de septiembre cuando la Fiscal\u00eda General de Justicia del Estado de M\u00e9xico fue notificada del caso y al departamento ubicado en el fraccionamiento Grand Viure llegaron agentes a la 1:05 de la ma\u00f1ana para comenzar con las diligencias del caso y concluyeron a las 04:25 horas.<\/p>\n\n\n\n<p class=\"wp-block-paragraph\">\u201cEn el segundo nivel del inmueble se localiz\u00f3 el cuerpo de un masculino de 38 a\u00f1os de iniciales J.S.M.O., con impacto de arma de fuego en extremidad cef\u00e1lica, amordazado con cinta adhesiva industrial y maniatado en un sof\u00e1 al interior de la rec\u00e1mara principal\u201d, narr\u00f3 la Fiscal\u00eda mexiquense.<\/p>\n\n\n\n<p class=\"wp-block-paragraph\">La esposa de Jonathan, Ana Paula, fue hallada en el ba\u00f1o de esa misma habitaci\u00f3n, quien estaba en estado de gestaci\u00f3n y se encontraba amordazada y maniatada. \u201cSobre sus piernas, una menor de 3 a\u00f1os, ambas con impacto de arma de fuego en extremidad cef\u00e1lica\u201d.<\/p>\n\n\n\n<p class=\"wp-block-paragraph\">A Aleyda, de 21 a\u00f1os y trabajadora dom\u00e9stica, la hallaron en el primer nivel de la casa, sobre una cama, maniatada y con un disparo de arma de fuego en la parte superior de la espalda y base de la extremidad cef\u00e1lica.<\/p>\n\n\n\n<p class=\"wp-block-paragraph\">\u201cPor \u00faltimo, fue localizado en un ba\u00f1o de ese mismo nivel un canino hembra con el hocico envuelto con cinta adhesiva de color gris y disparo de arma de fuego en la cabeza\u201d, explic\u00f3 la Fiscal\u00eda mexiquense.<\/p>\n\n\n\n<p class=\"wp-block-paragraph\">En otra de las habitaciones encontraron a un menor de edad de aproximadamente cinco a\u00f1os, el cual fue entregado a sus abuelos por parte de la polic\u00eda municipal.<\/p>\n\n\n\n<p class=\"wp-block-paragraph\">\u201cEn el marco del Protocolo de Actuaci\u00f3n para quienes imparten justicia en casos que involucren a ni\u00f1as, ni\u00f1os y adolescentes y anteponiendo el inter\u00e9s superior de la ni\u00f1ez y en el momento oportuno, esta Fiscal\u00eda buscar\u00e1 recabar su entrevista. Hasta el momento, el ni\u00f1o no ha sido presentado para valoraciones psicol\u00f3gicas y de trabajo social ante el personal especializado de esta Fiscal\u00eda\u201d, puntualiz\u00f3 la instituci\u00f3n.<\/p>\n\n\n\n<p class=\"wp-block-paragraph\">El intervalo de muerte de las cuatro personas oscila de las 17:30 a las 20:00 horas, de acuerdo con las indagatorias del caso.<\/p>\n","protected":false},"excerpt":{"rendered":"<p>La Fiscal\u00eda General de Justicia del Estado de M\u00e9xico inform\u00f3 que las primeras investigaciones del asesinato del m\u00fasico Jonathan Mel\u00e9ndez,<\/p>\n","protected":false},"author":1,"featured_media":15710,"comment_status":"open","ping_status":"open","sticky":false,"template":"","format":"standard","meta":{"colormag_page_container_layout":"default_layout","colormag_page_sidebar_layout":"default_layout","footnotes":""},"categories":[5],"tags":[2451],"class_list":["post-15709","post","type-post","status-publish","format-standard","has-post-thumbnail","hentry","category-nacional","tag-robo-de-criptomonedas-es-el-movil-del-multihomicidio"],"yoast_head":"<!-- This site is optimized with the Yoast SEO plugin v28.4 - https:\/\/yoast.com\/product\/yoast-seo-wordpress\/ -->\n<title>Robo por millones en criptomonedas, m\u00f3vil del multihomicidio - Expresiones Guerrero<\/title>\n<meta name=\"description\" content=\"Robo por millones en criptomonedas, m\u00f3vil del multihomicidio Nacional\" \/>\n<meta name=\"robots\" content=\"index, follow, max-snippet:-1, max-image-preview:large, max-video-preview:-1\" \/>\n<link rel=\"canonical\" href=\"https:\/\/expresionesguerrero.com.mx\/expresioneswp\/?p=15709\" \/>\n<meta property=\"og:locale\" content=\"es_ES\" \/>\n<meta property=\"og:type\" content=\"article\" \/>\n<meta property=\"og:title\" content=\"Robo por millones en criptomonedas, m\u00f3vil del multihomicidio - Expresiones Guerrero\" \/>\n<meta property=\"og:description\" content=\"Robo por millones en criptomonedas, m\u00f3vil del multihomicidio Nacional\" \/>\n<meta property=\"og:url\" content=\"https:\/\/expresionesguerrero.com.mx\/expresioneswp\/?p=15709\" \/>\n<meta property=\"og:site_name\" content=\"Expresiones Guerrero\" \/>\n<meta property=\"article:published_time\" content=\"2026-09-05T17:39:09+00:00\" \/>\n<meta property=\"article:modified_time\" content=\"2026-09-05T17:39:13+00:00\" \/>\n<meta property=\"og:image\" content=\"https:\/\/expresionesguerrero.com.mx\/expresioneswp\/wp-content\/uploads\/2026\/09\/asesino-1.jpg\" \/>\n\t<meta property=\"og:image:width\" content=\"1200\" \/>\n\t<meta property=\"og:image:height\" content=\"800\" \/>\n\t<meta property=\"og:image:type\" content=\"image\/jpeg\" \/>\n<meta name=\"author\" content=\"Redacci\u00f3n\" \/>\n<meta name=\"twitter:card\" content=\"summary_large_image\" \/>\n<meta name=\"twitter:label1\" content=\"Escrito por\" \/>\n\t<meta name=\"twitter:data1\" content=\"Redacci\u00f3n\" \/>\n\t<meta name=\"twitter:label2\" content=\"Tiempo de lectura\" \/>\n\t<meta name=\"twitter:data2\" content=\"3 minutos\" \/>\n<script type=\"application\/ld+json\" class=\"yoast-schema-graph\">{\"@context\":\"https:\\\/\\\/schema.org\",\"@graph\":[{\"@type\":\"NewsArticle\",\"@id\":\"https:\\\/\\\/expresionesguerrero.com.mx\\\/expresioneswp\\\/?p=15709#article\",\"isPartOf\":{\"@id\":\"https:\\\/\\\/expresionesguerrero.com.mx\\\/expresioneswp\\\/?p=15709\"},\"author\":{\"name\":\"Redacci\u00f3n\",\"@id\":\"https:\\\/\\\/expresionesguerrero.com.mx\\\/expresioneswp\\\/#\\\/schema\\\/person\\\/b8a75dd4eb4a910b255423cf852fa057\"},\"headline\":\"Robo por millones en criptomonedas, m\u00f3vil del multihomicidio\",\"datePublished\":\"2026-09-05T17:39:09+00:00\",\"dateModified\":\"2026-09-05T17:39:13+00:00\",\"mainEntityOfPage\":{\"@id\":\"https:\\\/\\\/expresionesguerrero.com.mx\\\/expresioneswp\\\/?p=15709\"},\"wordCount\":506,\"commentCount\":0,\"publisher\":{\"@id\":\"https:\\\/\\\/expresionesguerrero.com.mx\\\/expresioneswp\\\/#organization\"},\"image\":{\"@id\":\"https:\\\/\\\/expresionesguerrero.com.mx\\\/expresioneswp\\\/?p=15709#primaryimage\"},\"thumbnailUrl\":\"https:\\\/\\\/expresionesguerrero.com.mx\\\/expresioneswp\\\/wp-content\\\/uploads\\\/2026\\\/09\\\/asesino-1.jpg\",\"keywords\":[\"Robo de criptomonedas es el m\u00f3vil del multihomicidio\"],\"articleSection\":[\"Nacional\"],\"inLanguage\":\"es\",\"potentialAction\":[{\"@type\":\"CommentAction\",\"name\":\"Comment\",\"target\":[\"https:\\\/\\\/expresionesguerrero.com.mx\\\/expresioneswp\\\/?p=15709#respond\"]}]},{\"@type\":\"WebPage\",\"@id\":\"https:\\\/\\\/expresionesguerrero.com.mx\\\/expresioneswp\\\/?p=15709\",\"url\":\"https:\\\/\\\/expresionesguerrero.com.mx\\\/expresioneswp\\\/?p=15709\",\"name\":\"Robo por millones en criptomonedas, m\u00f3vil del multihomicidio - Expresiones Guerrero\",\"isPartOf\":{\"@id\":\"https:\\\/\\\/expresionesguerrero.com.mx\\\/expresioneswp\\\/#website\"},\"primaryImageOfPage\":{\"@id\":\"https:\\\/\\\/expresionesguerrero.com.mx\\\/expresioneswp\\\/?p=15709#primaryimage\"},\"image\":{\"@id\":\"https:\\\/\\\/expresionesguerrero.com.mx\\\/expresioneswp\\\/?p=15709#primaryimage\"},\"thumbnailUrl\":\"https:\\\/\\\/expresionesguerrero.com.mx\\\/expresioneswp\\\/wp-content\\\/uploads\\\/2026\\\/09\\\/asesino-1.jpg\",\"datePublished\":\"2026-09-05T17:39:09+00:00\",\"dateModified\":\"2026-09-05T17:39:13+00:00\",\"description\":\"Robo por millones en criptomonedas, m\u00f3vil del multihomicidio Nacional\",\"breadcrumb\":{\"@id\":\"https:\\\/\\\/expresionesguerrero.com.mx\\\/expresioneswp\\\/?p=15709#breadcrumb\"},\"inLanguage\":\"es\",\"potentialAction\":[{\"@type\":\"ReadAction\",\"target\":[\"https:\\\/\\\/expresionesguerrero.com.mx\\\/expresioneswp\\\/?p=15709\"]}]},{\"@type\":\"ImageObject\",\"inLanguage\":\"es\",\"@id\":\"https:\\\/\\\/expresionesguerrero.com.mx\\\/expresioneswp\\\/?p=15709#primaryimage\",\"url\":\"https:\\\/\\\/expresionesguerrero.com.mx\\\/expresioneswp\\\/wp-content\\\/uploads\\\/2026\\\/09\\\/asesino-1.jpg\",\"contentUrl\":\"https:\\\/\\\/expresionesguerrero.com.mx\\\/expresioneswp\\\/wp-content\\\/uploads\\\/2026\\\/09\\\/asesino-1.jpg\",\"width\":1200,\"height\":800},{\"@type\":\"BreadcrumbList\",\"@id\":\"https:\\\/\\\/expresionesguerrero.com.mx\\\/expresioneswp\\\/?p=15709#breadcrumb\",\"itemListElement\":[{\"@type\":\"ListItem\",\"position\":1,\"name\":\"Portada\",\"item\":\"https:\\\/\\\/expresionesguerrero.com.mx\\\/expresioneswp\"},{\"@type\":\"ListItem\",\"position\":2,\"name\":\"Robo por millones en criptomonedas, m\u00f3vil del multihomicidio\"}]},{\"@type\":\"WebSite\",\"@id\":\"https:\\\/\\\/expresionesguerrero.com.mx\\\/expresioneswp\\\/#website\",\"url\":\"https:\\\/\\\/expresionesguerrero.com.mx\\\/expresioneswp\\\/\",\"name\":\"Expresiones Guerrero\",\"description\":\"Periodismo Digital\",\"publisher\":{\"@id\":\"https:\\\/\\\/expresionesguerrero.com.mx\\\/expresioneswp\\\/#organization\"},\"potentialAction\":[{\"@type\":\"SearchAction\",\"target\":{\"@type\":\"EntryPoint\",\"urlTemplate\":\"https:\\\/\\\/expresionesguerrero.com.mx\\\/expresioneswp\\\/?s={search_term_string}\"},\"query-input\":{\"@type\":\"PropertyValueSpecification\",\"valueRequired\":true,\"valueName\":\"search_term_string\"}}],\"inLanguage\":\"es\"},{\"@type\":\"Organization\",\"@id\":\"https:\\\/\\\/expresionesguerrero.com.mx\\\/expresioneswp\\\/#organization\",\"name\":\"Expresiones Guerrero\",\"url\":\"https:\\\/\\\/expresionesguerrero.com.mx\\\/expresioneswp\\\/\",\"logo\":{\"@type\":\"ImageObject\",\"inLanguage\":\"es\",\"@id\":\"https:\\\/\\\/expresionesguerrero.com.mx\\\/expresioneswp\\\/#\\\/schema\\\/logo\\\/image\\\/\",\"url\":\"https:\\\/\\\/expresionesguerrero.com.mx\\\/expresioneswp\\\/wp-content\\\/uploads\\\/2021\\\/05\\\/cropped-logotipo-expresiones1-1.jpg\",\"contentUrl\":\"https:\\\/\\\/expresionesguerrero.com.mx\\\/expresioneswp\\\/wp-content\\\/uploads\\\/2021\\\/05\\\/cropped-logotipo-expresiones1-1.jpg\",\"width\":512,\"height\":512,\"caption\":\"Expresiones Guerrero\"},\"image\":{\"@id\":\"https:\\\/\\\/expresionesguerrero.com.mx\\\/expresioneswp\\\/#\\\/schema\\\/logo\\\/image\\\/\"}},{\"@type\":\"Person\",\"@id\":\"https:\\\/\\\/expresionesguerrero.com.mx\\\/expresioneswp\\\/#\\\/schema\\\/person\\\/b8a75dd4eb4a910b255423cf852fa057\",\"name\":\"Redacci\u00f3n\",\"image\":{\"@type\":\"ImageObject\",\"inLanguage\":\"es\",\"@id\":\"https:\\\/\\\/secure.gravatar.com\\\/avatar\\\/1f40520a5813d57bbf3ac6e35ab581cc8b1db7caf6e072e5bafff82efd93b02a?s=96&d=mm&r=g\",\"url\":\"https:\\\/\\\/secure.gravatar.com\\\/avatar\\\/1f40520a5813d57bbf3ac6e35ab581cc8b1db7caf6e072e5bafff82efd93b02a?s=96&d=mm&r=g\",\"contentUrl\":\"https:\\\/\\\/secure.gravatar.com\\\/avatar\\\/1f40520a5813d57bbf3ac6e35ab581cc8b1db7caf6e072e5bafff82efd93b02a?s=96&d=mm&r=g\",\"caption\":\"Redacci\u00f3n\"},\"sameAs\":[\"http:\\\/\\\/expresionesguerrero.com.mx\\\/expresioneswp\"],\"url\":\"https:\\\/\\\/expresionesguerrero.com.mx\\\/expresioneswp\\\/?author=1\"}]}<\/script>\n<!-- \/ Yoast SEO plugin. -->","yoast_head_json":{"title":"Robo por millones en criptomonedas, m\u00f3vil del multihomicidio - Expresiones Guerrero","description":"Robo por millones en criptomonedas, m\u00f3vil del multihomicidio Nacional","robots":{"index":"index","follow":"follow","max-snippet":"max-snippet:-1","max-image-preview":"max-image-preview:large","max-video-preview":"max-video-preview:-1"},"canonical":"https:\/\/expresionesguerrero.com.mx\/expresioneswp\/?p=15709","og_locale":"es_ES","og_type":"article","og_title":"Robo por millones en criptomonedas, m\u00f3vil del multihomicidio - Expresiones Guerrero","og_description":"Robo por millones en criptomonedas, m\u00f3vil del multihomicidio Nacional","og_url":"https:\/\/expresionesguerrero.com.mx\/expresioneswp\/?p=15709","og_site_name":"Expresiones Guerrero","article_published_time":"2026-09-05T17:39:09+00:00","article_modified_time":"2026-09-05T17:39:13+00:00","og_image":[{"width":1200,"height":800,"url":"https:\/\/expresionesguerrero.com.mx\/expresioneswp\/wp-content\/uploads\/2026\/09\/asesino-1.jpg","type":"image\/jpeg"}],"author":"Redacci\u00f3n","twitter_card":"summary_large_image","twitter_misc":{"Escrito por":"Redacci\u00f3n","Tiempo de lectura":"3 minutos"},"schema":{"@context":"https:\/\/schema.org","@graph":[{"@type":"NewsArticle","@id":"https:\/\/expresionesguerrero.com.mx\/expresioneswp\/?p=15709#article","isPartOf":{"@id":"https:\/\/expresionesguerrero.com.mx\/expresioneswp\/?p=15709"},"author":{"name":"Redacci\u00f3n","@id":"https:\/\/expresionesguerrero.com.mx\/expresioneswp\/#\/schema\/person\/b8a75dd4eb4a910b255423cf852fa057"},"headline":"Robo por millones en criptomonedas, m\u00f3vil del multihomicidio","datePublished":"2026-09-05T17:39:09+00:00","dateModified":"2026-09-05T17:39:13+00:00","mainEntityOfPage":{"@id":"https:\/\/expresionesguerrero.com.mx\/expresioneswp\/?p=15709"},"wordCount":506,"commentCount":0,"publisher":{"@id":"https:\/\/expresionesguerrero.com.mx\/expresioneswp\/#organization"},"image":{"@id":"https:\/\/expresionesguerrero.com.mx\/expresioneswp\/?p=15709#primaryimage"},"thumbnailUrl":"https:\/\/expresionesguerrero.com.mx\/expresioneswp\/wp-content\/uploads\/2026\/09\/asesino-1.jpg","keywords":["Robo de criptomonedas es el m\u00f3vil del multihomicidio"],"articleSection":["Nacional"],"inLanguage":"es","potentialAction":[{"@type":"CommentAction","name":"Comment","target":["https:\/\/expresionesguerrero.com.mx\/expresioneswp\/?p=15709#respond"]}]},{"@type":"WebPage","@id":"https:\/\/expresionesguerrero.com.mx\/expresioneswp\/?p=15709","url":"https:\/\/expresionesguerrero.com.mx\/expresioneswp\/?p=15709","name":"Robo por millones en criptomonedas, m\u00f3vil del multihomicidio - Expresiones Guerrero","isPartOf":{"@id":"https:\/\/expresionesguerrero.com.mx\/expresioneswp\/#website"},"primaryImageOfPage":{"@id":"https:\/\/expresionesguerrero.com.mx\/expresioneswp\/?p=15709#primaryimage"},"image":{"@id":"https:\/\/expresionesguerrero.com.mx\/expresioneswp\/?p=15709#primaryimage"},"thumbnailUrl":"https:\/\/expresionesguerrero.com.mx\/expresioneswp\/wp-content\/uploads\/2026\/09\/asesino-1.jpg","datePublished":"2026-09-05T17:39:09+00:00","dateModified":"2026-09-05T17:39:13+00:00","description":"Robo por millones en criptomonedas, m\u00f3vil del multihomicidio Nacional","breadcrumb":{"@id":"https:\/\/expresionesguerrero.com.mx\/expresioneswp\/?p=15709#breadcrumb"},"inLanguage":"es","potentialAction":[{"@type":"ReadAction","target":["https:\/\/expresionesguerrero.com.mx\/expresioneswp\/?p=15709"]}]},{"@type":"ImageObject","inLanguage":"es","@id":"https:\/\/expresionesguerrero.com.mx\/expresioneswp\/?p=15709#primaryimage","url":"https:\/\/expresionesguerrero.com.mx\/expresioneswp\/wp-content\/uploads\/2026\/09\/asesino-1.jpg","contentUrl":"https:\/\/expresionesguerrero.com.mx\/expresioneswp\/wp-content\/uploads\/2026\/09\/asesino-1.jpg","width":1200,"height":800},{"@type":"BreadcrumbList","@id":"https:\/\/expresionesguerrero.com.mx\/expresioneswp\/?p=15709#breadcrumb","itemListElement":[{"@type":"ListItem","position":1,"name":"Portada","item":"https:\/\/expresionesguerrero.com.mx\/expresioneswp"},{"@type":"ListItem","position":2,"name":"Robo por millones en criptomonedas, m\u00f3vil del multihomicidio"}]},{"@type":"WebSite","@id":"https:\/\/expresionesguerrero.com.mx\/expresioneswp\/#website","url":"https:\/\/expresionesguerrero.com.mx\/expresioneswp\/","name":"Expresiones Guerrero","description":"Periodismo Digital","publisher":{"@id":"https:\/\/expresionesguerrero.com.mx\/expresioneswp\/#organization"},"potentialAction":[{"@type":"SearchAction","target":{"@type":"EntryPoint","urlTemplate":"https:\/\/expresionesguerrero.com.mx\/expresioneswp\/?s={search_term_string}"},"query-input":{"@type":"PropertyValueSpecification","valueRequired":true,"valueName":"search_term_string"}}],"inLanguage":"es"},{"@type":"Organization","@id":"https:\/\/expresionesguerrero.com.mx\/expresioneswp\/#organization","name":"Expresiones Guerrero","url":"https:\/\/expresionesguerrero.com.mx\/expresioneswp\/","logo":{"@type":"ImageObject","inLanguage":"es","@id":"https:\/\/expresionesguerrero.com.mx\/expresioneswp\/#\/schema\/logo\/image\/","url":"https:\/\/expresionesguerrero.com.mx\/expresioneswp\/wp-content\/uploads\/2021\/05\/cropped-logotipo-expresiones1-1.jpg","contentUrl":"https:\/\/expresionesguerrero.com.mx\/expresioneswp\/wp-content\/uploads\/2021\/05\/cropped-logotipo-expresiones1-1.jpg","width":512,"height":512,"caption":"Expresiones Guerrero"},"image":{"@id":"https:\/\/expresionesguerrero.com.mx\/expresioneswp\/#\/schema\/logo\/image\/"}},{"@type":"Person","@id":"https:\/\/expresionesguerrero.com.mx\/expresioneswp\/#\/schema\/person\/b8a75dd4eb4a910b255423cf852fa057","name":"Redacci\u00f3n","image":{"@type":"ImageObject","inLanguage":"es","@id":"https:\/\/secure.gravatar.com\/avatar\/1f40520a5813d57bbf3ac6e35ab581cc8b1db7caf6e072e5bafff82efd93b02a?s=96&d=mm&r=g","url":"https:\/\/secure.gravatar.com\/avatar\/1f40520a5813d57bbf3ac6e35ab581cc8b1db7caf6e072e5bafff82efd93b02a?s=96&d=mm&r=g","contentUrl":"https:\/\/secure.gravatar.com\/avatar\/1f40520a5813d57bbf3ac6e35ab581cc8b1db7caf6e072e5bafff82efd93b02a?s=96&d=mm&r=g","caption":"Redacci\u00f3n"},"sameAs":["http:\/\/expresionesguerrero.com.mx\/expresioneswp"],"url":"https:\/\/expresionesguerrero.com.mx\/expresioneswp\/?author=1"}]}},"_links":{"self":[{"href":"https:\/\/expresionesguerrero.com.mx\/expresioneswp\/index.php?rest_route=\/wp\/v2\/posts\/15709","targetHints":{"allow":["GET"]}}],"collection":[{"href":"https:\/\/expresionesguerrero.com.mx\/expresioneswp\/index.php?rest_route=\/wp\/v2\/posts"}],"about":[{"href":"https:\/\/expresionesguerrero.com.mx\/expresioneswp\/index.php?rest_route=\/wp\/v2\/types\/post"}],"author":[{"embeddable":true,"href":"https:\/\/expresionesguerrero.com.mx\/expresioneswp\/index.php?rest_route=\/wp\/v2\/users\/1"}],"replies":[{"embeddable":true,"href":"https:\/\/expresionesguerrero.com.mx\/expresioneswp\/index.php?rest_route=%2Fwp%2Fv2%2Fcomments&post=15709"}],"version-history":[{"count":1,"href":"https:\/\/expresionesguerrero.com.mx\/expresioneswp\/index.php?rest_route=\/wp\/v2\/posts\/15709\/revisions"}],"predecessor-version":[{"id":15711,"href":"https:\/\/expresionesguerrero.com.mx\/expresioneswp\/index.php?rest_route=\/wp\/v2\/posts\/15709\/revisions\/15711"}],"wp:featuredmedia":[{"embeddable":true,"href":"https:\/\/expresionesguerrero.com.mx\/expresioneswp\/index.php?rest_route=\/wp\/v2\/media\/15710"}],"wp:attachment":[{"href":"https:\/\/expresionesguerrero.com.mx\/expresioneswp\/index.php?rest_route=%2Fwp%2Fv2%2Fmedia&parent=15709"}],"wp:term":[{"taxonomy":"category","embeddable":true,"href":"https:\/\/expresionesguerrero.com.mx\/expresioneswp\/index.php?rest_route=%2Fwp%2Fv2%2Fcategories&post=15709"},{"taxonomy":"post_tag","embeddable":true,"href":"https:\/\/expresionesguerrero.com.mx\/expresioneswp\/index.php?rest_route=%2Fwp%2Fv2%2Ftags&post=15709"}],"curies":[{"name":"wp","href":"https:\/\/api.w.org\/{rel}","templated":true}]}}