{"id":15691,"date":"2026-09-05T10:09:15","date_gmt":"2026-09-05T15:09:15","guid":{"rendered":"https:\/\/expresionesguerrero.com.mx\/expresioneswp\/?p=15691"},"modified":"2026-09-05T10:09:19","modified_gmt":"2026-09-05T15:09:19","slug":"tratan-de-recuperar-vehiculos-detenidos-por-operativo-en-tlapa","status":"publish","type":"post","link":"https:\/\/expresionesguerrero.com.mx\/expresioneswp\/?p=15691","title":{"rendered":"Tratan de recuperar veh\u00edculos detenidos por operativo en Tlapa"},"content":{"rendered":"\n<p class=\"wp-block-paragraph\">M\u00e1s de medio millar de personas acudi\u00f3 al corral\u00f3n municipal de Tlapa de Comonfort para recuperar autom\u00f3viles y motocicletas que fueron retenidas por autoridades de Tr\u00e1nsito tras el Operativo Enjambre que fue aplicado en este municipio de la zona de La Monta\u00f1a.<\/p>\n\n\n\n<p class=\"wp-block-paragraph\">El corral\u00f3n, ubicado en la Unidad Deportiva de Tlapa, fue literalmente invadido por centenares de personas tras la operaci\u00f3n desplegada por la Secretar\u00eda de la Defensa Nacional (Defensa) y la Guardia Nacional, en coordinaci\u00f3n con la fiscal\u00eda general del Estado de Guerrero y la Secretar\u00eda de Seguridad P\u00fablica estatal.<\/p>\n\n\n\n<p class=\"wp-block-paragraph\">En ese sitio, tambi\u00e9n operan oficinas de Tr\u00e1nsito municipal y desde la tarde del pasado jueves, habitantes comenzaron a concentrarse en el lugar para exigir la devoluci\u00f3n de sus unidades que fueron, seg\u00fan sus propias denuncias, arrebatadas de manera ilegal.<\/p>\n\n\n\n<figure class=\"wp-block-image size-large\"><img loading=\"lazy\" decoding=\"async\" width=\"1024\" height=\"683\" src=\"https:\/\/expresionesguerrero.com.mx\/expresioneswp\/wp-content\/uploads\/2026\/09\/tlapa-presi-1024x683.jpg\" alt=\"\" class=\"wp-image-15694\" srcset=\"https:\/\/expresionesguerrero.com.mx\/expresioneswp\/wp-content\/uploads\/2026\/09\/tlapa-presi-1024x683.jpg 1024w, https:\/\/expresionesguerrero.com.mx\/expresioneswp\/wp-content\/uploads\/2026\/09\/tlapa-presi-300x200.jpg 300w, https:\/\/expresionesguerrero.com.mx\/expresioneswp\/wp-content\/uploads\/2026\/09\/tlapa-presi-768x512.jpg 768w, https:\/\/expresionesguerrero.com.mx\/expresioneswp\/wp-content\/uploads\/2026\/09\/tlapa-presi.jpg 1200w\" sizes=\"auto, (max-width: 1024px) 100vw, 1024px\" \/><\/figure>\n\n\n\n<p class=\"wp-block-paragraph\">De acuerdo con testimonios de vecinos, algunas de las personas acudieron debido a que sus veh\u00edculos y motocicletas hab\u00edan sido asegurados por agentes de Tr\u00e1nsito municipal por presuntas infracciones.<\/p>\n\n\n\n<p class=\"wp-block-paragraph\">Habitantes de Tlapa denunciaron adem\u00e1s presuntos abusos y cobros excesivos por parte de agentes de Tr\u00e1nsito del Ayuntamiento, encabezado por el alcalde priista Gilberto Solano Arreaga.<\/p>\n\n\n\n<p class=\"wp-block-paragraph\">Seg\u00fan los testimonios recabados, las multas podr\u00edan ir desde los 2 mil hasta los 30 mil pesos, situaci\u00f3n que habr\u00eda generado molestia entre los propietarios de las unidades.<\/p>\n\n\n\n<p class=\"wp-block-paragraph\">La presencia de cientos de personas provoc\u00f3 tensi\u00f3n en las inmediaciones del corral\u00f3n, mientras se exig\u00eda el acceso para poder retirar los veh\u00edculos.<\/p>\n\n\n\n<p class=\"wp-block-paragraph\">Hasta el momento, el Ayuntamiento de Tlapa de Comonfort no hab\u00eda informado oficialmente cu\u00e1ntas unidades fueron recuperadas ni si hubo personas detenidas durante los hechos.<\/p>\n\n\n\n<figure class=\"wp-block-image size-large\"><img loading=\"lazy\" decoding=\"async\" width=\"683\" height=\"1024\" src=\"https:\/\/expresionesguerrero.com.mx\/expresioneswp\/wp-content\/uploads\/2026\/09\/tlapa-683x1024.jpg\" alt=\"\" class=\"wp-image-15696\" srcset=\"https:\/\/expresionesguerrero.com.mx\/expresioneswp\/wp-content\/uploads\/2026\/09\/tlapa-683x1024.jpg 683w, https:\/\/expresionesguerrero.com.mx\/expresioneswp\/wp-content\/uploads\/2026\/09\/tlapa-200x300.jpg 200w, https:\/\/expresionesguerrero.com.mx\/expresioneswp\/wp-content\/uploads\/2026\/09\/tlapa-768x1152.jpg 768w, https:\/\/expresionesguerrero.com.mx\/expresioneswp\/wp-content\/uploads\/2026\/09\/tlapa.jpg 800w\" sizes=\"auto, (max-width: 683px) 100vw, 683px\" \/><\/figure>\n\n\n\n<p class=\"wp-block-paragraph\">Tras la detenci\u00f3n de mandos viales y policiales en la cabecera municipal, la ciudadan\u00eda de Tlapa respald\u00f3 los operativos contra la corrupci\u00f3n, al tiempo que exigi\u00f3 extender las investigaciones hacia el presidente municipal, Gilberto Solano Arreaga, y agentes del Ministerio P\u00fablico del fuero com\u00fan.<\/p>\n\n\n\n<p class=\"wp-block-paragraph\">A trav\u00e9s de redes sociales, habitantes de la regi\u00f3n de La Monta\u00f1a reconocieron las acciones conjuntas de los gobiernos federal y estatal. Sin embargo, expresaron dudas sobre que el alcalde desconociera la red de extorsi\u00f3n que operaba en su administraci\u00f3n.<\/p>\n\n\n\n<p class=\"wp-block-paragraph\">Las denuncias ciudadanas se\u00f1alan que, tras la captura del director de Movilidad y Transporte, Simitrio \u00c1lvarez Benito, en el marco del Operativo Enjambre, se comenz\u00f3 a desmantelar un esquema de cobro de cuotas que afectaba a comerciantes locales y for\u00e1neos, transportistas y automovilistas.<\/p>\n\n\n\n<p class=\"wp-block-paragraph\">Seg\u00fan testimonios, los agentes de tr\u00e1nsito impon\u00edan persecuciones y multas excesivas a conductores y motociclistas para cumplir con las exigencias de sus superiores.<\/p>\n\n\n\n<p class=\"wp-block-paragraph\">Las denuncias ciudadanas no se limitaron al \u00e1mbito municipal ya que los pobladores solicitaron una investigaci\u00f3n urgente e integral al personal de la Fiscal\u00eda Regional de La Monta\u00f1a, con sede en la colonia Caltitl\u00e1n.<\/p>\n\n\n\n<figure class=\"wp-block-image size-large\"><img loading=\"lazy\" decoding=\"async\" width=\"1024\" height=\"683\" src=\"https:\/\/expresionesguerrero.com.mx\/expresioneswp\/wp-content\/uploads\/2026\/09\/tlapa2-1024x683.jpg\" alt=\"\" class=\"wp-image-15695\" srcset=\"https:\/\/expresionesguerrero.com.mx\/expresioneswp\/wp-content\/uploads\/2026\/09\/tlapa2-1024x683.jpg 1024w, https:\/\/expresionesguerrero.com.mx\/expresioneswp\/wp-content\/uploads\/2026\/09\/tlapa2-300x200.jpg 300w, https:\/\/expresionesguerrero.com.mx\/expresioneswp\/wp-content\/uploads\/2026\/09\/tlapa2-768x512.jpg 768w, https:\/\/expresionesguerrero.com.mx\/expresioneswp\/wp-content\/uploads\/2026\/09\/tlapa2.jpg 1200w\" sizes=\"auto, (max-width: 1024px) 100vw, 1024px\" \/><\/figure>\n\n\n\n<p class=\"wp-block-paragraph\">Acusan a agentes del Ministerio P\u00fablico y de la Polic\u00eda Ministerial de actuar en complicidad para extorsionar a la poblaci\u00f3n mediante retenes ilegales, amedrentando a los ciudadanos y cobrando cuotas por tr\u00e1mites que, por ley, son gratuitos.<\/p>\n\n\n\n<p class=\"wp-block-paragraph\">Por su parte, el Ayuntamiento de Tlapa manifest\u00f3 su disposici\u00f3n de coadyuvar con las autoridades en las investigaciones federales sobre los delitos de extorsi\u00f3n, pero se olvid\u00f3 de mencionar la detenci\u00f3n del director de Tr\u00e1nsito Municipal, Simitrio \u00c1lvarez Benito, detenido bajo la acusaci\u00f3n de extorsi\u00f3n.<\/p>\n\n\n\n<p class=\"wp-block-paragraph\">El gobierno del pri\u00edsta Gilberto Solano Arreaga dijo \u201cser respetuoso de las acciones y determinaciones que el gobierno federal y gobierno estatal realicen en este municipio en materia de seguridad. El gobierno municipal de Tlapa mantiene una actitud de apertura y disposici\u00f3n para que se lleven a cabo los procedimientos correspondientes relacionados con elementos de Seguridad Ciudadana y de Movilidad y Transporte\u00bb.<\/p>\n","protected":false},"excerpt":{"rendered":"<p>M\u00e1s de medio millar de personas acudi\u00f3 al corral\u00f3n municipal de Tlapa de Comonfort para recuperar autom\u00f3viles y motocicletas que<\/p>\n","protected":false},"author":1,"featured_media":15693,"comment_status":"open","ping_status":"open","sticky":false,"template":"","format":"standard","meta":{"colormag_page_container_layout":"default_layout","colormag_page_sidebar_layout":"default_layout","footnotes":""},"categories":[6],"tags":[2448],"class_list":["post-15691","post","type-post","status-publish","format-standard","has-post-thumbnail","hentry","category-guerrero","tag-tratan-de-recuperar-vehiculos-detenidos-por-operativo-en-tlapa"],"yoast_head":"<!-- This site is optimized with the Yoast SEO plugin v28.4 - https:\/\/yoast.com\/product\/yoast-seo-wordpress\/ -->\n<title>Tratan de recuperar veh\u00edculos detenidos por operativo en Tlapa - Expresiones Guerrero<\/title>\n<meta name=\"description\" content=\"Tratan de recuperar veh\u00edculos detenidos por operativo en Tlapa Guerrero\" \/>\n<meta name=\"robots\" content=\"index, follow, max-snippet:-1, max-image-preview:large, max-video-preview:-1\" \/>\n<link rel=\"canonical\" href=\"https:\/\/expresionesguerrero.com.mx\/expresioneswp\/?p=15691\" \/>\n<meta property=\"og:locale\" content=\"es_ES\" \/>\n<meta property=\"og:type\" content=\"article\" \/>\n<meta property=\"og:title\" content=\"Tratan de recuperar veh\u00edculos detenidos por operativo en Tlapa - Expresiones Guerrero\" \/>\n<meta property=\"og:description\" content=\"Tratan de recuperar veh\u00edculos detenidos por operativo en Tlapa Guerrero\" \/>\n<meta property=\"og:url\" content=\"https:\/\/expresionesguerrero.com.mx\/expresioneswp\/?p=15691\" \/>\n<meta property=\"og:site_name\" content=\"Expresiones Guerrero\" \/>\n<meta property=\"article:published_time\" content=\"2026-09-05T15:09:15+00:00\" \/>\n<meta property=\"article:modified_time\" content=\"2026-09-05T15:09:19+00:00\" \/>\n<meta property=\"og:image\" content=\"https:\/\/expresionesguerrero.com.mx\/expresioneswp\/wp-content\/uploads\/2026\/09\/tlapa3.jpg\" \/>\n\t<meta property=\"og:image:width\" content=\"1200\" \/>\n\t<meta property=\"og:image:height\" content=\"800\" \/>\n\t<meta property=\"og:image:type\" content=\"image\/jpeg\" \/>\n<meta name=\"author\" content=\"Redacci\u00f3n\" \/>\n<meta name=\"twitter:card\" content=\"summary_large_image\" \/>\n<meta name=\"twitter:label1\" content=\"Escrito por\" \/>\n\t<meta name=\"twitter:data1\" content=\"Redacci\u00f3n\" \/>\n\t<meta name=\"twitter:label2\" content=\"Tiempo de lectura\" \/>\n\t<meta name=\"twitter:data2\" content=\"4 minutos\" \/>\n<script type=\"application\/ld+json\" class=\"yoast-schema-graph\">{\"@context\":\"https:\\\/\\\/schema.org\",\"@graph\":[{\"@type\":\"NewsArticle\",\"@id\":\"https:\\\/\\\/expresionesguerrero.com.mx\\\/expresioneswp\\\/?p=15691#article\",\"isPartOf\":{\"@id\":\"https:\\\/\\\/expresionesguerrero.com.mx\\\/expresioneswp\\\/?p=15691\"},\"author\":{\"name\":\"Redacci\u00f3n\",\"@id\":\"https:\\\/\\\/expresionesguerrero.com.mx\\\/expresioneswp\\\/#\\\/schema\\\/person\\\/b8a75dd4eb4a910b255423cf852fa057\"},\"headline\":\"Tratan de recuperar veh\u00edculos detenidos por operativo en Tlapa\",\"datePublished\":\"2026-09-05T15:09:15+00:00\",\"dateModified\":\"2026-09-05T15:09:19+00:00\",\"mainEntityOfPage\":{\"@id\":\"https:\\\/\\\/expresionesguerrero.com.mx\\\/expresioneswp\\\/?p=15691\"},\"wordCount\":660,\"commentCount\":0,\"publisher\":{\"@id\":\"https:\\\/\\\/expresionesguerrero.com.mx\\\/expresioneswp\\\/#organization\"},\"image\":{\"@id\":\"https:\\\/\\\/expresionesguerrero.com.mx\\\/expresioneswp\\\/?p=15691#primaryimage\"},\"thumbnailUrl\":\"https:\\\/\\\/expresionesguerrero.com.mx\\\/expresioneswp\\\/wp-content\\\/uploads\\\/2026\\\/09\\\/tlapa3.jpg\",\"keywords\":[\"Tratan de recuperar veh\u00edculos detenidos por operativo en Tlapa\"],\"articleSection\":[\"Guerrero\"],\"inLanguage\":\"es\",\"potentialAction\":[{\"@type\":\"CommentAction\",\"name\":\"Comment\",\"target\":[\"https:\\\/\\\/expresionesguerrero.com.mx\\\/expresioneswp\\\/?p=15691#respond\"]}]},{\"@type\":\"WebPage\",\"@id\":\"https:\\\/\\\/expresionesguerrero.com.mx\\\/expresioneswp\\\/?p=15691\",\"url\":\"https:\\\/\\\/expresionesguerrero.com.mx\\\/expresioneswp\\\/?p=15691\",\"name\":\"Tratan de recuperar veh\u00edculos detenidos por operativo en Tlapa - Expresiones Guerrero\",\"isPartOf\":{\"@id\":\"https:\\\/\\\/expresionesguerrero.com.mx\\\/expresioneswp\\\/#website\"},\"primaryImageOfPage\":{\"@id\":\"https:\\\/\\\/expresionesguerrero.com.mx\\\/expresioneswp\\\/?p=15691#primaryimage\"},\"image\":{\"@id\":\"https:\\\/\\\/expresionesguerrero.com.mx\\\/expresioneswp\\\/?p=15691#primaryimage\"},\"thumbnailUrl\":\"https:\\\/\\\/expresionesguerrero.com.mx\\\/expresioneswp\\\/wp-content\\\/uploads\\\/2026\\\/09\\\/tlapa3.jpg\",\"datePublished\":\"2026-09-05T15:09:15+00:00\",\"dateModified\":\"2026-09-05T15:09:19+00:00\",\"description\":\"Tratan de recuperar veh\u00edculos detenidos por operativo en Tlapa Guerrero\",\"breadcrumb\":{\"@id\":\"https:\\\/\\\/expresionesguerrero.com.mx\\\/expresioneswp\\\/?p=15691#breadcrumb\"},\"inLanguage\":\"es\",\"potentialAction\":[{\"@type\":\"ReadAction\",\"target\":[\"https:\\\/\\\/expresionesguerrero.com.mx\\\/expresioneswp\\\/?p=15691\"]}]},{\"@type\":\"ImageObject\",\"inLanguage\":\"es\",\"@id\":\"https:\\\/\\\/expresionesguerrero.com.mx\\\/expresioneswp\\\/?p=15691#primaryimage\",\"url\":\"https:\\\/\\\/expresionesguerrero.com.mx\\\/expresioneswp\\\/wp-content\\\/uploads\\\/2026\\\/09\\\/tlapa3.jpg\",\"contentUrl\":\"https:\\\/\\\/expresionesguerrero.com.mx\\\/expresioneswp\\\/wp-content\\\/uploads\\\/2026\\\/09\\\/tlapa3.jpg\",\"width\":1200,\"height\":800},{\"@type\":\"BreadcrumbList\",\"@id\":\"https:\\\/\\\/expresionesguerrero.com.mx\\\/expresioneswp\\\/?p=15691#breadcrumb\",\"itemListElement\":[{\"@type\":\"ListItem\",\"position\":1,\"name\":\"Portada\",\"item\":\"https:\\\/\\\/expresionesguerrero.com.mx\\\/expresioneswp\"},{\"@type\":\"ListItem\",\"position\":2,\"name\":\"Tratan de recuperar veh\u00edculos detenidos por operativo en Tlapa\"}]},{\"@type\":\"WebSite\",\"@id\":\"https:\\\/\\\/expresionesguerrero.com.mx\\\/expresioneswp\\\/#website\",\"url\":\"https:\\\/\\\/expresionesguerrero.com.mx\\\/expresioneswp\\\/\",\"name\":\"Expresiones Guerrero\",\"description\":\"Periodismo Digital\",\"publisher\":{\"@id\":\"https:\\\/\\\/expresionesguerrero.com.mx\\\/expresioneswp\\\/#organization\"},\"potentialAction\":[{\"@type\":\"SearchAction\",\"target\":{\"@type\":\"EntryPoint\",\"urlTemplate\":\"https:\\\/\\\/expresionesguerrero.com.mx\\\/expresioneswp\\\/?s={search_term_string}\"},\"query-input\":{\"@type\":\"PropertyValueSpecification\",\"valueRequired\":true,\"valueName\":\"search_term_string\"}}],\"inLanguage\":\"es\"},{\"@type\":\"Organization\",\"@id\":\"https:\\\/\\\/expresionesguerrero.com.mx\\\/expresioneswp\\\/#organization\",\"name\":\"Expresiones Guerrero\",\"url\":\"https:\\\/\\\/expresionesguerrero.com.mx\\\/expresioneswp\\\/\",\"logo\":{\"@type\":\"ImageObject\",\"inLanguage\":\"es\",\"@id\":\"https:\\\/\\\/expresionesguerrero.com.mx\\\/expresioneswp\\\/#\\\/schema\\\/logo\\\/image\\\/\",\"url\":\"https:\\\/\\\/expresionesguerrero.com.mx\\\/expresioneswp\\\/wp-content\\\/uploads\\\/2021\\\/05\\\/cropped-logotipo-expresiones1-1.jpg\",\"contentUrl\":\"https:\\\/\\\/expresionesguerrero.com.mx\\\/expresioneswp\\\/wp-content\\\/uploads\\\/2021\\\/05\\\/cropped-logotipo-expresiones1-1.jpg\",\"width\":512,\"height\":512,\"caption\":\"Expresiones Guerrero\"},\"image\":{\"@id\":\"https:\\\/\\\/expresionesguerrero.com.mx\\\/expresioneswp\\\/#\\\/schema\\\/logo\\\/image\\\/\"}},{\"@type\":\"Person\",\"@id\":\"https:\\\/\\\/expresionesguerrero.com.mx\\\/expresioneswp\\\/#\\\/schema\\\/person\\\/b8a75dd4eb4a910b255423cf852fa057\",\"name\":\"Redacci\u00f3n\",\"image\":{\"@type\":\"ImageObject\",\"inLanguage\":\"es\",\"@id\":\"https:\\\/\\\/secure.gravatar.com\\\/avatar\\\/1f40520a5813d57bbf3ac6e35ab581cc8b1db7caf6e072e5bafff82efd93b02a?s=96&d=mm&r=g\",\"url\":\"https:\\\/\\\/secure.gravatar.com\\\/avatar\\\/1f40520a5813d57bbf3ac6e35ab581cc8b1db7caf6e072e5bafff82efd93b02a?s=96&d=mm&r=g\",\"contentUrl\":\"https:\\\/\\\/secure.gravatar.com\\\/avatar\\\/1f40520a5813d57bbf3ac6e35ab581cc8b1db7caf6e072e5bafff82efd93b02a?s=96&d=mm&r=g\",\"caption\":\"Redacci\u00f3n\"},\"sameAs\":[\"http:\\\/\\\/expresionesguerrero.com.mx\\\/expresioneswp\"],\"url\":\"https:\\\/\\\/expresionesguerrero.com.mx\\\/expresioneswp\\\/?author=1\"}]}<\/script>\n<!-- \/ Yoast SEO plugin. -->","yoast_head_json":{"title":"Tratan de recuperar veh\u00edculos detenidos por operativo en Tlapa - Expresiones Guerrero","description":"Tratan de recuperar veh\u00edculos detenidos por operativo en Tlapa Guerrero","robots":{"index":"index","follow":"follow","max-snippet":"max-snippet:-1","max-image-preview":"max-image-preview:large","max-video-preview":"max-video-preview:-1"},"canonical":"https:\/\/expresionesguerrero.com.mx\/expresioneswp\/?p=15691","og_locale":"es_ES","og_type":"article","og_title":"Tratan de recuperar veh\u00edculos detenidos por operativo en Tlapa - Expresiones Guerrero","og_description":"Tratan de recuperar veh\u00edculos detenidos por operativo en Tlapa Guerrero","og_url":"https:\/\/expresionesguerrero.com.mx\/expresioneswp\/?p=15691","og_site_name":"Expresiones Guerrero","article_published_time":"2026-09-05T15:09:15+00:00","article_modified_time":"2026-09-05T15:09:19+00:00","og_image":[{"width":1200,"height":800,"url":"https:\/\/expresionesguerrero.com.mx\/expresioneswp\/wp-content\/uploads\/2026\/09\/tlapa3.jpg","type":"image\/jpeg"}],"author":"Redacci\u00f3n","twitter_card":"summary_large_image","twitter_misc":{"Escrito por":"Redacci\u00f3n","Tiempo de lectura":"4 minutos"},"schema":{"@context":"https:\/\/schema.org","@graph":[{"@type":"NewsArticle","@id":"https:\/\/expresionesguerrero.com.mx\/expresioneswp\/?p=15691#article","isPartOf":{"@id":"https:\/\/expresionesguerrero.com.mx\/expresioneswp\/?p=15691"},"author":{"name":"Redacci\u00f3n","@id":"https:\/\/expresionesguerrero.com.mx\/expresioneswp\/#\/schema\/person\/b8a75dd4eb4a910b255423cf852fa057"},"headline":"Tratan de recuperar veh\u00edculos detenidos por operativo en Tlapa","datePublished":"2026-09-05T15:09:15+00:00","dateModified":"2026-09-05T15:09:19+00:00","mainEntityOfPage":{"@id":"https:\/\/expresionesguerrero.com.mx\/expresioneswp\/?p=15691"},"wordCount":660,"commentCount":0,"publisher":{"@id":"https:\/\/expresionesguerrero.com.mx\/expresioneswp\/#organization"},"image":{"@id":"https:\/\/expresionesguerrero.com.mx\/expresioneswp\/?p=15691#primaryimage"},"thumbnailUrl":"https:\/\/expresionesguerrero.com.mx\/expresioneswp\/wp-content\/uploads\/2026\/09\/tlapa3.jpg","keywords":["Tratan de recuperar veh\u00edculos detenidos por operativo en Tlapa"],"articleSection":["Guerrero"],"inLanguage":"es","potentialAction":[{"@type":"CommentAction","name":"Comment","target":["https:\/\/expresionesguerrero.com.mx\/expresioneswp\/?p=15691#respond"]}]},{"@type":"WebPage","@id":"https:\/\/expresionesguerrero.com.mx\/expresioneswp\/?p=15691","url":"https:\/\/expresionesguerrero.com.mx\/expresioneswp\/?p=15691","name":"Tratan de recuperar veh\u00edculos detenidos por operativo en Tlapa - Expresiones Guerrero","isPartOf":{"@id":"https:\/\/expresionesguerrero.com.mx\/expresioneswp\/#website"},"primaryImageOfPage":{"@id":"https:\/\/expresionesguerrero.com.mx\/expresioneswp\/?p=15691#primaryimage"},"image":{"@id":"https:\/\/expresionesguerrero.com.mx\/expresioneswp\/?p=15691#primaryimage"},"thumbnailUrl":"https:\/\/expresionesguerrero.com.mx\/expresioneswp\/wp-content\/uploads\/2026\/09\/tlapa3.jpg","datePublished":"2026-09-05T15:09:15+00:00","dateModified":"2026-09-05T15:09:19+00:00","description":"Tratan de recuperar veh\u00edculos detenidos por operativo en Tlapa Guerrero","breadcrumb":{"@id":"https:\/\/expresionesguerrero.com.mx\/expresioneswp\/?p=15691#breadcrumb"},"inLanguage":"es","potentialAction":[{"@type":"ReadAction","target":["https:\/\/expresionesguerrero.com.mx\/expresioneswp\/?p=15691"]}]},{"@type":"ImageObject","inLanguage":"es","@id":"https:\/\/expresionesguerrero.com.mx\/expresioneswp\/?p=15691#primaryimage","url":"https:\/\/expresionesguerrero.com.mx\/expresioneswp\/wp-content\/uploads\/2026\/09\/tlapa3.jpg","contentUrl":"https:\/\/expresionesguerrero.com.mx\/expresioneswp\/wp-content\/uploads\/2026\/09\/tlapa3.jpg","width":1200,"height":800},{"@type":"BreadcrumbList","@id":"https:\/\/expresionesguerrero.com.mx\/expresioneswp\/?p=15691#breadcrumb","itemListElement":[{"@type":"ListItem","position":1,"name":"Portada","item":"https:\/\/expresionesguerrero.com.mx\/expresioneswp"},{"@type":"ListItem","position":2,"name":"Tratan de recuperar veh\u00edculos detenidos por operativo en Tlapa"}]},{"@type":"WebSite","@id":"https:\/\/expresionesguerrero.com.mx\/expresioneswp\/#website","url":"https:\/\/expresionesguerrero.com.mx\/expresioneswp\/","name":"Expresiones Guerrero","description":"Periodismo Digital","publisher":{"@id":"https:\/\/expresionesguerrero.com.mx\/expresioneswp\/#organization"},"potentialAction":[{"@type":"SearchAction","target":{"@type":"EntryPoint","urlTemplate":"https:\/\/expresionesguerrero.com.mx\/expresioneswp\/?s={search_term_string}"},"query-input":{"@type":"PropertyValueSpecification","valueRequired":true,"valueName":"search_term_string"}}],"inLanguage":"es"},{"@type":"Organization","@id":"https:\/\/expresionesguerrero.com.mx\/expresioneswp\/#organization","name":"Expresiones Guerrero","url":"https:\/\/expresionesguerrero.com.mx\/expresioneswp\/","logo":{"@type":"ImageObject","inLanguage":"es","@id":"https:\/\/expresionesguerrero.com.mx\/expresioneswp\/#\/schema\/logo\/image\/","url":"https:\/\/expresionesguerrero.com.mx\/expresioneswp\/wp-content\/uploads\/2021\/05\/cropped-logotipo-expresiones1-1.jpg","contentUrl":"https:\/\/expresionesguerrero.com.mx\/expresioneswp\/wp-content\/uploads\/2021\/05\/cropped-logotipo-expresiones1-1.jpg","width":512,"height":512,"caption":"Expresiones Guerrero"},"image":{"@id":"https:\/\/expresionesguerrero.com.mx\/expresioneswp\/#\/schema\/logo\/image\/"}},{"@type":"Person","@id":"https:\/\/expresionesguerrero.com.mx\/expresioneswp\/#\/schema\/person\/b8a75dd4eb4a910b255423cf852fa057","name":"Redacci\u00f3n","image":{"@type":"ImageObject","inLanguage":"es","@id":"https:\/\/secure.gravatar.com\/avatar\/1f40520a5813d57bbf3ac6e35ab581cc8b1db7caf6e072e5bafff82efd93b02a?s=96&d=mm&r=g","url":"https:\/\/secure.gravatar.com\/avatar\/1f40520a5813d57bbf3ac6e35ab581cc8b1db7caf6e072e5bafff82efd93b02a?s=96&d=mm&r=g","contentUrl":"https:\/\/secure.gravatar.com\/avatar\/1f40520a5813d57bbf3ac6e35ab581cc8b1db7caf6e072e5bafff82efd93b02a?s=96&d=mm&r=g","caption":"Redacci\u00f3n"},"sameAs":["http:\/\/expresionesguerrero.com.mx\/expresioneswp"],"url":"https:\/\/expresionesguerrero.com.mx\/expresioneswp\/?author=1"}]}},"_links":{"self":[{"href":"https:\/\/expresionesguerrero.com.mx\/expresioneswp\/index.php?rest_route=\/wp\/v2\/posts\/15691","targetHints":{"allow":["GET"]}}],"collection":[{"href":"https:\/\/expresionesguerrero.com.mx\/expresioneswp\/index.php?rest_route=\/wp\/v2\/posts"}],"about":[{"href":"https:\/\/expresionesguerrero.com.mx\/expresioneswp\/index.php?rest_route=\/wp\/v2\/types\/post"}],"author":[{"embeddable":true,"href":"https:\/\/expresionesguerrero.com.mx\/expresioneswp\/index.php?rest_route=\/wp\/v2\/users\/1"}],"replies":[{"embeddable":true,"href":"https:\/\/expresionesguerrero.com.mx\/expresioneswp\/index.php?rest_route=%2Fwp%2Fv2%2Fcomments&post=15691"}],"version-history":[{"count":1,"href":"https:\/\/expresionesguerrero.com.mx\/expresioneswp\/index.php?rest_route=\/wp\/v2\/posts\/15691\/revisions"}],"predecessor-version":[{"id":15697,"href":"https:\/\/expresionesguerrero.com.mx\/expresioneswp\/index.php?rest_route=\/wp\/v2\/posts\/15691\/revisions\/15697"}],"wp:featuredmedia":[{"embeddable":true,"href":"https:\/\/expresionesguerrero.com.mx\/expresioneswp\/index.php?rest_route=\/wp\/v2\/media\/15693"}],"wp:attachment":[{"href":"https:\/\/expresionesguerrero.com.mx\/expresioneswp\/index.php?rest_route=%2Fwp%2Fv2%2Fmedia&parent=15691"}],"wp:term":[{"taxonomy":"category","embeddable":true,"href":"https:\/\/expresionesguerrero.com.mx\/expresioneswp\/index.php?rest_route=%2Fwp%2Fv2%2Fcategories&post=15691"},{"taxonomy":"post_tag","embeddable":true,"href":"https:\/\/expresionesguerrero.com.mx\/expresioneswp\/index.php?rest_route=%2Fwp%2Fv2%2Ftags&post=15691"}],"curies":[{"name":"wp","href":"https:\/\/api.w.org\/{rel}","templated":true}]}}