{"id":15680,"date":"2026-09-04T01:27:31","date_gmt":"2026-09-04T06:27:31","guid":{"rendered":"https:\/\/expresionesguerrero.com.mx\/expresioneswp\/?p=15680"},"modified":"2026-09-04T01:27:33","modified_gmt":"2026-09-04T06:27:33","slug":"operativo-enjambre-en-guerrero-71-policias-detenidos","status":"publish","type":"post","link":"https:\/\/expresionesguerrero.com.mx\/expresioneswp\/?p=15680","title":{"rendered":"Operativo Enjambre en Guerrero; 71 \u00abpolic\u00edas\u00bb detenidos"},"content":{"rendered":"\n<p class=\"wp-block-paragraph\">La Fiscal\u00eda de Guerrero confirm\u00f3 la realizaci\u00f3n del Operativo Enjambre con acciones interinstitucionales desplegadas este jueves en tres municipios de Guerrero que dej\u00f3 como resultado 71 personas detenidas que presuntamente realizaban funciones como polic\u00edas municipales sin poder acreditar su calidad como agentes.<\/p>\n\n\n\n<p class=\"wp-block-paragraph\">Las acciones de seguridad se realizaron de manera simult\u00e1nea en Tlapa de Comonfort, Chilapa de \u00c1lvarez y Atlixtac, municipios ubicados en las regiones de la Monta\u00f1a Alta y Baja de Guerrero, donde desde las primeras horas del d\u00eda se registr\u00f3 una intensa movilizaci\u00f3n de elementos de seguridad, incluso con la participaci\u00f3n de helic\u00f3pteros.<\/p>\n\n\n\n<p class=\"wp-block-paragraph\">Fue hasta la noche cuando la Fiscal\u00eda General del Estado de Guerrero confirm\u00f3 oficialmente los resultados del operativo en el que participaron agentes ministeriales, elementos de la Secretar\u00eda de la Defensa Nacional (Defensa), Guardia Nacional y Polic\u00eda del Estado.<\/p>\n\n\n\n<p class=\"wp-block-paragraph\">De acuerdo con la informaci\u00f3n oficial, las corporaciones de seguridad ejecutaron \u00f3rdenes de cateo en las comandancias de las polic\u00edas municipales de Tlapa de Comonfort, Chilapa de \u00c1lvarez y Atlixtac.<\/p>\n\n\n\n<p class=\"wp-block-paragraph\">En Tlapa de Comonfort, considerado uno de los principales municipios de la regi\u00f3n de la Monta\u00f1a Alta, fueron detenidas 21 personas que se encontraban realizando funciones dentro de la corporaci\u00f3n municipal, pero que no pudieron acreditar que fueran polic\u00edas preventivos o agentes de tr\u00e1nsito.<\/p>\n\n\n\n<p class=\"wp-block-paragraph\">Durante las acciones tambi\u00e9n fue detenido Simitrio \u00c1lvarez Benito, director de Movilidad y Transporte Municipal de Tlapa, quien contaba con una orden de aprehensi\u00f3n por el delito de extorsi\u00f3n.<\/p>\n\n\n\n<p class=\"wp-block-paragraph\">El funcionario fue puesto a disposici\u00f3n de un Juez de Control de Enjuiciamiento Penal, quien determinar\u00e1 su situaci\u00f3n jur\u00eddica conforme avance el proceso correspondiente.<\/p>\n\n\n\n<p class=\"wp-block-paragraph\">El mayor n\u00famero de detenidos se registr\u00f3 en Chilapa de \u00c1lvarez, donde 43 personas fueron aseguradas luego de que no lograron acreditar su calidad como polic\u00edas preventivos, pese a que presuntamente realizaban labores dentro de la Secretar\u00eda de Seguridad P\u00fablica Municipal.<\/p>\n\n\n\n<p class=\"wp-block-paragraph\">El operativo ocurre en un municipio que ha enfrentado una situaci\u00f3n de violencia durante los \u00faltimos meses. En mayo pasado, cientos de familias fueron desplazadas de sus comunidades debido a hechos violentos registrados en la regi\u00f3n.<\/p>\n\n\n\n<p class=\"wp-block-paragraph\">Durante la intervenci\u00f3n en la comandancia de Chilapa, las autoridades localizaron adem\u00e1s a tres personas dentro del \u00e1rea de separos.<\/p>\n\n\n\n<p class=\"wp-block-paragraph\">La Fiscal\u00eda estatal inform\u00f3 que el Ministerio P\u00fablico inici\u00f3 una investigaci\u00f3n para determinar las circunstancias en las que estas personas fueron detenidas y permanec\u00edan dentro de las instalaciones de la corporaci\u00f3n municipal.<\/p>\n\n\n\n<p class=\"wp-block-paragraph\">Asimismo, dos de los 43 detenidos son investigados por su posible relaci\u00f3n con la privaci\u00f3n de la libertad de las personas localizadas en los separos. Las autoridades se\u00f1alaron que ya se realizan las diligencias correspondientes para esclarecer los hechos.<\/p>\n\n\n\n<p class=\"wp-block-paragraph\">En Atlixtac, las autoridades tambi\u00e9n realizaron una intervenci\u00f3n en la corporaci\u00f3n municipal, donde fueron detenidas siete personas que presuntamente desempe\u00f1aban funciones dentro de la polic\u00eda, pero que en ese momento tampoco pudieron acreditar su calidad como agentes.<\/p>\n\n\n\n<p class=\"wp-block-paragraph\">on estos aseguramientos, el n\u00famero total de personas detenidas durante el operativo ascendi\u00f3 a 71, a los que se suma el director de Movilidad y Transporte de Tlapa.<\/p>\n\n\n\n<p class=\"wp-block-paragraph\">Todos los detenidos fueron puestos a disposici\u00f3n de las autoridades de justicia estatal donde comenzaron a rendir declaraciones como parte de las investigaciones derivadas del operativo.<\/p>\n\n\n\n<p class=\"wp-block-paragraph\">Las autoridades de Guerrero continuar\u00e1n con las diligencias para determinar la situaci\u00f3n jur\u00eddica de los detenidos y establecer si existe alguna relaci\u00f3n entre las personas aseguradas y otros posibles delitos cometidos en la regi\u00f3n de la Monta\u00f1a.<\/p>\n","protected":false},"excerpt":{"rendered":"<p>La Fiscal\u00eda de Guerrero confirm\u00f3 la realizaci\u00f3n del Operativo Enjambre con acciones interinstitucionales desplegadas este jueves en tres municipios de<\/p>\n","protected":false},"author":1,"featured_media":15681,"comment_status":"open","ping_status":"open","sticky":false,"template":"","format":"standard","meta":{"colormag_page_container_layout":"default_layout","colormag_page_sidebar_layout":"default_layout","footnotes":""},"categories":[6],"tags":[2445,2444],"class_list":["post-15680","post","type-post","status-publish","format-standard","has-post-thumbnail","hentry","category-guerrero","tag-operativo-enjambre","tag-operativo-enjambre-en-guerrero-71-policias-detenidos"],"yoast_head":"<!-- This site is optimized with the Yoast SEO plugin v28.4 - https:\/\/yoast.com\/product\/yoast-seo-wordpress\/ -->\n<title>Operativo Enjambre en Guerrero; 71 &quot;polic\u00edas&quot; detenidos - Expresiones Guerrero<\/title>\n<meta name=\"description\" content=\"Operativo Enjambre en Guerrero; 71 &quot;polic\u00edas&quot; detenidos Guerrero\" \/>\n<meta name=\"robots\" content=\"index, follow, max-snippet:-1, max-image-preview:large, max-video-preview:-1\" \/>\n<link rel=\"canonical\" href=\"https:\/\/expresionesguerrero.com.mx\/expresioneswp\/?p=15680\" \/>\n<meta property=\"og:locale\" content=\"es_ES\" \/>\n<meta property=\"og:type\" content=\"article\" \/>\n<meta property=\"og:title\" content=\"Operativo Enjambre en Guerrero; 71 &quot;polic\u00edas&quot; detenidos - Expresiones Guerrero\" \/>\n<meta property=\"og:description\" content=\"Operativo Enjambre en Guerrero; 71 &quot;polic\u00edas&quot; detenidos Guerrero\" \/>\n<meta property=\"og:url\" content=\"https:\/\/expresionesguerrero.com.mx\/expresioneswp\/?p=15680\" \/>\n<meta property=\"og:site_name\" content=\"Expresiones Guerrero\" \/>\n<meta property=\"article:published_time\" content=\"2026-09-04T06:27:31+00:00\" \/>\n<meta property=\"article:modified_time\" content=\"2026-09-04T06:27:33+00:00\" \/>\n<meta property=\"og:image\" content=\"https:\/\/expresionesguerrero.com.mx\/expresioneswp\/wp-content\/uploads\/2026\/09\/operativo.jpg\" \/>\n\t<meta property=\"og:image:width\" content=\"1200\" \/>\n\t<meta property=\"og:image:height\" content=\"800\" \/>\n\t<meta property=\"og:image:type\" content=\"image\/jpeg\" \/>\n<meta name=\"author\" content=\"Redacci\u00f3n\" \/>\n<meta name=\"twitter:card\" content=\"summary_large_image\" \/>\n<meta name=\"twitter:label1\" content=\"Escrito por\" \/>\n\t<meta name=\"twitter:data1\" content=\"Redacci\u00f3n\" \/>\n\t<meta name=\"twitter:label2\" content=\"Tiempo de lectura\" \/>\n\t<meta name=\"twitter:data2\" content=\"3 minutos\" \/>\n<script type=\"application\/ld+json\" class=\"yoast-schema-graph\">{\"@context\":\"https:\\\/\\\/schema.org\",\"@graph\":[{\"@type\":\"NewsArticle\",\"@id\":\"https:\\\/\\\/expresionesguerrero.com.mx\\\/expresioneswp\\\/?p=15680#article\",\"isPartOf\":{\"@id\":\"https:\\\/\\\/expresionesguerrero.com.mx\\\/expresioneswp\\\/?p=15680\"},\"author\":{\"name\":\"Redacci\u00f3n\",\"@id\":\"https:\\\/\\\/expresionesguerrero.com.mx\\\/expresioneswp\\\/#\\\/schema\\\/person\\\/b8a75dd4eb4a910b255423cf852fa057\"},\"headline\":\"Operativo Enjambre en Guerrero; 71 \u00abpolic\u00edas\u00bb detenidos\",\"datePublished\":\"2026-09-04T06:27:31+00:00\",\"dateModified\":\"2026-09-04T06:27:33+00:00\",\"mainEntityOfPage\":{\"@id\":\"https:\\\/\\\/expresionesguerrero.com.mx\\\/expresioneswp\\\/?p=15680\"},\"wordCount\":613,\"commentCount\":0,\"publisher\":{\"@id\":\"https:\\\/\\\/expresionesguerrero.com.mx\\\/expresioneswp\\\/#organization\"},\"image\":{\"@id\":\"https:\\\/\\\/expresionesguerrero.com.mx\\\/expresioneswp\\\/?p=15680#primaryimage\"},\"thumbnailUrl\":\"https:\\\/\\\/expresionesguerrero.com.mx\\\/expresioneswp\\\/wp-content\\\/uploads\\\/2026\\\/09\\\/operativo.jpg\",\"keywords\":[\"Operativo Enjambre\",\"Operativo Enjambre en Guerrero; 71 \\\"polic\u00edas\\\" detenidos\"],\"articleSection\":[\"Guerrero\"],\"inLanguage\":\"es\",\"potentialAction\":[{\"@type\":\"CommentAction\",\"name\":\"Comment\",\"target\":[\"https:\\\/\\\/expresionesguerrero.com.mx\\\/expresioneswp\\\/?p=15680#respond\"]}]},{\"@type\":\"WebPage\",\"@id\":\"https:\\\/\\\/expresionesguerrero.com.mx\\\/expresioneswp\\\/?p=15680\",\"url\":\"https:\\\/\\\/expresionesguerrero.com.mx\\\/expresioneswp\\\/?p=15680\",\"name\":\"Operativo Enjambre en Guerrero; 71 \\\"polic\u00edas\\\" detenidos - Expresiones Guerrero\",\"isPartOf\":{\"@id\":\"https:\\\/\\\/expresionesguerrero.com.mx\\\/expresioneswp\\\/#website\"},\"primaryImageOfPage\":{\"@id\":\"https:\\\/\\\/expresionesguerrero.com.mx\\\/expresioneswp\\\/?p=15680#primaryimage\"},\"image\":{\"@id\":\"https:\\\/\\\/expresionesguerrero.com.mx\\\/expresioneswp\\\/?p=15680#primaryimage\"},\"thumbnailUrl\":\"https:\\\/\\\/expresionesguerrero.com.mx\\\/expresioneswp\\\/wp-content\\\/uploads\\\/2026\\\/09\\\/operativo.jpg\",\"datePublished\":\"2026-09-04T06:27:31+00:00\",\"dateModified\":\"2026-09-04T06:27:33+00:00\",\"description\":\"Operativo Enjambre en Guerrero; 71 \\\"polic\u00edas\\\" detenidos Guerrero\",\"breadcrumb\":{\"@id\":\"https:\\\/\\\/expresionesguerrero.com.mx\\\/expresioneswp\\\/?p=15680#breadcrumb\"},\"inLanguage\":\"es\",\"potentialAction\":[{\"@type\":\"ReadAction\",\"target\":[\"https:\\\/\\\/expresionesguerrero.com.mx\\\/expresioneswp\\\/?p=15680\"]}]},{\"@type\":\"ImageObject\",\"inLanguage\":\"es\",\"@id\":\"https:\\\/\\\/expresionesguerrero.com.mx\\\/expresioneswp\\\/?p=15680#primaryimage\",\"url\":\"https:\\\/\\\/expresionesguerrero.com.mx\\\/expresioneswp\\\/wp-content\\\/uploads\\\/2026\\\/09\\\/operativo.jpg\",\"contentUrl\":\"https:\\\/\\\/expresionesguerrero.com.mx\\\/expresioneswp\\\/wp-content\\\/uploads\\\/2026\\\/09\\\/operativo.jpg\",\"width\":1200,\"height\":800},{\"@type\":\"BreadcrumbList\",\"@id\":\"https:\\\/\\\/expresionesguerrero.com.mx\\\/expresioneswp\\\/?p=15680#breadcrumb\",\"itemListElement\":[{\"@type\":\"ListItem\",\"position\":1,\"name\":\"Portada\",\"item\":\"https:\\\/\\\/expresionesguerrero.com.mx\\\/expresioneswp\"},{\"@type\":\"ListItem\",\"position\":2,\"name\":\"Operativo Enjambre en Guerrero; 71 \u00abpolic\u00edas\u00bb detenidos\"}]},{\"@type\":\"WebSite\",\"@id\":\"https:\\\/\\\/expresionesguerrero.com.mx\\\/expresioneswp\\\/#website\",\"url\":\"https:\\\/\\\/expresionesguerrero.com.mx\\\/expresioneswp\\\/\",\"name\":\"Expresiones Guerrero\",\"description\":\"Periodismo Digital\",\"publisher\":{\"@id\":\"https:\\\/\\\/expresionesguerrero.com.mx\\\/expresioneswp\\\/#organization\"},\"potentialAction\":[{\"@type\":\"SearchAction\",\"target\":{\"@type\":\"EntryPoint\",\"urlTemplate\":\"https:\\\/\\\/expresionesguerrero.com.mx\\\/expresioneswp\\\/?s={search_term_string}\"},\"query-input\":{\"@type\":\"PropertyValueSpecification\",\"valueRequired\":true,\"valueName\":\"search_term_string\"}}],\"inLanguage\":\"es\"},{\"@type\":\"Organization\",\"@id\":\"https:\\\/\\\/expresionesguerrero.com.mx\\\/expresioneswp\\\/#organization\",\"name\":\"Expresiones Guerrero\",\"url\":\"https:\\\/\\\/expresionesguerrero.com.mx\\\/expresioneswp\\\/\",\"logo\":{\"@type\":\"ImageObject\",\"inLanguage\":\"es\",\"@id\":\"https:\\\/\\\/expresionesguerrero.com.mx\\\/expresioneswp\\\/#\\\/schema\\\/logo\\\/image\\\/\",\"url\":\"https:\\\/\\\/expresionesguerrero.com.mx\\\/expresioneswp\\\/wp-content\\\/uploads\\\/2021\\\/05\\\/cropped-logotipo-expresiones1-1.jpg\",\"contentUrl\":\"https:\\\/\\\/expresionesguerrero.com.mx\\\/expresioneswp\\\/wp-content\\\/uploads\\\/2021\\\/05\\\/cropped-logotipo-expresiones1-1.jpg\",\"width\":512,\"height\":512,\"caption\":\"Expresiones Guerrero\"},\"image\":{\"@id\":\"https:\\\/\\\/expresionesguerrero.com.mx\\\/expresioneswp\\\/#\\\/schema\\\/logo\\\/image\\\/\"}},{\"@type\":\"Person\",\"@id\":\"https:\\\/\\\/expresionesguerrero.com.mx\\\/expresioneswp\\\/#\\\/schema\\\/person\\\/b8a75dd4eb4a910b255423cf852fa057\",\"name\":\"Redacci\u00f3n\",\"image\":{\"@type\":\"ImageObject\",\"inLanguage\":\"es\",\"@id\":\"https:\\\/\\\/secure.gravatar.com\\\/avatar\\\/1f40520a5813d57bbf3ac6e35ab581cc8b1db7caf6e072e5bafff82efd93b02a?s=96&d=mm&r=g\",\"url\":\"https:\\\/\\\/secure.gravatar.com\\\/avatar\\\/1f40520a5813d57bbf3ac6e35ab581cc8b1db7caf6e072e5bafff82efd93b02a?s=96&d=mm&r=g\",\"contentUrl\":\"https:\\\/\\\/secure.gravatar.com\\\/avatar\\\/1f40520a5813d57bbf3ac6e35ab581cc8b1db7caf6e072e5bafff82efd93b02a?s=96&d=mm&r=g\",\"caption\":\"Redacci\u00f3n\"},\"sameAs\":[\"http:\\\/\\\/expresionesguerrero.com.mx\\\/expresioneswp\"],\"url\":\"https:\\\/\\\/expresionesguerrero.com.mx\\\/expresioneswp\\\/?author=1\"}]}<\/script>\n<!-- \/ Yoast SEO plugin. -->","yoast_head_json":{"title":"Operativo Enjambre en Guerrero; 71 \"polic\u00edas\" detenidos - Expresiones Guerrero","description":"Operativo Enjambre en Guerrero; 71 \"polic\u00edas\" detenidos Guerrero","robots":{"index":"index","follow":"follow","max-snippet":"max-snippet:-1","max-image-preview":"max-image-preview:large","max-video-preview":"max-video-preview:-1"},"canonical":"https:\/\/expresionesguerrero.com.mx\/expresioneswp\/?p=15680","og_locale":"es_ES","og_type":"article","og_title":"Operativo Enjambre en Guerrero; 71 \"polic\u00edas\" detenidos - Expresiones Guerrero","og_description":"Operativo Enjambre en Guerrero; 71 \"polic\u00edas\" detenidos Guerrero","og_url":"https:\/\/expresionesguerrero.com.mx\/expresioneswp\/?p=15680","og_site_name":"Expresiones Guerrero","article_published_time":"2026-09-04T06:27:31+00:00","article_modified_time":"2026-09-04T06:27:33+00:00","og_image":[{"width":1200,"height":800,"url":"https:\/\/expresionesguerrero.com.mx\/expresioneswp\/wp-content\/uploads\/2026\/09\/operativo.jpg","type":"image\/jpeg"}],"author":"Redacci\u00f3n","twitter_card":"summary_large_image","twitter_misc":{"Escrito por":"Redacci\u00f3n","Tiempo de lectura":"3 minutos"},"schema":{"@context":"https:\/\/schema.org","@graph":[{"@type":"NewsArticle","@id":"https:\/\/expresionesguerrero.com.mx\/expresioneswp\/?p=15680#article","isPartOf":{"@id":"https:\/\/expresionesguerrero.com.mx\/expresioneswp\/?p=15680"},"author":{"name":"Redacci\u00f3n","@id":"https:\/\/expresionesguerrero.com.mx\/expresioneswp\/#\/schema\/person\/b8a75dd4eb4a910b255423cf852fa057"},"headline":"Operativo Enjambre en Guerrero; 71 \u00abpolic\u00edas\u00bb detenidos","datePublished":"2026-09-04T06:27:31+00:00","dateModified":"2026-09-04T06:27:33+00:00","mainEntityOfPage":{"@id":"https:\/\/expresionesguerrero.com.mx\/expresioneswp\/?p=15680"},"wordCount":613,"commentCount":0,"publisher":{"@id":"https:\/\/expresionesguerrero.com.mx\/expresioneswp\/#organization"},"image":{"@id":"https:\/\/expresionesguerrero.com.mx\/expresioneswp\/?p=15680#primaryimage"},"thumbnailUrl":"https:\/\/expresionesguerrero.com.mx\/expresioneswp\/wp-content\/uploads\/2026\/09\/operativo.jpg","keywords":["Operativo Enjambre","Operativo Enjambre en Guerrero; 71 \"polic\u00edas\" detenidos"],"articleSection":["Guerrero"],"inLanguage":"es","potentialAction":[{"@type":"CommentAction","name":"Comment","target":["https:\/\/expresionesguerrero.com.mx\/expresioneswp\/?p=15680#respond"]}]},{"@type":"WebPage","@id":"https:\/\/expresionesguerrero.com.mx\/expresioneswp\/?p=15680","url":"https:\/\/expresionesguerrero.com.mx\/expresioneswp\/?p=15680","name":"Operativo Enjambre en Guerrero; 71 \"polic\u00edas\" detenidos - Expresiones Guerrero","isPartOf":{"@id":"https:\/\/expresionesguerrero.com.mx\/expresioneswp\/#website"},"primaryImageOfPage":{"@id":"https:\/\/expresionesguerrero.com.mx\/expresioneswp\/?p=15680#primaryimage"},"image":{"@id":"https:\/\/expresionesguerrero.com.mx\/expresioneswp\/?p=15680#primaryimage"},"thumbnailUrl":"https:\/\/expresionesguerrero.com.mx\/expresioneswp\/wp-content\/uploads\/2026\/09\/operativo.jpg","datePublished":"2026-09-04T06:27:31+00:00","dateModified":"2026-09-04T06:27:33+00:00","description":"Operativo Enjambre en Guerrero; 71 \"polic\u00edas\" detenidos Guerrero","breadcrumb":{"@id":"https:\/\/expresionesguerrero.com.mx\/expresioneswp\/?p=15680#breadcrumb"},"inLanguage":"es","potentialAction":[{"@type":"ReadAction","target":["https:\/\/expresionesguerrero.com.mx\/expresioneswp\/?p=15680"]}]},{"@type":"ImageObject","inLanguage":"es","@id":"https:\/\/expresionesguerrero.com.mx\/expresioneswp\/?p=15680#primaryimage","url":"https:\/\/expresionesguerrero.com.mx\/expresioneswp\/wp-content\/uploads\/2026\/09\/operativo.jpg","contentUrl":"https:\/\/expresionesguerrero.com.mx\/expresioneswp\/wp-content\/uploads\/2026\/09\/operativo.jpg","width":1200,"height":800},{"@type":"BreadcrumbList","@id":"https:\/\/expresionesguerrero.com.mx\/expresioneswp\/?p=15680#breadcrumb","itemListElement":[{"@type":"ListItem","position":1,"name":"Portada","item":"https:\/\/expresionesguerrero.com.mx\/expresioneswp"},{"@type":"ListItem","position":2,"name":"Operativo Enjambre en Guerrero; 71 \u00abpolic\u00edas\u00bb detenidos"}]},{"@type":"WebSite","@id":"https:\/\/expresionesguerrero.com.mx\/expresioneswp\/#website","url":"https:\/\/expresionesguerrero.com.mx\/expresioneswp\/","name":"Expresiones Guerrero","description":"Periodismo Digital","publisher":{"@id":"https:\/\/expresionesguerrero.com.mx\/expresioneswp\/#organization"},"potentialAction":[{"@type":"SearchAction","target":{"@type":"EntryPoint","urlTemplate":"https:\/\/expresionesguerrero.com.mx\/expresioneswp\/?s={search_term_string}"},"query-input":{"@type":"PropertyValueSpecification","valueRequired":true,"valueName":"search_term_string"}}],"inLanguage":"es"},{"@type":"Organization","@id":"https:\/\/expresionesguerrero.com.mx\/expresioneswp\/#organization","name":"Expresiones Guerrero","url":"https:\/\/expresionesguerrero.com.mx\/expresioneswp\/","logo":{"@type":"ImageObject","inLanguage":"es","@id":"https:\/\/expresionesguerrero.com.mx\/expresioneswp\/#\/schema\/logo\/image\/","url":"https:\/\/expresionesguerrero.com.mx\/expresioneswp\/wp-content\/uploads\/2021\/05\/cropped-logotipo-expresiones1-1.jpg","contentUrl":"https:\/\/expresionesguerrero.com.mx\/expresioneswp\/wp-content\/uploads\/2021\/05\/cropped-logotipo-expresiones1-1.jpg","width":512,"height":512,"caption":"Expresiones Guerrero"},"image":{"@id":"https:\/\/expresionesguerrero.com.mx\/expresioneswp\/#\/schema\/logo\/image\/"}},{"@type":"Person","@id":"https:\/\/expresionesguerrero.com.mx\/expresioneswp\/#\/schema\/person\/b8a75dd4eb4a910b255423cf852fa057","name":"Redacci\u00f3n","image":{"@type":"ImageObject","inLanguage":"es","@id":"https:\/\/secure.gravatar.com\/avatar\/1f40520a5813d57bbf3ac6e35ab581cc8b1db7caf6e072e5bafff82efd93b02a?s=96&d=mm&r=g","url":"https:\/\/secure.gravatar.com\/avatar\/1f40520a5813d57bbf3ac6e35ab581cc8b1db7caf6e072e5bafff82efd93b02a?s=96&d=mm&r=g","contentUrl":"https:\/\/secure.gravatar.com\/avatar\/1f40520a5813d57bbf3ac6e35ab581cc8b1db7caf6e072e5bafff82efd93b02a?s=96&d=mm&r=g","caption":"Redacci\u00f3n"},"sameAs":["http:\/\/expresionesguerrero.com.mx\/expresioneswp"],"url":"https:\/\/expresionesguerrero.com.mx\/expresioneswp\/?author=1"}]}},"_links":{"self":[{"href":"https:\/\/expresionesguerrero.com.mx\/expresioneswp\/index.php?rest_route=\/wp\/v2\/posts\/15680","targetHints":{"allow":["GET"]}}],"collection":[{"href":"https:\/\/expresionesguerrero.com.mx\/expresioneswp\/index.php?rest_route=\/wp\/v2\/posts"}],"about":[{"href":"https:\/\/expresionesguerrero.com.mx\/expresioneswp\/index.php?rest_route=\/wp\/v2\/types\/post"}],"author":[{"embeddable":true,"href":"https:\/\/expresionesguerrero.com.mx\/expresioneswp\/index.php?rest_route=\/wp\/v2\/users\/1"}],"replies":[{"embeddable":true,"href":"https:\/\/expresionesguerrero.com.mx\/expresioneswp\/index.php?rest_route=%2Fwp%2Fv2%2Fcomments&post=15680"}],"version-history":[{"count":1,"href":"https:\/\/expresionesguerrero.com.mx\/expresioneswp\/index.php?rest_route=\/wp\/v2\/posts\/15680\/revisions"}],"predecessor-version":[{"id":15682,"href":"https:\/\/expresionesguerrero.com.mx\/expresioneswp\/index.php?rest_route=\/wp\/v2\/posts\/15680\/revisions\/15682"}],"wp:featuredmedia":[{"embeddable":true,"href":"https:\/\/expresionesguerrero.com.mx\/expresioneswp\/index.php?rest_route=\/wp\/v2\/media\/15681"}],"wp:attachment":[{"href":"https:\/\/expresionesguerrero.com.mx\/expresioneswp\/index.php?rest_route=%2Fwp%2Fv2%2Fmedia&parent=15680"}],"wp:term":[{"taxonomy":"category","embeddable":true,"href":"https:\/\/expresionesguerrero.com.mx\/expresioneswp\/index.php?rest_route=%2Fwp%2Fv2%2Fcategories&post=15680"},{"taxonomy":"post_tag","embeddable":true,"href":"https:\/\/expresionesguerrero.com.mx\/expresioneswp\/index.php?rest_route=%2Fwp%2Fv2%2Ftags&post=15680"}],"curies":[{"name":"wp","href":"https:\/\/api.w.org\/{rel}","templated":true}]}}