{"id":15676,"date":"2026-09-03T09:42:29","date_gmt":"2026-09-03T14:42:29","guid":{"rendered":"https:\/\/expresionesguerrero.com.mx\/expresioneswp\/?p=15676"},"modified":"2026-09-03T09:42:32","modified_gmt":"2026-09-03T14:42:32","slug":"asesino-del-musico-y-familia-es-tambien-defraudador-victimas","status":"publish","type":"post","link":"https:\/\/expresionesguerrero.com.mx\/expresioneswp\/?p=15676","title":{"rendered":"Asesino del m\u00fasico y familia es tambi\u00e9n defraudador: v\u00edctimas"},"content":{"rendered":"\n<p class=\"wp-block-paragraph\">Tras la detenci\u00f3n del argentino Diego Sebasti\u00e1n Rosen Ferlini, presunto responsable del multihomicidio del m\u00fasico Jonathan Mel\u00e9ndez, su esposa, su hija y la trabajadora dom\u00e9stica de la  familia, tambi\u00e9n es se\u00f1alado por presuntos fraudes millonarios en la renta y venta de propiedades de lujo en Acapulco y Valle de Bravo.<\/p>\n\n\n\n<p class=\"wp-block-paragraph\">El ahora detenido y su esposa Paola Mandri, tambi\u00e9n argentina, encabezaban una empresa dedicada para realizar estafas contra muchas v\u00edctimas que ahora lo se\u00f1alan y piden justicia.<\/p>\n\n\n\n<p class=\"wp-block-paragraph\">Una v\u00edctima de fraude que pidi\u00f3 mantener el anonimato relat\u00f3 en entrevista con el periodista Juan Pablo P\u00e9rez D\u00edaz, en Radio F\u00f3rmula, que perdi\u00f3 400 mil pesos despu\u00e9s de rentar una villa para celebrar el cumplea\u00f1os de su abuelo.<\/p>\n\n\n\n<p class=\"wp-block-paragraph\">Seg\u00fan su testimonio, el pago se realiz\u00f3 a una cuenta empresarial y, un d\u00eda antes de la fecha acordada, la v\u00edctima y su familia fueron bloqueados de WhatsApp y dejaron de recibir respuesta.<\/p>\n\n\n\n<p class=\"wp-block-paragraph\">De acuerdo con la historia narrada por el hombre, la familia encontr\u00f3 la oferta de renta en una cuenta de Instagram con m\u00e1s de 18 mil seguidores, que adem\u00e1s contaba con recomendaciones de personas influyentes. \u201cNos dio la confianza porque tambi\u00e9n hab\u00eda artistas, personas influencers que recomendaban esta p\u00e1gina\u201d, explic\u00f3 la v\u00edctima.<\/p>\n\n\n\n<p class=\"wp-block-paragraph\">Relat\u00f3 que reuni\u00f3 el dinero entre cuatro n\u00facleos familiares para celebrar el cumplea\u00f1os de su abuelo. \u201cNosotros reservamos, toda mi familia se junt\u00f3, \u00e9ramos aproximadamente cuatro familias juntas para celebrar al abuelo y fue una renta de 400 mil pesos\u201d, dijo.<\/p>\n\n\n\n<p class=\"wp-block-paragraph\">El pago se realiz\u00f3 de forma completa antes de tomar posesi\u00f3n del inmueble, a trav\u00e9s de una transferencia bancaria a una cuenta empresarial. \u201cNos ped\u00edan pagar todo antes de entrar\u201d, se\u00f1al\u00f3. Un d\u00eda antes de la fecha reservada, los responsables del inmueble cortaron la comunicaci\u00f3n. \u201cNos metieron a un grupo de WhatsApp y despu\u00e9s nos bloquearon. Ya no contestaron\u201d, relat\u00f3.<\/p>\n\n\n\n<p class=\"wp-block-paragraph\">La v\u00edctima identific\u00f3 a Paola Mandri, esposa del detenido y tambi\u00e9n de origen argentino, como parte activa del esquema de renta de propiedades. \u201cElla contestaba con audios en el grupo que todo estaba perfecto\u201d, detall\u00f3.<\/p>\n\n\n\n<p class=\"wp-block-paragraph\">De acuerdo con el testimonio, la pareja operaba bajo la marca Nomad, aunque antes hab\u00eda utilizado el nombre M\u00e1s Relax, cuenta que habr\u00eda sido cerrada tras una denuncia previa. \u201cNomad fue la cuenta que crearon despu\u00e9s de que procedi\u00f3 una denuncia\u201d, explic\u00f3.<\/p>\n\n\n\n<p class=\"wp-block-paragraph\">La v\u00edctima mencion\u00f3 tambi\u00e9n la existencia de reportes en internet desde 2021 sobre el comportamiento de la pareja, sin poder confirmar si estos inclu\u00edan se\u00f1alamientos ante la Unidad de Inteligencia Financiera. Asegur\u00f3 adem\u00e1s que nunca habl\u00f3 por tel\u00e9fono con Diego Sebasti\u00e1n de forma directa.<\/p>\n\n\n\n<p class=\"wp-block-paragraph\">La v\u00edctima expres\u00f3 alivio por la detenci\u00f3n del presunto responsable, pero remarc\u00f3 que su esposa no ha sido detenida. \u201cAgradecemos a la ley divina que \u00e9l ya est\u00e9 tras las rejas, pero hay una persona m\u00e1s que contin\u00faa libre ante esto, que es su esposa Paola Mandri\u201d, dijo.<\/p>\n\n\n\n<p class=\"wp-block-paragraph\">La familia nunca logr\u00f3 recuperar el dinero ni present\u00f3 una denuncia formal ante las autoridades. \u201cNo hab\u00eda manera de poder respaldar que ellos fueron los que nos defraudaron\u201d, explic\u00f3, y agreg\u00f3 una queja directa contra las instituciones: \u201cLas autoridades ante esto, pues nos hacen caso omiso ante este tipo de situaciones\u201d.<\/p>\n\n\n\n<p class=\"wp-block-paragraph\">La v\u00edctima describi\u00f3 el trato inicial con la pareja como amable y profesional, en contraste con el desenlace del negocio. \u201cEran personas muy agradables, muy serviciales. Te ofrec\u00edan experiencias maravillosas\u201d, dijo.<\/p>\n\n\n\n<p class=\"wp-block-paragraph\">La v\u00edctima asegur\u00f3 no haber tenido contacto con Jonathan Mel\u00e9ndez ni tener conocimiento previo de su existencia antes del multihomicidio, en el que el \u00fanico sobreviviente fue un ni\u00f1o de seis a\u00f1os que se escondi\u00f3 debajo de la cama. \u201cNo, jam\u00e1s. Yo soy cliente de Nomad\u201d, respondi\u00f3 al ser cuestionado sobre si el m\u00fasico pudiera estar en dicha red.<\/p>\n\n\n\n<p class=\"wp-block-paragraph\">La persona entrevistada afirm\u00f3 que existen grupos de afectados que eval\u00faan las posibilidades legales para exigir justicia, aunque reconoci\u00f3 incertidumbre sobre el resultado de una denuncia conjunta. \u201cSabemos que podemos denunciar. Hay personas que tienen m\u00e1s de un a\u00f1o. No sabemos si puede lograr proceder las estafas que nos han llegado a hacer a todas las familias que estamos de por medio\u201d, dijo.<\/p>\n\n\n\n<p class=\"wp-block-paragraph\">La v\u00edctima reconoci\u00f3 temor tras conocer la dimensi\u00f3n del caso. \u201cS\u00ed es algo que s\u00ed ahorita nos da miedo, nos da terror. Estamos en shock porque nosotros estamos vivos, \u00bfno? Y esto s\u00ed nos toma muy mal. Y no queremos desearle esto a nadie\u201d, expres\u00f3.<\/p>\n\n\n\n<p class=\"wp-block-paragraph\">Tambi\u00e9n se\u00f1al\u00f3 su preocupaci\u00f3n por la impunidad en este tipo de casos. \u201cDa mucho miedo con toda la situaci\u00f3n que hay, de que a veces todo puede ser muy impune\u201d, dijo a P\u00e9rez D\u00edaz.<\/p>\n\n\n\n<p class=\"wp-block-paragraph\">La v\u00edctima cerr\u00f3 su testimonio con un llamado a las autoridades para que ampl\u00eden la investigaci\u00f3n m\u00e1s all\u00e1 del caso de Mel\u00e9ndez. \u201cSi nosotros tal vez nos hubi\u00e9ramos juntado, hubi\u00e9ramos logrado evitar este tipo de situaciones totalmente injustas\u201d, lament\u00f3.<\/p>\n","protected":false},"excerpt":{"rendered":"<p>Tras la detenci\u00f3n del argentino Diego Sebasti\u00e1n Rosen Ferlini, presunto responsable del multihomicidio del m\u00fasico Jonathan Mel\u00e9ndez, su esposa, su<\/p>\n","protected":false},"author":1,"featured_media":15677,"comment_status":"open","ping_status":"open","sticky":false,"template":"","format":"standard","meta":{"colormag_page_container_layout":"default_layout","colormag_page_sidebar_layout":"default_layout","footnotes":""},"categories":[8,5],"tags":[2443],"class_list":["post-15676","post","type-post","status-publish","format-standard","has-post-thumbnail","hentry","category-acapulco","category-nacional","tag-asesino-del-musico-y-familia-es-tambien-defraudador-victimas"],"yoast_head":"<!-- This site is optimized with the Yoast SEO plugin v28.4 - https:\/\/yoast.com\/product\/yoast-seo-wordpress\/ -->\n<title>Asesino del m\u00fasico y familia es tambi\u00e9n defraudador: v\u00edctimas - Expresiones Guerrero<\/title>\n<meta name=\"description\" content=\"Asesino del m\u00fasico y familia es tambi\u00e9n defraudador: v\u00edctimas Acapulco\" \/>\n<meta name=\"robots\" content=\"index, follow, max-snippet:-1, max-image-preview:large, max-video-preview:-1\" \/>\n<link rel=\"canonical\" href=\"https:\/\/expresionesguerrero.com.mx\/expresioneswp\/?p=15676\" \/>\n<meta property=\"og:locale\" content=\"es_ES\" \/>\n<meta property=\"og:type\" content=\"article\" \/>\n<meta property=\"og:title\" content=\"Asesino del m\u00fasico y familia es tambi\u00e9n defraudador: v\u00edctimas - Expresiones Guerrero\" \/>\n<meta property=\"og:description\" content=\"Asesino del m\u00fasico y familia es tambi\u00e9n defraudador: v\u00edctimas Acapulco\" \/>\n<meta property=\"og:url\" content=\"https:\/\/expresionesguerrero.com.mx\/expresioneswp\/?p=15676\" \/>\n<meta property=\"og:site_name\" content=\"Expresiones Guerrero\" \/>\n<meta property=\"article:published_time\" content=\"2026-09-03T14:42:29+00:00\" \/>\n<meta property=\"article:modified_time\" content=\"2026-09-03T14:42:32+00:00\" \/>\n<meta property=\"og:image\" content=\"https:\/\/expresionesguerrero.com.mx\/expresioneswp\/wp-content\/uploads\/2026\/09\/asesino.jpg\" \/>\n\t<meta property=\"og:image:width\" content=\"1200\" \/>\n\t<meta property=\"og:image:height\" content=\"800\" \/>\n\t<meta property=\"og:image:type\" content=\"image\/jpeg\" \/>\n<meta name=\"author\" content=\"Redacci\u00f3n\" \/>\n<meta name=\"twitter:card\" content=\"summary_large_image\" \/>\n<meta name=\"twitter:label1\" content=\"Escrito por\" \/>\n\t<meta name=\"twitter:data1\" content=\"Redacci\u00f3n\" \/>\n\t<meta name=\"twitter:label2\" content=\"Tiempo de lectura\" \/>\n\t<meta name=\"twitter:data2\" content=\"4 minutos\" \/>\n<script type=\"application\/ld+json\" class=\"yoast-schema-graph\">{\"@context\":\"https:\\\/\\\/schema.org\",\"@graph\":[{\"@type\":\"NewsArticle\",\"@id\":\"https:\\\/\\\/expresionesguerrero.com.mx\\\/expresioneswp\\\/?p=15676#article\",\"isPartOf\":{\"@id\":\"https:\\\/\\\/expresionesguerrero.com.mx\\\/expresioneswp\\\/?p=15676\"},\"author\":{\"name\":\"Redacci\u00f3n\",\"@id\":\"https:\\\/\\\/expresionesguerrero.com.mx\\\/expresioneswp\\\/#\\\/schema\\\/person\\\/b8a75dd4eb4a910b255423cf852fa057\"},\"headline\":\"Asesino del m\u00fasico y familia es tambi\u00e9n defraudador: v\u00edctimas\",\"datePublished\":\"2026-09-03T14:42:29+00:00\",\"dateModified\":\"2026-09-03T14:42:32+00:00\",\"mainEntityOfPage\":{\"@id\":\"https:\\\/\\\/expresionesguerrero.com.mx\\\/expresioneswp\\\/?p=15676\"},\"wordCount\":879,\"commentCount\":0,\"publisher\":{\"@id\":\"https:\\\/\\\/expresionesguerrero.com.mx\\\/expresioneswp\\\/#organization\"},\"image\":{\"@id\":\"https:\\\/\\\/expresionesguerrero.com.mx\\\/expresioneswp\\\/?p=15676#primaryimage\"},\"thumbnailUrl\":\"https:\\\/\\\/expresionesguerrero.com.mx\\\/expresioneswp\\\/wp-content\\\/uploads\\\/2026\\\/09\\\/asesino.jpg\",\"keywords\":[\"Asesino del m\u00fasico y familia es tambi\u00e9n defraudador: v\u00edctimas\"],\"articleSection\":[\"Acapulco\",\"Nacional\"],\"inLanguage\":\"es\",\"potentialAction\":[{\"@type\":\"CommentAction\",\"name\":\"Comment\",\"target\":[\"https:\\\/\\\/expresionesguerrero.com.mx\\\/expresioneswp\\\/?p=15676#respond\"]}]},{\"@type\":\"WebPage\",\"@id\":\"https:\\\/\\\/expresionesguerrero.com.mx\\\/expresioneswp\\\/?p=15676\",\"url\":\"https:\\\/\\\/expresionesguerrero.com.mx\\\/expresioneswp\\\/?p=15676\",\"name\":\"Asesino del m\u00fasico y familia es tambi\u00e9n defraudador: v\u00edctimas - Expresiones Guerrero\",\"isPartOf\":{\"@id\":\"https:\\\/\\\/expresionesguerrero.com.mx\\\/expresioneswp\\\/#website\"},\"primaryImageOfPage\":{\"@id\":\"https:\\\/\\\/expresionesguerrero.com.mx\\\/expresioneswp\\\/?p=15676#primaryimage\"},\"image\":{\"@id\":\"https:\\\/\\\/expresionesguerrero.com.mx\\\/expresioneswp\\\/?p=15676#primaryimage\"},\"thumbnailUrl\":\"https:\\\/\\\/expresionesguerrero.com.mx\\\/expresioneswp\\\/wp-content\\\/uploads\\\/2026\\\/09\\\/asesino.jpg\",\"datePublished\":\"2026-09-03T14:42:29+00:00\",\"dateModified\":\"2026-09-03T14:42:32+00:00\",\"description\":\"Asesino del m\u00fasico y familia es tambi\u00e9n defraudador: v\u00edctimas Acapulco\",\"breadcrumb\":{\"@id\":\"https:\\\/\\\/expresionesguerrero.com.mx\\\/expresioneswp\\\/?p=15676#breadcrumb\"},\"inLanguage\":\"es\",\"potentialAction\":[{\"@type\":\"ReadAction\",\"target\":[\"https:\\\/\\\/expresionesguerrero.com.mx\\\/expresioneswp\\\/?p=15676\"]}]},{\"@type\":\"ImageObject\",\"inLanguage\":\"es\",\"@id\":\"https:\\\/\\\/expresionesguerrero.com.mx\\\/expresioneswp\\\/?p=15676#primaryimage\",\"url\":\"https:\\\/\\\/expresionesguerrero.com.mx\\\/expresioneswp\\\/wp-content\\\/uploads\\\/2026\\\/09\\\/asesino.jpg\",\"contentUrl\":\"https:\\\/\\\/expresionesguerrero.com.mx\\\/expresioneswp\\\/wp-content\\\/uploads\\\/2026\\\/09\\\/asesino.jpg\",\"width\":1200,\"height\":800},{\"@type\":\"BreadcrumbList\",\"@id\":\"https:\\\/\\\/expresionesguerrero.com.mx\\\/expresioneswp\\\/?p=15676#breadcrumb\",\"itemListElement\":[{\"@type\":\"ListItem\",\"position\":1,\"name\":\"Portada\",\"item\":\"https:\\\/\\\/expresionesguerrero.com.mx\\\/expresioneswp\"},{\"@type\":\"ListItem\",\"position\":2,\"name\":\"Asesino del m\u00fasico y familia es tambi\u00e9n defraudador: v\u00edctimas\"}]},{\"@type\":\"WebSite\",\"@id\":\"https:\\\/\\\/expresionesguerrero.com.mx\\\/expresioneswp\\\/#website\",\"url\":\"https:\\\/\\\/expresionesguerrero.com.mx\\\/expresioneswp\\\/\",\"name\":\"Expresiones Guerrero\",\"description\":\"Periodismo Digital\",\"publisher\":{\"@id\":\"https:\\\/\\\/expresionesguerrero.com.mx\\\/expresioneswp\\\/#organization\"},\"potentialAction\":[{\"@type\":\"SearchAction\",\"target\":{\"@type\":\"EntryPoint\",\"urlTemplate\":\"https:\\\/\\\/expresionesguerrero.com.mx\\\/expresioneswp\\\/?s={search_term_string}\"},\"query-input\":{\"@type\":\"PropertyValueSpecification\",\"valueRequired\":true,\"valueName\":\"search_term_string\"}}],\"inLanguage\":\"es\"},{\"@type\":\"Organization\",\"@id\":\"https:\\\/\\\/expresionesguerrero.com.mx\\\/expresioneswp\\\/#organization\",\"name\":\"Expresiones Guerrero\",\"url\":\"https:\\\/\\\/expresionesguerrero.com.mx\\\/expresioneswp\\\/\",\"logo\":{\"@type\":\"ImageObject\",\"inLanguage\":\"es\",\"@id\":\"https:\\\/\\\/expresionesguerrero.com.mx\\\/expresioneswp\\\/#\\\/schema\\\/logo\\\/image\\\/\",\"url\":\"https:\\\/\\\/expresionesguerrero.com.mx\\\/expresioneswp\\\/wp-content\\\/uploads\\\/2021\\\/05\\\/cropped-logotipo-expresiones1-1.jpg\",\"contentUrl\":\"https:\\\/\\\/expresionesguerrero.com.mx\\\/expresioneswp\\\/wp-content\\\/uploads\\\/2021\\\/05\\\/cropped-logotipo-expresiones1-1.jpg\",\"width\":512,\"height\":512,\"caption\":\"Expresiones Guerrero\"},\"image\":{\"@id\":\"https:\\\/\\\/expresionesguerrero.com.mx\\\/expresioneswp\\\/#\\\/schema\\\/logo\\\/image\\\/\"}},{\"@type\":\"Person\",\"@id\":\"https:\\\/\\\/expresionesguerrero.com.mx\\\/expresioneswp\\\/#\\\/schema\\\/person\\\/b8a75dd4eb4a910b255423cf852fa057\",\"name\":\"Redacci\u00f3n\",\"image\":{\"@type\":\"ImageObject\",\"inLanguage\":\"es\",\"@id\":\"https:\\\/\\\/secure.gravatar.com\\\/avatar\\\/1f40520a5813d57bbf3ac6e35ab581cc8b1db7caf6e072e5bafff82efd93b02a?s=96&d=mm&r=g\",\"url\":\"https:\\\/\\\/secure.gravatar.com\\\/avatar\\\/1f40520a5813d57bbf3ac6e35ab581cc8b1db7caf6e072e5bafff82efd93b02a?s=96&d=mm&r=g\",\"contentUrl\":\"https:\\\/\\\/secure.gravatar.com\\\/avatar\\\/1f40520a5813d57bbf3ac6e35ab581cc8b1db7caf6e072e5bafff82efd93b02a?s=96&d=mm&r=g\",\"caption\":\"Redacci\u00f3n\"},\"sameAs\":[\"http:\\\/\\\/expresionesguerrero.com.mx\\\/expresioneswp\"],\"url\":\"https:\\\/\\\/expresionesguerrero.com.mx\\\/expresioneswp\\\/?author=1\"}]}<\/script>\n<!-- \/ Yoast SEO plugin. -->","yoast_head_json":{"title":"Asesino del m\u00fasico y familia es tambi\u00e9n defraudador: v\u00edctimas - Expresiones Guerrero","description":"Asesino del m\u00fasico y familia es tambi\u00e9n defraudador: v\u00edctimas Acapulco","robots":{"index":"index","follow":"follow","max-snippet":"max-snippet:-1","max-image-preview":"max-image-preview:large","max-video-preview":"max-video-preview:-1"},"canonical":"https:\/\/expresionesguerrero.com.mx\/expresioneswp\/?p=15676","og_locale":"es_ES","og_type":"article","og_title":"Asesino del m\u00fasico y familia es tambi\u00e9n defraudador: v\u00edctimas - Expresiones Guerrero","og_description":"Asesino del m\u00fasico y familia es tambi\u00e9n defraudador: v\u00edctimas Acapulco","og_url":"https:\/\/expresionesguerrero.com.mx\/expresioneswp\/?p=15676","og_site_name":"Expresiones Guerrero","article_published_time":"2026-09-03T14:42:29+00:00","article_modified_time":"2026-09-03T14:42:32+00:00","og_image":[{"width":1200,"height":800,"url":"https:\/\/expresionesguerrero.com.mx\/expresioneswp\/wp-content\/uploads\/2026\/09\/asesino.jpg","type":"image\/jpeg"}],"author":"Redacci\u00f3n","twitter_card":"summary_large_image","twitter_misc":{"Escrito por":"Redacci\u00f3n","Tiempo de lectura":"4 minutos"},"schema":{"@context":"https:\/\/schema.org","@graph":[{"@type":"NewsArticle","@id":"https:\/\/expresionesguerrero.com.mx\/expresioneswp\/?p=15676#article","isPartOf":{"@id":"https:\/\/expresionesguerrero.com.mx\/expresioneswp\/?p=15676"},"author":{"name":"Redacci\u00f3n","@id":"https:\/\/expresionesguerrero.com.mx\/expresioneswp\/#\/schema\/person\/b8a75dd4eb4a910b255423cf852fa057"},"headline":"Asesino del m\u00fasico y familia es tambi\u00e9n defraudador: v\u00edctimas","datePublished":"2026-09-03T14:42:29+00:00","dateModified":"2026-09-03T14:42:32+00:00","mainEntityOfPage":{"@id":"https:\/\/expresionesguerrero.com.mx\/expresioneswp\/?p=15676"},"wordCount":879,"commentCount":0,"publisher":{"@id":"https:\/\/expresionesguerrero.com.mx\/expresioneswp\/#organization"},"image":{"@id":"https:\/\/expresionesguerrero.com.mx\/expresioneswp\/?p=15676#primaryimage"},"thumbnailUrl":"https:\/\/expresionesguerrero.com.mx\/expresioneswp\/wp-content\/uploads\/2026\/09\/asesino.jpg","keywords":["Asesino del m\u00fasico y familia es tambi\u00e9n defraudador: v\u00edctimas"],"articleSection":["Acapulco","Nacional"],"inLanguage":"es","potentialAction":[{"@type":"CommentAction","name":"Comment","target":["https:\/\/expresionesguerrero.com.mx\/expresioneswp\/?p=15676#respond"]}]},{"@type":"WebPage","@id":"https:\/\/expresionesguerrero.com.mx\/expresioneswp\/?p=15676","url":"https:\/\/expresionesguerrero.com.mx\/expresioneswp\/?p=15676","name":"Asesino del m\u00fasico y familia es tambi\u00e9n defraudador: v\u00edctimas - Expresiones Guerrero","isPartOf":{"@id":"https:\/\/expresionesguerrero.com.mx\/expresioneswp\/#website"},"primaryImageOfPage":{"@id":"https:\/\/expresionesguerrero.com.mx\/expresioneswp\/?p=15676#primaryimage"},"image":{"@id":"https:\/\/expresionesguerrero.com.mx\/expresioneswp\/?p=15676#primaryimage"},"thumbnailUrl":"https:\/\/expresionesguerrero.com.mx\/expresioneswp\/wp-content\/uploads\/2026\/09\/asesino.jpg","datePublished":"2026-09-03T14:42:29+00:00","dateModified":"2026-09-03T14:42:32+00:00","description":"Asesino del m\u00fasico y familia es tambi\u00e9n defraudador: v\u00edctimas Acapulco","breadcrumb":{"@id":"https:\/\/expresionesguerrero.com.mx\/expresioneswp\/?p=15676#breadcrumb"},"inLanguage":"es","potentialAction":[{"@type":"ReadAction","target":["https:\/\/expresionesguerrero.com.mx\/expresioneswp\/?p=15676"]}]},{"@type":"ImageObject","inLanguage":"es","@id":"https:\/\/expresionesguerrero.com.mx\/expresioneswp\/?p=15676#primaryimage","url":"https:\/\/expresionesguerrero.com.mx\/expresioneswp\/wp-content\/uploads\/2026\/09\/asesino.jpg","contentUrl":"https:\/\/expresionesguerrero.com.mx\/expresioneswp\/wp-content\/uploads\/2026\/09\/asesino.jpg","width":1200,"height":800},{"@type":"BreadcrumbList","@id":"https:\/\/expresionesguerrero.com.mx\/expresioneswp\/?p=15676#breadcrumb","itemListElement":[{"@type":"ListItem","position":1,"name":"Portada","item":"https:\/\/expresionesguerrero.com.mx\/expresioneswp"},{"@type":"ListItem","position":2,"name":"Asesino del m\u00fasico y familia es tambi\u00e9n defraudador: v\u00edctimas"}]},{"@type":"WebSite","@id":"https:\/\/expresionesguerrero.com.mx\/expresioneswp\/#website","url":"https:\/\/expresionesguerrero.com.mx\/expresioneswp\/","name":"Expresiones Guerrero","description":"Periodismo Digital","publisher":{"@id":"https:\/\/expresionesguerrero.com.mx\/expresioneswp\/#organization"},"potentialAction":[{"@type":"SearchAction","target":{"@type":"EntryPoint","urlTemplate":"https:\/\/expresionesguerrero.com.mx\/expresioneswp\/?s={search_term_string}"},"query-input":{"@type":"PropertyValueSpecification","valueRequired":true,"valueName":"search_term_string"}}],"inLanguage":"es"},{"@type":"Organization","@id":"https:\/\/expresionesguerrero.com.mx\/expresioneswp\/#organization","name":"Expresiones Guerrero","url":"https:\/\/expresionesguerrero.com.mx\/expresioneswp\/","logo":{"@type":"ImageObject","inLanguage":"es","@id":"https:\/\/expresionesguerrero.com.mx\/expresioneswp\/#\/schema\/logo\/image\/","url":"https:\/\/expresionesguerrero.com.mx\/expresioneswp\/wp-content\/uploads\/2021\/05\/cropped-logotipo-expresiones1-1.jpg","contentUrl":"https:\/\/expresionesguerrero.com.mx\/expresioneswp\/wp-content\/uploads\/2021\/05\/cropped-logotipo-expresiones1-1.jpg","width":512,"height":512,"caption":"Expresiones Guerrero"},"image":{"@id":"https:\/\/expresionesguerrero.com.mx\/expresioneswp\/#\/schema\/logo\/image\/"}},{"@type":"Person","@id":"https:\/\/expresionesguerrero.com.mx\/expresioneswp\/#\/schema\/person\/b8a75dd4eb4a910b255423cf852fa057","name":"Redacci\u00f3n","image":{"@type":"ImageObject","inLanguage":"es","@id":"https:\/\/secure.gravatar.com\/avatar\/1f40520a5813d57bbf3ac6e35ab581cc8b1db7caf6e072e5bafff82efd93b02a?s=96&d=mm&r=g","url":"https:\/\/secure.gravatar.com\/avatar\/1f40520a5813d57bbf3ac6e35ab581cc8b1db7caf6e072e5bafff82efd93b02a?s=96&d=mm&r=g","contentUrl":"https:\/\/secure.gravatar.com\/avatar\/1f40520a5813d57bbf3ac6e35ab581cc8b1db7caf6e072e5bafff82efd93b02a?s=96&d=mm&r=g","caption":"Redacci\u00f3n"},"sameAs":["http:\/\/expresionesguerrero.com.mx\/expresioneswp"],"url":"https:\/\/expresionesguerrero.com.mx\/expresioneswp\/?author=1"}]}},"_links":{"self":[{"href":"https:\/\/expresionesguerrero.com.mx\/expresioneswp\/index.php?rest_route=\/wp\/v2\/posts\/15676","targetHints":{"allow":["GET"]}}],"collection":[{"href":"https:\/\/expresionesguerrero.com.mx\/expresioneswp\/index.php?rest_route=\/wp\/v2\/posts"}],"about":[{"href":"https:\/\/expresionesguerrero.com.mx\/expresioneswp\/index.php?rest_route=\/wp\/v2\/types\/post"}],"author":[{"embeddable":true,"href":"https:\/\/expresionesguerrero.com.mx\/expresioneswp\/index.php?rest_route=\/wp\/v2\/users\/1"}],"replies":[{"embeddable":true,"href":"https:\/\/expresionesguerrero.com.mx\/expresioneswp\/index.php?rest_route=%2Fwp%2Fv2%2Fcomments&post=15676"}],"version-history":[{"count":1,"href":"https:\/\/expresionesguerrero.com.mx\/expresioneswp\/index.php?rest_route=\/wp\/v2\/posts\/15676\/revisions"}],"predecessor-version":[{"id":15678,"href":"https:\/\/expresionesguerrero.com.mx\/expresioneswp\/index.php?rest_route=\/wp\/v2\/posts\/15676\/revisions\/15678"}],"wp:featuredmedia":[{"embeddable":true,"href":"https:\/\/expresionesguerrero.com.mx\/expresioneswp\/index.php?rest_route=\/wp\/v2\/media\/15677"}],"wp:attachment":[{"href":"https:\/\/expresionesguerrero.com.mx\/expresioneswp\/index.php?rest_route=%2Fwp%2Fv2%2Fmedia&parent=15676"}],"wp:term":[{"taxonomy":"category","embeddable":true,"href":"https:\/\/expresionesguerrero.com.mx\/expresioneswp\/index.php?rest_route=%2Fwp%2Fv2%2Fcategories&post=15676"},{"taxonomy":"post_tag","embeddable":true,"href":"https:\/\/expresionesguerrero.com.mx\/expresioneswp\/index.php?rest_route=%2Fwp%2Fv2%2Ftags&post=15676"}],"curies":[{"name":"wp","href":"https:\/\/api.w.org\/{rel}","templated":true}]}}