{"id":15673,"date":"2026-09-03T09:10:38","date_gmt":"2026-09-03T14:10:38","guid":{"rendered":"https:\/\/expresionesguerrero.com.mx\/expresioneswp\/?p=15673"},"modified":"2026-09-03T09:10:41","modified_gmt":"2026-09-03T14:10:41","slug":"detienen-a-el-amarillo-lider-de-los-rusos-garcia-harfuch","status":"publish","type":"post","link":"https:\/\/expresionesguerrero.com.mx\/expresioneswp\/?p=15673","title":{"rendered":"Detienen a \u201cEl Amarillo\u201d, l\u00edder de \u201cLos Rusos\u201d: Garc\u00eda Harfuch"},"content":{"rendered":"\n<p class=\"wp-block-paragraph\">Gov\u00e9n Ulisses Pinto, alias \u00abEl Amarillo\u00bb y\/o \u00abEl Gob\u00e9n\u00bb, se\u00f1alado como l\u00edder de una c\u00e9lula criminal vinculada con \u00abLos Rusos\u00bb, fue detenido en Lomas de Angel\u00f3polis, Puebla, inform\u00f3 el secretario de Seguridad y Protecci\u00f3n Ciudadana, Omar Hamid Garc\u00eda Harfuch.<\/p>\n\n\n\n<p class=\"wp-block-paragraph\">\u00abEl Amarillo\u00bb es identificado por autoridades como uno de los principales generadores de violencia de esa organizaci\u00f3n, con presencia principalmente en Acapulco. Junto a \u00e9l tambi\u00e9n fueron detenidos otras dos personas, ubicadas como sus guardaespaldas personales. Durante el operativo fueron aseguradas armas, drogas y veh\u00edculos de lujo.<\/p>\n\n\n\n<p class=\"wp-block-paragraph\">\u00abEst\u00e1 relacionado con delitos que afectan directamente a la poblaci\u00f3n, entre ellos extorsi\u00f3n, secuestro y privaci\u00f3n ilegal de la libertad, homicidio, as\u00ed como tr\u00e1fico y distribuci\u00f3n de drogas\u00bb, se\u00f1al\u00f3 en su cuenta oficial Garc\u00eda Harfuch.<\/p>\n\n\n\n<p class=\"wp-block-paragraph\">La captura, dijo Garc\u00eda Harfuch, fue resultado de trabajos de inteligencia e investigaci\u00f3n realizados por la Agencia de Investigaci\u00f3n Criminal y la Fiscal\u00eda Especializada en Materia de Delincuencia Organizada de la FGR, la Secretar\u00eda de Seguridad y Protecci\u00f3n Ciudadana y la Secretar\u00eda de Marina, con informaci\u00f3n del Centro Nacional de Inteligencia.<\/p>\n\n\n\n<p class=\"wp-block-paragraph\">En el operativo participaron tambi\u00e9n autoridades de Puebla y Guerrero. Esta ma\u00f1ana, de manera simult\u00e1nea, se realizan todav\u00eda cateos en distintos puntos de la zona como parte de las investigaciones.<\/p>\n\n\n\n<p class=\"wp-block-paragraph\">En su post, Garc\u00eda Harfuch agradeci\u00f3 a los gobernadores morenistas de Guerrero y Puebla, Evelyn Salgado Pineda y Alejandro Armenta Mier, respectivamente, por todo el apoyo y la coordinaci\u00f3n otorgadas para el desarrollo de la operaci\u00f3n.<\/p>\n\n\n\n<p class=\"wp-block-paragraph\">Seg\u00fan la historiograf\u00eda de las autoridades federales, a nivel hist\u00f3rico y de estructura generalizada, la organizaci\u00f3n de \u00abLos Rusos\u00bb en el estado de Guerrero originalmente surgi\u00f3 como un brazo armado del c\u00e1rtel de los Beltr\u00e1n Leyva, teniendo como l\u00edder fundador a Juan Carlos \u00abEl Ruso\u00bb (capturado en 2016).<\/p>\n\n\n\n<p class=\"wp-block-paragraph\">Reportes de seguridad federal han vinculado su direcci\u00f3n general en la regi\u00f3n a Jos\u00e9 Gil Caro Quintero, alias \u00abEl Pelo\u00bb. Asimismo, la organizaci\u00f3n opera en el puerto mediante jefes de plaza locales, entre los cuales destaca Jorge Luis \u00abN\u00bb, alias \u00abEl Choco\u00bb, detenido recientemente el pasado 25 agosto de 2026.<\/p>\n\n\n\n<p class=\"wp-block-paragraph\">Jos\u00e9 Gil Caro Quintero, conocido principalmente bajo los alias de \u00abEl Pelo Chino\u00bb, \u00abEl Chino\u00bb o \u00abDon Jos\u00e9\u00bb, es un l\u00edder del narcotr\u00e1fico en M\u00e9xico estrechamente emparentado con Rafael Caro Quintero (fundador del extinto C\u00e1rtel de Guadalajara).<\/p>\n\n\n\n<p class=\"wp-block-paragraph\">Es identificado por las autoridades de M\u00e9xico y Estados Unidos como uno de los mandos principales del C\u00e1rtel de Caborca y l\u00edder de c\u00e9lulas operativas de los Beltr\u00e1n Leyva en el sur del pa\u00eds. De acuerdo con datos surgidos de las investigaciones del Departamento del Tesoro estadounidense (OFAC) y reportes federales, se le identifica como primo o sobrino directo de Rafael Caro Quintero. Tras la recaptura del \u00abNarco de Narcos\u00bb en julio de 2022, \u00abEl Pelo Chino\u00bb asumi\u00f3 el control de la estructura del C\u00e1rtel de Caborca.<\/p>\n","protected":false},"excerpt":{"rendered":"<p>Gov\u00e9n Ulisses Pinto, alias \u00abEl Amarillo\u00bb y\/o \u00abEl Gob\u00e9n\u00bb, se\u00f1alado como l\u00edder de una c\u00e9lula criminal vinculada con \u00abLos Rusos\u00bb,<\/p>\n","protected":false},"author":1,"featured_media":15674,"comment_status":"open","ping_status":"open","sticky":false,"template":"","format":"standard","meta":{"colormag_page_container_layout":"default_layout","colormag_page_sidebar_layout":"default_layout","footnotes":""},"categories":[6,5],"tags":[2442],"class_list":["post-15673","post","type-post","status-publish","format-standard","has-post-thumbnail","hentry","category-guerrero","category-nacional","tag-detienen-a-el-amarillo-lider-de-los-rusos-garcia-harfuch"],"yoast_head":"<!-- This site is optimized with the Yoast SEO plugin v28.4 - https:\/\/yoast.com\/product\/yoast-seo-wordpress\/ -->\n<title>Detienen a \u201cEl Amarillo\u201d, l\u00edder de \u201cLos Rusos\u201d: Garc\u00eda Harfuch - Expresiones Guerrero<\/title>\n<meta name=\"description\" content=\"Detienen a \u201cEl Amarillo\u201d, l\u00edder de \u201cLos Rusos\u201d: Garc\u00eda Harfuch Guerrero\" \/>\n<meta name=\"robots\" content=\"index, follow, max-snippet:-1, max-image-preview:large, max-video-preview:-1\" \/>\n<link rel=\"canonical\" href=\"https:\/\/expresionesguerrero.com.mx\/expresioneswp\/?p=15673\" \/>\n<meta property=\"og:locale\" content=\"es_ES\" \/>\n<meta property=\"og:type\" content=\"article\" \/>\n<meta property=\"og:title\" content=\"Detienen a \u201cEl Amarillo\u201d, l\u00edder de \u201cLos Rusos\u201d: Garc\u00eda Harfuch - Expresiones Guerrero\" \/>\n<meta property=\"og:description\" content=\"Detienen a \u201cEl Amarillo\u201d, l\u00edder de \u201cLos Rusos\u201d: Garc\u00eda Harfuch Guerrero\" \/>\n<meta property=\"og:url\" content=\"https:\/\/expresionesguerrero.com.mx\/expresioneswp\/?p=15673\" \/>\n<meta property=\"og:site_name\" content=\"Expresiones Guerrero\" \/>\n<meta property=\"article:published_time\" content=\"2026-09-03T14:10:38+00:00\" \/>\n<meta property=\"article:modified_time\" content=\"2026-09-03T14:10:41+00:00\" \/>\n<meta property=\"og:image\" content=\"https:\/\/expresionesguerrero.com.mx\/expresioneswp\/wp-content\/uploads\/2026\/09\/Gemini_Generated_Image_8w4t288w4t288w4t.jpg\" \/>\n\t<meta property=\"og:image:width\" content=\"1264\" \/>\n\t<meta property=\"og:image:height\" content=\"843\" \/>\n\t<meta property=\"og:image:type\" content=\"image\/jpeg\" \/>\n<meta name=\"author\" content=\"Redacci\u00f3n\" \/>\n<meta name=\"twitter:card\" content=\"summary_large_image\" \/>\n<meta name=\"twitter:label1\" content=\"Escrito por\" \/>\n\t<meta name=\"twitter:data1\" content=\"Redacci\u00f3n\" \/>\n\t<meta name=\"twitter:label2\" content=\"Tiempo de lectura\" \/>\n\t<meta name=\"twitter:data2\" content=\"3 minutos\" \/>\n<script type=\"application\/ld+json\" class=\"yoast-schema-graph\">{\"@context\":\"https:\\\/\\\/schema.org\",\"@graph\":[{\"@type\":\"NewsArticle\",\"@id\":\"https:\\\/\\\/expresionesguerrero.com.mx\\\/expresioneswp\\\/?p=15673#article\",\"isPartOf\":{\"@id\":\"https:\\\/\\\/expresionesguerrero.com.mx\\\/expresioneswp\\\/?p=15673\"},\"author\":{\"name\":\"Redacci\u00f3n\",\"@id\":\"https:\\\/\\\/expresionesguerrero.com.mx\\\/expresioneswp\\\/#\\\/schema\\\/person\\\/b8a75dd4eb4a910b255423cf852fa057\"},\"headline\":\"Detienen a \u201cEl Amarillo\u201d, l\u00edder de \u201cLos Rusos\u201d: Garc\u00eda Harfuch\",\"datePublished\":\"2026-09-03T14:10:38+00:00\",\"dateModified\":\"2026-09-03T14:10:41+00:00\",\"mainEntityOfPage\":{\"@id\":\"https:\\\/\\\/expresionesguerrero.com.mx\\\/expresioneswp\\\/?p=15673\"},\"wordCount\":523,\"commentCount\":0,\"publisher\":{\"@id\":\"https:\\\/\\\/expresionesguerrero.com.mx\\\/expresioneswp\\\/#organization\"},\"image\":{\"@id\":\"https:\\\/\\\/expresionesguerrero.com.mx\\\/expresioneswp\\\/?p=15673#primaryimage\"},\"thumbnailUrl\":\"https:\\\/\\\/expresionesguerrero.com.mx\\\/expresioneswp\\\/wp-content\\\/uploads\\\/2026\\\/09\\\/Gemini_Generated_Image_8w4t288w4t288w4t.jpg\",\"keywords\":[\"Detienen a \\\"El Amarillo\\\" l\u00edder de Los Rusos: Garc\u00eda Harfuch\"],\"articleSection\":[\"Guerrero\",\"Nacional\"],\"inLanguage\":\"es\",\"potentialAction\":[{\"@type\":\"CommentAction\",\"name\":\"Comment\",\"target\":[\"https:\\\/\\\/expresionesguerrero.com.mx\\\/expresioneswp\\\/?p=15673#respond\"]}]},{\"@type\":\"WebPage\",\"@id\":\"https:\\\/\\\/expresionesguerrero.com.mx\\\/expresioneswp\\\/?p=15673\",\"url\":\"https:\\\/\\\/expresionesguerrero.com.mx\\\/expresioneswp\\\/?p=15673\",\"name\":\"Detienen a \u201cEl Amarillo\u201d, l\u00edder de \u201cLos Rusos\u201d: Garc\u00eda Harfuch - Expresiones Guerrero\",\"isPartOf\":{\"@id\":\"https:\\\/\\\/expresionesguerrero.com.mx\\\/expresioneswp\\\/#website\"},\"primaryImageOfPage\":{\"@id\":\"https:\\\/\\\/expresionesguerrero.com.mx\\\/expresioneswp\\\/?p=15673#primaryimage\"},\"image\":{\"@id\":\"https:\\\/\\\/expresionesguerrero.com.mx\\\/expresioneswp\\\/?p=15673#primaryimage\"},\"thumbnailUrl\":\"https:\\\/\\\/expresionesguerrero.com.mx\\\/expresioneswp\\\/wp-content\\\/uploads\\\/2026\\\/09\\\/Gemini_Generated_Image_8w4t288w4t288w4t.jpg\",\"datePublished\":\"2026-09-03T14:10:38+00:00\",\"dateModified\":\"2026-09-03T14:10:41+00:00\",\"description\":\"Detienen a \u201cEl Amarillo\u201d, l\u00edder de \u201cLos Rusos\u201d: Garc\u00eda Harfuch Guerrero\",\"breadcrumb\":{\"@id\":\"https:\\\/\\\/expresionesguerrero.com.mx\\\/expresioneswp\\\/?p=15673#breadcrumb\"},\"inLanguage\":\"es\",\"potentialAction\":[{\"@type\":\"ReadAction\",\"target\":[\"https:\\\/\\\/expresionesguerrero.com.mx\\\/expresioneswp\\\/?p=15673\"]}]},{\"@type\":\"ImageObject\",\"inLanguage\":\"es\",\"@id\":\"https:\\\/\\\/expresionesguerrero.com.mx\\\/expresioneswp\\\/?p=15673#primaryimage\",\"url\":\"https:\\\/\\\/expresionesguerrero.com.mx\\\/expresioneswp\\\/wp-content\\\/uploads\\\/2026\\\/09\\\/Gemini_Generated_Image_8w4t288w4t288w4t.jpg\",\"contentUrl\":\"https:\\\/\\\/expresionesguerrero.com.mx\\\/expresioneswp\\\/wp-content\\\/uploads\\\/2026\\\/09\\\/Gemini_Generated_Image_8w4t288w4t288w4t.jpg\",\"width\":1264,\"height\":843},{\"@type\":\"BreadcrumbList\",\"@id\":\"https:\\\/\\\/expresionesguerrero.com.mx\\\/expresioneswp\\\/?p=15673#breadcrumb\",\"itemListElement\":[{\"@type\":\"ListItem\",\"position\":1,\"name\":\"Portada\",\"item\":\"https:\\\/\\\/expresionesguerrero.com.mx\\\/expresioneswp\"},{\"@type\":\"ListItem\",\"position\":2,\"name\":\"Detienen a \u201cEl Amarillo\u201d, l\u00edder de \u201cLos Rusos\u201d: Garc\u00eda Harfuch\"}]},{\"@type\":\"WebSite\",\"@id\":\"https:\\\/\\\/expresionesguerrero.com.mx\\\/expresioneswp\\\/#website\",\"url\":\"https:\\\/\\\/expresionesguerrero.com.mx\\\/expresioneswp\\\/\",\"name\":\"Expresiones Guerrero\",\"description\":\"Periodismo Digital\",\"publisher\":{\"@id\":\"https:\\\/\\\/expresionesguerrero.com.mx\\\/expresioneswp\\\/#organization\"},\"potentialAction\":[{\"@type\":\"SearchAction\",\"target\":{\"@type\":\"EntryPoint\",\"urlTemplate\":\"https:\\\/\\\/expresionesguerrero.com.mx\\\/expresioneswp\\\/?s={search_term_string}\"},\"query-input\":{\"@type\":\"PropertyValueSpecification\",\"valueRequired\":true,\"valueName\":\"search_term_string\"}}],\"inLanguage\":\"es\"},{\"@type\":\"Organization\",\"@id\":\"https:\\\/\\\/expresionesguerrero.com.mx\\\/expresioneswp\\\/#organization\",\"name\":\"Expresiones Guerrero\",\"url\":\"https:\\\/\\\/expresionesguerrero.com.mx\\\/expresioneswp\\\/\",\"logo\":{\"@type\":\"ImageObject\",\"inLanguage\":\"es\",\"@id\":\"https:\\\/\\\/expresionesguerrero.com.mx\\\/expresioneswp\\\/#\\\/schema\\\/logo\\\/image\\\/\",\"url\":\"https:\\\/\\\/expresionesguerrero.com.mx\\\/expresioneswp\\\/wp-content\\\/uploads\\\/2021\\\/05\\\/cropped-logotipo-expresiones1-1.jpg\",\"contentUrl\":\"https:\\\/\\\/expresionesguerrero.com.mx\\\/expresioneswp\\\/wp-content\\\/uploads\\\/2021\\\/05\\\/cropped-logotipo-expresiones1-1.jpg\",\"width\":512,\"height\":512,\"caption\":\"Expresiones Guerrero\"},\"image\":{\"@id\":\"https:\\\/\\\/expresionesguerrero.com.mx\\\/expresioneswp\\\/#\\\/schema\\\/logo\\\/image\\\/\"}},{\"@type\":\"Person\",\"@id\":\"https:\\\/\\\/expresionesguerrero.com.mx\\\/expresioneswp\\\/#\\\/schema\\\/person\\\/b8a75dd4eb4a910b255423cf852fa057\",\"name\":\"Redacci\u00f3n\",\"image\":{\"@type\":\"ImageObject\",\"inLanguage\":\"es\",\"@id\":\"https:\\\/\\\/secure.gravatar.com\\\/avatar\\\/1f40520a5813d57bbf3ac6e35ab581cc8b1db7caf6e072e5bafff82efd93b02a?s=96&d=mm&r=g\",\"url\":\"https:\\\/\\\/secure.gravatar.com\\\/avatar\\\/1f40520a5813d57bbf3ac6e35ab581cc8b1db7caf6e072e5bafff82efd93b02a?s=96&d=mm&r=g\",\"contentUrl\":\"https:\\\/\\\/secure.gravatar.com\\\/avatar\\\/1f40520a5813d57bbf3ac6e35ab581cc8b1db7caf6e072e5bafff82efd93b02a?s=96&d=mm&r=g\",\"caption\":\"Redacci\u00f3n\"},\"sameAs\":[\"http:\\\/\\\/expresionesguerrero.com.mx\\\/expresioneswp\"],\"url\":\"https:\\\/\\\/expresionesguerrero.com.mx\\\/expresioneswp\\\/?author=1\"}]}<\/script>\n<!-- \/ Yoast SEO plugin. -->","yoast_head_json":{"title":"Detienen a \u201cEl Amarillo\u201d, l\u00edder de \u201cLos Rusos\u201d: Garc\u00eda Harfuch - Expresiones Guerrero","description":"Detienen a \u201cEl Amarillo\u201d, l\u00edder de \u201cLos Rusos\u201d: Garc\u00eda Harfuch Guerrero","robots":{"index":"index","follow":"follow","max-snippet":"max-snippet:-1","max-image-preview":"max-image-preview:large","max-video-preview":"max-video-preview:-1"},"canonical":"https:\/\/expresionesguerrero.com.mx\/expresioneswp\/?p=15673","og_locale":"es_ES","og_type":"article","og_title":"Detienen a \u201cEl Amarillo\u201d, l\u00edder de \u201cLos Rusos\u201d: Garc\u00eda Harfuch - Expresiones Guerrero","og_description":"Detienen a \u201cEl Amarillo\u201d, l\u00edder de \u201cLos Rusos\u201d: Garc\u00eda Harfuch Guerrero","og_url":"https:\/\/expresionesguerrero.com.mx\/expresioneswp\/?p=15673","og_site_name":"Expresiones Guerrero","article_published_time":"2026-09-03T14:10:38+00:00","article_modified_time":"2026-09-03T14:10:41+00:00","og_image":[{"width":1264,"height":843,"url":"https:\/\/expresionesguerrero.com.mx\/expresioneswp\/wp-content\/uploads\/2026\/09\/Gemini_Generated_Image_8w4t288w4t288w4t.jpg","type":"image\/jpeg"}],"author":"Redacci\u00f3n","twitter_card":"summary_large_image","twitter_misc":{"Escrito por":"Redacci\u00f3n","Tiempo de lectura":"3 minutos"},"schema":{"@context":"https:\/\/schema.org","@graph":[{"@type":"NewsArticle","@id":"https:\/\/expresionesguerrero.com.mx\/expresioneswp\/?p=15673#article","isPartOf":{"@id":"https:\/\/expresionesguerrero.com.mx\/expresioneswp\/?p=15673"},"author":{"name":"Redacci\u00f3n","@id":"https:\/\/expresionesguerrero.com.mx\/expresioneswp\/#\/schema\/person\/b8a75dd4eb4a910b255423cf852fa057"},"headline":"Detienen a \u201cEl Amarillo\u201d, l\u00edder de \u201cLos Rusos\u201d: Garc\u00eda Harfuch","datePublished":"2026-09-03T14:10:38+00:00","dateModified":"2026-09-03T14:10:41+00:00","mainEntityOfPage":{"@id":"https:\/\/expresionesguerrero.com.mx\/expresioneswp\/?p=15673"},"wordCount":523,"commentCount":0,"publisher":{"@id":"https:\/\/expresionesguerrero.com.mx\/expresioneswp\/#organization"},"image":{"@id":"https:\/\/expresionesguerrero.com.mx\/expresioneswp\/?p=15673#primaryimage"},"thumbnailUrl":"https:\/\/expresionesguerrero.com.mx\/expresioneswp\/wp-content\/uploads\/2026\/09\/Gemini_Generated_Image_8w4t288w4t288w4t.jpg","keywords":["Detienen a \"El Amarillo\" l\u00edder de Los Rusos: Garc\u00eda Harfuch"],"articleSection":["Guerrero","Nacional"],"inLanguage":"es","potentialAction":[{"@type":"CommentAction","name":"Comment","target":["https:\/\/expresionesguerrero.com.mx\/expresioneswp\/?p=15673#respond"]}]},{"@type":"WebPage","@id":"https:\/\/expresionesguerrero.com.mx\/expresioneswp\/?p=15673","url":"https:\/\/expresionesguerrero.com.mx\/expresioneswp\/?p=15673","name":"Detienen a \u201cEl Amarillo\u201d, l\u00edder de \u201cLos Rusos\u201d: Garc\u00eda Harfuch - Expresiones Guerrero","isPartOf":{"@id":"https:\/\/expresionesguerrero.com.mx\/expresioneswp\/#website"},"primaryImageOfPage":{"@id":"https:\/\/expresionesguerrero.com.mx\/expresioneswp\/?p=15673#primaryimage"},"image":{"@id":"https:\/\/expresionesguerrero.com.mx\/expresioneswp\/?p=15673#primaryimage"},"thumbnailUrl":"https:\/\/expresionesguerrero.com.mx\/expresioneswp\/wp-content\/uploads\/2026\/09\/Gemini_Generated_Image_8w4t288w4t288w4t.jpg","datePublished":"2026-09-03T14:10:38+00:00","dateModified":"2026-09-03T14:10:41+00:00","description":"Detienen a \u201cEl Amarillo\u201d, l\u00edder de \u201cLos Rusos\u201d: Garc\u00eda Harfuch Guerrero","breadcrumb":{"@id":"https:\/\/expresionesguerrero.com.mx\/expresioneswp\/?p=15673#breadcrumb"},"inLanguage":"es","potentialAction":[{"@type":"ReadAction","target":["https:\/\/expresionesguerrero.com.mx\/expresioneswp\/?p=15673"]}]},{"@type":"ImageObject","inLanguage":"es","@id":"https:\/\/expresionesguerrero.com.mx\/expresioneswp\/?p=15673#primaryimage","url":"https:\/\/expresionesguerrero.com.mx\/expresioneswp\/wp-content\/uploads\/2026\/09\/Gemini_Generated_Image_8w4t288w4t288w4t.jpg","contentUrl":"https:\/\/expresionesguerrero.com.mx\/expresioneswp\/wp-content\/uploads\/2026\/09\/Gemini_Generated_Image_8w4t288w4t288w4t.jpg","width":1264,"height":843},{"@type":"BreadcrumbList","@id":"https:\/\/expresionesguerrero.com.mx\/expresioneswp\/?p=15673#breadcrumb","itemListElement":[{"@type":"ListItem","position":1,"name":"Portada","item":"https:\/\/expresionesguerrero.com.mx\/expresioneswp"},{"@type":"ListItem","position":2,"name":"Detienen a \u201cEl Amarillo\u201d, l\u00edder de \u201cLos Rusos\u201d: Garc\u00eda Harfuch"}]},{"@type":"WebSite","@id":"https:\/\/expresionesguerrero.com.mx\/expresioneswp\/#website","url":"https:\/\/expresionesguerrero.com.mx\/expresioneswp\/","name":"Expresiones Guerrero","description":"Periodismo Digital","publisher":{"@id":"https:\/\/expresionesguerrero.com.mx\/expresioneswp\/#organization"},"potentialAction":[{"@type":"SearchAction","target":{"@type":"EntryPoint","urlTemplate":"https:\/\/expresionesguerrero.com.mx\/expresioneswp\/?s={search_term_string}"},"query-input":{"@type":"PropertyValueSpecification","valueRequired":true,"valueName":"search_term_string"}}],"inLanguage":"es"},{"@type":"Organization","@id":"https:\/\/expresionesguerrero.com.mx\/expresioneswp\/#organization","name":"Expresiones Guerrero","url":"https:\/\/expresionesguerrero.com.mx\/expresioneswp\/","logo":{"@type":"ImageObject","inLanguage":"es","@id":"https:\/\/expresionesguerrero.com.mx\/expresioneswp\/#\/schema\/logo\/image\/","url":"https:\/\/expresionesguerrero.com.mx\/expresioneswp\/wp-content\/uploads\/2021\/05\/cropped-logotipo-expresiones1-1.jpg","contentUrl":"https:\/\/expresionesguerrero.com.mx\/expresioneswp\/wp-content\/uploads\/2021\/05\/cropped-logotipo-expresiones1-1.jpg","width":512,"height":512,"caption":"Expresiones Guerrero"},"image":{"@id":"https:\/\/expresionesguerrero.com.mx\/expresioneswp\/#\/schema\/logo\/image\/"}},{"@type":"Person","@id":"https:\/\/expresionesguerrero.com.mx\/expresioneswp\/#\/schema\/person\/b8a75dd4eb4a910b255423cf852fa057","name":"Redacci\u00f3n","image":{"@type":"ImageObject","inLanguage":"es","@id":"https:\/\/secure.gravatar.com\/avatar\/1f40520a5813d57bbf3ac6e35ab581cc8b1db7caf6e072e5bafff82efd93b02a?s=96&d=mm&r=g","url":"https:\/\/secure.gravatar.com\/avatar\/1f40520a5813d57bbf3ac6e35ab581cc8b1db7caf6e072e5bafff82efd93b02a?s=96&d=mm&r=g","contentUrl":"https:\/\/secure.gravatar.com\/avatar\/1f40520a5813d57bbf3ac6e35ab581cc8b1db7caf6e072e5bafff82efd93b02a?s=96&d=mm&r=g","caption":"Redacci\u00f3n"},"sameAs":["http:\/\/expresionesguerrero.com.mx\/expresioneswp"],"url":"https:\/\/expresionesguerrero.com.mx\/expresioneswp\/?author=1"}]}},"_links":{"self":[{"href":"https:\/\/expresionesguerrero.com.mx\/expresioneswp\/index.php?rest_route=\/wp\/v2\/posts\/15673","targetHints":{"allow":["GET"]}}],"collection":[{"href":"https:\/\/expresionesguerrero.com.mx\/expresioneswp\/index.php?rest_route=\/wp\/v2\/posts"}],"about":[{"href":"https:\/\/expresionesguerrero.com.mx\/expresioneswp\/index.php?rest_route=\/wp\/v2\/types\/post"}],"author":[{"embeddable":true,"href":"https:\/\/expresionesguerrero.com.mx\/expresioneswp\/index.php?rest_route=\/wp\/v2\/users\/1"}],"replies":[{"embeddable":true,"href":"https:\/\/expresionesguerrero.com.mx\/expresioneswp\/index.php?rest_route=%2Fwp%2Fv2%2Fcomments&post=15673"}],"version-history":[{"count":1,"href":"https:\/\/expresionesguerrero.com.mx\/expresioneswp\/index.php?rest_route=\/wp\/v2\/posts\/15673\/revisions"}],"predecessor-version":[{"id":15675,"href":"https:\/\/expresionesguerrero.com.mx\/expresioneswp\/index.php?rest_route=\/wp\/v2\/posts\/15673\/revisions\/15675"}],"wp:featuredmedia":[{"embeddable":true,"href":"https:\/\/expresionesguerrero.com.mx\/expresioneswp\/index.php?rest_route=\/wp\/v2\/media\/15674"}],"wp:attachment":[{"href":"https:\/\/expresionesguerrero.com.mx\/expresioneswp\/index.php?rest_route=%2Fwp%2Fv2%2Fmedia&parent=15673"}],"wp:term":[{"taxonomy":"category","embeddable":true,"href":"https:\/\/expresionesguerrero.com.mx\/expresioneswp\/index.php?rest_route=%2Fwp%2Fv2%2Fcategories&post=15673"},{"taxonomy":"post_tag","embeddable":true,"href":"https:\/\/expresionesguerrero.com.mx\/expresioneswp\/index.php?rest_route=%2Fwp%2Fv2%2Ftags&post=15673"}],"curies":[{"name":"wp","href":"https:\/\/api.w.org\/{rel}","templated":true}]}}