{"id":15669,"date":"2026-09-02T23:04:01","date_gmt":"2026-09-03T04:04:01","guid":{"rendered":"https:\/\/expresionesguerrero.com.mx\/expresioneswp\/?p=15669"},"modified":"2026-09-02T23:04:28","modified_gmt":"2026-09-03T04:04:28","slug":"suben-deuda-7-estados-guerrero-mantiene-reduccion-segundo-informe","status":"publish","type":"post","link":"https:\/\/expresionesguerrero.com.mx\/expresioneswp\/?p=15669","title":{"rendered":"Suben deuda 7 estados; Guerrero mantiene reducci\u00f3n: Segundo Informe"},"content":{"rendered":"\n<p class=\"wp-block-paragraph\">De acuerdo con los datos presentados durante el segundo informe de gobierno de la presidente Claudia Sheinbaum Pardo, siete estados del pa\u00eds han incrementado hasta doble d\u00edgito sus deudas p\u00fablicas durante los gobiernos de la Cuatrot\u00e9. Guerrero mantiene su ritmo positivo en ese sentido.<\/p>\n\n\n\n<p class=\"wp-block-paragraph\">Yucat\u00e1n, por ejemplo, tuvo un incremento en su deuda de 83.26 por ciento desde 2018 \u2014cuando entr\u00f3 el gobierno de Andr\u00e9s Manuel L\u00f3pez Obrador\u2014 hasta 2025, ya con el gobierno de Claudia Sheinbaum Pardo en marcha.<\/p>\n\n\n\n<p class=\"wp-block-paragraph\">En 2018, la deuda de Yucat\u00e1n era de 5 mil 163.8 millones de pesos y para 2025 se elev\u00f3 a 9 mil 463.3 millones, monto que incluye la deuda de la entidad, los municipios y organismos estatales y municipales.<\/p>\n\n\n\n<p class=\"wp-block-paragraph\">S\u00f3lo en el primer trimestre de este a\u00f1o, la deuda de Yucat\u00e1n se ubic\u00f3 en 9 mil 620.2 millones de pesos, muestran datos de la Secretar\u00eda de Hacienda y Cr\u00e9dito P\u00fablico (SHCP), reportados en el Segundo Informe de Gobierno.<\/p>\n\n\n\n<p class=\"wp-block-paragraph\">En Quer\u00e9taro, la deuda creci\u00f3 60.73 por ciento de 2018 a 2025 al pasar de 968.2 millones de pesos de 2026 a mil 556.2 millones; solo en el primer trimestre de este a\u00f1o se ubic\u00f3 en mil 303.1 millones de pesos.<\/p>\n\n\n\n<p class=\"wp-block-paragraph\">De 2018 a 2025, San Luis Potos\u00ed, Durango y Aguascalientes registraron incrementos de 23.10 por ciento, 9.57 por ciento y 8.70 por ciento, respectivamente.<\/p>\n\n\n\n<p class=\"wp-block-paragraph\">En tanto, Nuevo Le\u00f3n y Guanajuato registraron aumentos de 8.42 por ciento y 4.16 por ciento, con deudas que al cierre de 2025 se ubicaron en 118 mil 324.9 millones de pesos y 10 mil 252.1 millones de pesos, respectivamente.<\/p>\n\n\n\n<p class=\"wp-block-paragraph\">En el Informe se destaca que el saldo de la deuda total de las 32 entidades federativas se ubic\u00f3 en 705 mil 034.1 millones de pesos solo en el primer trimestre de este 2026, incluyendo la deuda de los estados, los municipios y de los organismos estatales y municipales.<\/p>\n\n\n\n<p class=\"wp-block-paragraph\">Esto es relevante si se considera que en todo 2025, la deuda total de los estados del pa\u00eds fue de 728 mil 573.6 millones de pesos de 2026.<\/p>\n\n\n\n<p class=\"wp-block-paragraph\">En contraste, los estados que registraron ca\u00eddas relevantes en sus saldos de endeudamiento fueron Tlaxcala, con una reducci\u00f3n de 100 por ciento entre 2018 y 2025, Hidalgo con 65.38, Puebla con 48.57 y Zacatecas con 47.88 por ciento.<\/p>\n\n\n\n<p class=\"wp-block-paragraph\">En dicho periodo, el estado de Guerrero \u2014bajo el mandato de Evelyn Salgado Pineda\u2014 redujo su deuda 46.06 por ciento, Campeche 45.10 por ciento y Quintana Roo 30.51 por ciento.<\/p>\n\n\n\n<p class=\"wp-block-paragraph\">En su Segundo Informe, el gobierno federal asever\u00f3 que el pa\u00eds cuenta con finanzas p\u00fablicas sanas.<\/p>\n\n\n\n<p class=\"wp-block-paragraph\">\u00abNuestro gobierno ha demostrado que se puede gobernar con justicia social sin comprometer la estabilidad de las finanzas nacionales\u201d, se precis\u00f3 en el informe presidencial.<\/p>\n\n\n\n<p class=\"wp-block-paragraph\">Al segundo trimestre de 2026, la deuda del Sector P\u00fablico Federal, medida a trav\u00e9s del Saldo Hist\u00f3rico de los Requerimientos Financieros del Sector P\u00fablico, se ubic\u00f3 en 51 por ciento del PIB, 1.6 por ciento menos que al cierre de 2025.<\/p>\n\n\n\n<p class=\"wp-block-paragraph\">\u00abEsta trayectoria descendente de la deuda p\u00fablica, lograda sin sacrificar la inversi\u00f3n social ni la infraestructura estrat\u00e9gica del Pa\u00eds, es la prueba m\u00e1s contundente de que la austeridad republicana es una pol\u00edtica de Estado responsable que fortalece la soberan\u00eda financiera de M\u00e9xico frente a la volatilidad internacional\u00bb, destac\u00f3 el informe.<\/p>\n\n\n\n<p class=\"wp-block-paragraph\">En el marco de estas medidas, asegur\u00f3, se generaron ahorros fiscales por 106.8 millones de pesos que se reorientan directamente al bienestar de la poblaci\u00f3n. Con informaci\u00f3n de Reforma.<\/p>\n","protected":false},"excerpt":{"rendered":"<p>De acuerdo con los datos presentados durante el segundo informe de gobierno de la presidente Claudia Sheinbaum Pardo, siete estados<\/p>\n","protected":false},"author":1,"featured_media":15670,"comment_status":"open","ping_status":"open","sticky":false,"template":"","format":"standard","meta":{"colormag_page_container_layout":"default_layout","colormag_page_sidebar_layout":"default_layout","footnotes":""},"categories":[5],"tags":[2441],"class_list":["post-15669","post","type-post","status-publish","format-standard","has-post-thumbnail","hentry","category-nacional","tag-suben-deuda-7-estados-guerrero-mantiene-reduccion-segundo-informe"],"yoast_head":"<!-- This site is optimized with the Yoast SEO plugin v28.4 - https:\/\/yoast.com\/product\/yoast-seo-wordpress\/ -->\n<title>Suben deuda 7 estados; Guerrero mantiene reducci\u00f3n: Segundo Informe - Expresiones Guerrero<\/title>\n<meta name=\"description\" content=\"Suben deuda 7 estados; Guerrero mantiene reducci\u00f3n: Segundo Informe Nacional\" \/>\n<meta name=\"robots\" content=\"index, follow, max-snippet:-1, max-image-preview:large, max-video-preview:-1\" \/>\n<link rel=\"canonical\" href=\"https:\/\/expresionesguerrero.com.mx\/expresioneswp\/?p=15669\" \/>\n<meta property=\"og:locale\" content=\"es_ES\" \/>\n<meta property=\"og:type\" content=\"article\" \/>\n<meta property=\"og:title\" content=\"Suben deuda 7 estados; Guerrero mantiene reducci\u00f3n: Segundo Informe - Expresiones Guerrero\" \/>\n<meta property=\"og:description\" content=\"Suben deuda 7 estados; Guerrero mantiene reducci\u00f3n: Segundo Informe Nacional\" \/>\n<meta property=\"og:url\" content=\"https:\/\/expresionesguerrero.com.mx\/expresioneswp\/?p=15669\" \/>\n<meta property=\"og:site_name\" content=\"Expresiones Guerrero\" \/>\n<meta property=\"article:published_time\" content=\"2026-09-03T04:04:01+00:00\" \/>\n<meta property=\"article:modified_time\" content=\"2026-09-03T04:04:28+00:00\" \/>\n<meta property=\"og:image\" content=\"https:\/\/expresionesguerrero.com.mx\/expresioneswp\/wp-content\/uploads\/2026\/09\/deuda.jpg\" \/>\n\t<meta property=\"og:image:width\" content=\"1200\" \/>\n\t<meta property=\"og:image:height\" content=\"800\" \/>\n\t<meta property=\"og:image:type\" content=\"image\/jpeg\" \/>\n<meta name=\"author\" content=\"Redacci\u00f3n\" \/>\n<meta name=\"twitter:card\" content=\"summary_large_image\" \/>\n<meta name=\"twitter:label1\" content=\"Escrito por\" \/>\n\t<meta name=\"twitter:data1\" content=\"Redacci\u00f3n\" \/>\n\t<meta name=\"twitter:label2\" content=\"Tiempo de lectura\" \/>\n\t<meta name=\"twitter:data2\" content=\"3 minutos\" \/>\n<script type=\"application\/ld+json\" class=\"yoast-schema-graph\">{\"@context\":\"https:\\\/\\\/schema.org\",\"@graph\":[{\"@type\":\"NewsArticle\",\"@id\":\"https:\\\/\\\/expresionesguerrero.com.mx\\\/expresioneswp\\\/?p=15669#article\",\"isPartOf\":{\"@id\":\"https:\\\/\\\/expresionesguerrero.com.mx\\\/expresioneswp\\\/?p=15669\"},\"author\":{\"name\":\"Redacci\u00f3n\",\"@id\":\"https:\\\/\\\/expresionesguerrero.com.mx\\\/expresioneswp\\\/#\\\/schema\\\/person\\\/b8a75dd4eb4a910b255423cf852fa057\"},\"headline\":\"Suben deuda 7 estados; Guerrero mantiene reducci\u00f3n: Segundo Informe\",\"datePublished\":\"2026-09-03T04:04:01+00:00\",\"dateModified\":\"2026-09-03T04:04:28+00:00\",\"mainEntityOfPage\":{\"@id\":\"https:\\\/\\\/expresionesguerrero.com.mx\\\/expresioneswp\\\/?p=15669\"},\"wordCount\":561,\"commentCount\":0,\"publisher\":{\"@id\":\"https:\\\/\\\/expresionesguerrero.com.mx\\\/expresioneswp\\\/#organization\"},\"image\":{\"@id\":\"https:\\\/\\\/expresionesguerrero.com.mx\\\/expresioneswp\\\/?p=15669#primaryimage\"},\"thumbnailUrl\":\"https:\\\/\\\/expresionesguerrero.com.mx\\\/expresioneswp\\\/wp-content\\\/uploads\\\/2026\\\/09\\\/deuda.jpg\",\"keywords\":[\"Suben deuda 7 estados; Guerrero mantiene reducci\u00f3n: Segundo Informe\"],\"articleSection\":[\"Nacional\"],\"inLanguage\":\"es\",\"potentialAction\":[{\"@type\":\"CommentAction\",\"name\":\"Comment\",\"target\":[\"https:\\\/\\\/expresionesguerrero.com.mx\\\/expresioneswp\\\/?p=15669#respond\"]}]},{\"@type\":\"WebPage\",\"@id\":\"https:\\\/\\\/expresionesguerrero.com.mx\\\/expresioneswp\\\/?p=15669\",\"url\":\"https:\\\/\\\/expresionesguerrero.com.mx\\\/expresioneswp\\\/?p=15669\",\"name\":\"Suben deuda 7 estados; Guerrero mantiene reducci\u00f3n: Segundo Informe - Expresiones Guerrero\",\"isPartOf\":{\"@id\":\"https:\\\/\\\/expresionesguerrero.com.mx\\\/expresioneswp\\\/#website\"},\"primaryImageOfPage\":{\"@id\":\"https:\\\/\\\/expresionesguerrero.com.mx\\\/expresioneswp\\\/?p=15669#primaryimage\"},\"image\":{\"@id\":\"https:\\\/\\\/expresionesguerrero.com.mx\\\/expresioneswp\\\/?p=15669#primaryimage\"},\"thumbnailUrl\":\"https:\\\/\\\/expresionesguerrero.com.mx\\\/expresioneswp\\\/wp-content\\\/uploads\\\/2026\\\/09\\\/deuda.jpg\",\"datePublished\":\"2026-09-03T04:04:01+00:00\",\"dateModified\":\"2026-09-03T04:04:28+00:00\",\"description\":\"Suben deuda 7 estados; Guerrero mantiene reducci\u00f3n: Segundo Informe Nacional\",\"breadcrumb\":{\"@id\":\"https:\\\/\\\/expresionesguerrero.com.mx\\\/expresioneswp\\\/?p=15669#breadcrumb\"},\"inLanguage\":\"es\",\"potentialAction\":[{\"@type\":\"ReadAction\",\"target\":[\"https:\\\/\\\/expresionesguerrero.com.mx\\\/expresioneswp\\\/?p=15669\"]}]},{\"@type\":\"ImageObject\",\"inLanguage\":\"es\",\"@id\":\"https:\\\/\\\/expresionesguerrero.com.mx\\\/expresioneswp\\\/?p=15669#primaryimage\",\"url\":\"https:\\\/\\\/expresionesguerrero.com.mx\\\/expresioneswp\\\/wp-content\\\/uploads\\\/2026\\\/09\\\/deuda.jpg\",\"contentUrl\":\"https:\\\/\\\/expresionesguerrero.com.mx\\\/expresioneswp\\\/wp-content\\\/uploads\\\/2026\\\/09\\\/deuda.jpg\",\"width\":1200,\"height\":800},{\"@type\":\"BreadcrumbList\",\"@id\":\"https:\\\/\\\/expresionesguerrero.com.mx\\\/expresioneswp\\\/?p=15669#breadcrumb\",\"itemListElement\":[{\"@type\":\"ListItem\",\"position\":1,\"name\":\"Portada\",\"item\":\"https:\\\/\\\/expresionesguerrero.com.mx\\\/expresioneswp\"},{\"@type\":\"ListItem\",\"position\":2,\"name\":\"Suben deuda 7 estados; Guerrero mantiene reducci\u00f3n: Segundo Informe\"}]},{\"@type\":\"WebSite\",\"@id\":\"https:\\\/\\\/expresionesguerrero.com.mx\\\/expresioneswp\\\/#website\",\"url\":\"https:\\\/\\\/expresionesguerrero.com.mx\\\/expresioneswp\\\/\",\"name\":\"Expresiones Guerrero\",\"description\":\"Periodismo Digital\",\"publisher\":{\"@id\":\"https:\\\/\\\/expresionesguerrero.com.mx\\\/expresioneswp\\\/#organization\"},\"potentialAction\":[{\"@type\":\"SearchAction\",\"target\":{\"@type\":\"EntryPoint\",\"urlTemplate\":\"https:\\\/\\\/expresionesguerrero.com.mx\\\/expresioneswp\\\/?s={search_term_string}\"},\"query-input\":{\"@type\":\"PropertyValueSpecification\",\"valueRequired\":true,\"valueName\":\"search_term_string\"}}],\"inLanguage\":\"es\"},{\"@type\":\"Organization\",\"@id\":\"https:\\\/\\\/expresionesguerrero.com.mx\\\/expresioneswp\\\/#organization\",\"name\":\"Expresiones Guerrero\",\"url\":\"https:\\\/\\\/expresionesguerrero.com.mx\\\/expresioneswp\\\/\",\"logo\":{\"@type\":\"ImageObject\",\"inLanguage\":\"es\",\"@id\":\"https:\\\/\\\/expresionesguerrero.com.mx\\\/expresioneswp\\\/#\\\/schema\\\/logo\\\/image\\\/\",\"url\":\"https:\\\/\\\/expresionesguerrero.com.mx\\\/expresioneswp\\\/wp-content\\\/uploads\\\/2021\\\/05\\\/cropped-logotipo-expresiones1-1.jpg\",\"contentUrl\":\"https:\\\/\\\/expresionesguerrero.com.mx\\\/expresioneswp\\\/wp-content\\\/uploads\\\/2021\\\/05\\\/cropped-logotipo-expresiones1-1.jpg\",\"width\":512,\"height\":512,\"caption\":\"Expresiones Guerrero\"},\"image\":{\"@id\":\"https:\\\/\\\/expresionesguerrero.com.mx\\\/expresioneswp\\\/#\\\/schema\\\/logo\\\/image\\\/\"}},{\"@type\":\"Person\",\"@id\":\"https:\\\/\\\/expresionesguerrero.com.mx\\\/expresioneswp\\\/#\\\/schema\\\/person\\\/b8a75dd4eb4a910b255423cf852fa057\",\"name\":\"Redacci\u00f3n\",\"image\":{\"@type\":\"ImageObject\",\"inLanguage\":\"es\",\"@id\":\"https:\\\/\\\/secure.gravatar.com\\\/avatar\\\/1f40520a5813d57bbf3ac6e35ab581cc8b1db7caf6e072e5bafff82efd93b02a?s=96&d=mm&r=g\",\"url\":\"https:\\\/\\\/secure.gravatar.com\\\/avatar\\\/1f40520a5813d57bbf3ac6e35ab581cc8b1db7caf6e072e5bafff82efd93b02a?s=96&d=mm&r=g\",\"contentUrl\":\"https:\\\/\\\/secure.gravatar.com\\\/avatar\\\/1f40520a5813d57bbf3ac6e35ab581cc8b1db7caf6e072e5bafff82efd93b02a?s=96&d=mm&r=g\",\"caption\":\"Redacci\u00f3n\"},\"sameAs\":[\"http:\\\/\\\/expresionesguerrero.com.mx\\\/expresioneswp\"],\"url\":\"https:\\\/\\\/expresionesguerrero.com.mx\\\/expresioneswp\\\/?author=1\"}]}<\/script>\n<!-- \/ Yoast SEO plugin. -->","yoast_head_json":{"title":"Suben deuda 7 estados; Guerrero mantiene reducci\u00f3n: Segundo Informe - Expresiones Guerrero","description":"Suben deuda 7 estados; Guerrero mantiene reducci\u00f3n: Segundo Informe Nacional","robots":{"index":"index","follow":"follow","max-snippet":"max-snippet:-1","max-image-preview":"max-image-preview:large","max-video-preview":"max-video-preview:-1"},"canonical":"https:\/\/expresionesguerrero.com.mx\/expresioneswp\/?p=15669","og_locale":"es_ES","og_type":"article","og_title":"Suben deuda 7 estados; Guerrero mantiene reducci\u00f3n: Segundo Informe - Expresiones Guerrero","og_description":"Suben deuda 7 estados; Guerrero mantiene reducci\u00f3n: Segundo Informe Nacional","og_url":"https:\/\/expresionesguerrero.com.mx\/expresioneswp\/?p=15669","og_site_name":"Expresiones Guerrero","article_published_time":"2026-09-03T04:04:01+00:00","article_modified_time":"2026-09-03T04:04:28+00:00","og_image":[{"width":1200,"height":800,"url":"https:\/\/expresionesguerrero.com.mx\/expresioneswp\/wp-content\/uploads\/2026\/09\/deuda.jpg","type":"image\/jpeg"}],"author":"Redacci\u00f3n","twitter_card":"summary_large_image","twitter_misc":{"Escrito por":"Redacci\u00f3n","Tiempo de lectura":"3 minutos"},"schema":{"@context":"https:\/\/schema.org","@graph":[{"@type":"NewsArticle","@id":"https:\/\/expresionesguerrero.com.mx\/expresioneswp\/?p=15669#article","isPartOf":{"@id":"https:\/\/expresionesguerrero.com.mx\/expresioneswp\/?p=15669"},"author":{"name":"Redacci\u00f3n","@id":"https:\/\/expresionesguerrero.com.mx\/expresioneswp\/#\/schema\/person\/b8a75dd4eb4a910b255423cf852fa057"},"headline":"Suben deuda 7 estados; Guerrero mantiene reducci\u00f3n: Segundo Informe","datePublished":"2026-09-03T04:04:01+00:00","dateModified":"2026-09-03T04:04:28+00:00","mainEntityOfPage":{"@id":"https:\/\/expresionesguerrero.com.mx\/expresioneswp\/?p=15669"},"wordCount":561,"commentCount":0,"publisher":{"@id":"https:\/\/expresionesguerrero.com.mx\/expresioneswp\/#organization"},"image":{"@id":"https:\/\/expresionesguerrero.com.mx\/expresioneswp\/?p=15669#primaryimage"},"thumbnailUrl":"https:\/\/expresionesguerrero.com.mx\/expresioneswp\/wp-content\/uploads\/2026\/09\/deuda.jpg","keywords":["Suben deuda 7 estados; Guerrero mantiene reducci\u00f3n: Segundo Informe"],"articleSection":["Nacional"],"inLanguage":"es","potentialAction":[{"@type":"CommentAction","name":"Comment","target":["https:\/\/expresionesguerrero.com.mx\/expresioneswp\/?p=15669#respond"]}]},{"@type":"WebPage","@id":"https:\/\/expresionesguerrero.com.mx\/expresioneswp\/?p=15669","url":"https:\/\/expresionesguerrero.com.mx\/expresioneswp\/?p=15669","name":"Suben deuda 7 estados; Guerrero mantiene reducci\u00f3n: Segundo Informe - Expresiones Guerrero","isPartOf":{"@id":"https:\/\/expresionesguerrero.com.mx\/expresioneswp\/#website"},"primaryImageOfPage":{"@id":"https:\/\/expresionesguerrero.com.mx\/expresioneswp\/?p=15669#primaryimage"},"image":{"@id":"https:\/\/expresionesguerrero.com.mx\/expresioneswp\/?p=15669#primaryimage"},"thumbnailUrl":"https:\/\/expresionesguerrero.com.mx\/expresioneswp\/wp-content\/uploads\/2026\/09\/deuda.jpg","datePublished":"2026-09-03T04:04:01+00:00","dateModified":"2026-09-03T04:04:28+00:00","description":"Suben deuda 7 estados; Guerrero mantiene reducci\u00f3n: Segundo Informe Nacional","breadcrumb":{"@id":"https:\/\/expresionesguerrero.com.mx\/expresioneswp\/?p=15669#breadcrumb"},"inLanguage":"es","potentialAction":[{"@type":"ReadAction","target":["https:\/\/expresionesguerrero.com.mx\/expresioneswp\/?p=15669"]}]},{"@type":"ImageObject","inLanguage":"es","@id":"https:\/\/expresionesguerrero.com.mx\/expresioneswp\/?p=15669#primaryimage","url":"https:\/\/expresionesguerrero.com.mx\/expresioneswp\/wp-content\/uploads\/2026\/09\/deuda.jpg","contentUrl":"https:\/\/expresionesguerrero.com.mx\/expresioneswp\/wp-content\/uploads\/2026\/09\/deuda.jpg","width":1200,"height":800},{"@type":"BreadcrumbList","@id":"https:\/\/expresionesguerrero.com.mx\/expresioneswp\/?p=15669#breadcrumb","itemListElement":[{"@type":"ListItem","position":1,"name":"Portada","item":"https:\/\/expresionesguerrero.com.mx\/expresioneswp"},{"@type":"ListItem","position":2,"name":"Suben deuda 7 estados; Guerrero mantiene reducci\u00f3n: Segundo Informe"}]},{"@type":"WebSite","@id":"https:\/\/expresionesguerrero.com.mx\/expresioneswp\/#website","url":"https:\/\/expresionesguerrero.com.mx\/expresioneswp\/","name":"Expresiones Guerrero","description":"Periodismo Digital","publisher":{"@id":"https:\/\/expresionesguerrero.com.mx\/expresioneswp\/#organization"},"potentialAction":[{"@type":"SearchAction","target":{"@type":"EntryPoint","urlTemplate":"https:\/\/expresionesguerrero.com.mx\/expresioneswp\/?s={search_term_string}"},"query-input":{"@type":"PropertyValueSpecification","valueRequired":true,"valueName":"search_term_string"}}],"inLanguage":"es"},{"@type":"Organization","@id":"https:\/\/expresionesguerrero.com.mx\/expresioneswp\/#organization","name":"Expresiones Guerrero","url":"https:\/\/expresionesguerrero.com.mx\/expresioneswp\/","logo":{"@type":"ImageObject","inLanguage":"es","@id":"https:\/\/expresionesguerrero.com.mx\/expresioneswp\/#\/schema\/logo\/image\/","url":"https:\/\/expresionesguerrero.com.mx\/expresioneswp\/wp-content\/uploads\/2021\/05\/cropped-logotipo-expresiones1-1.jpg","contentUrl":"https:\/\/expresionesguerrero.com.mx\/expresioneswp\/wp-content\/uploads\/2021\/05\/cropped-logotipo-expresiones1-1.jpg","width":512,"height":512,"caption":"Expresiones Guerrero"},"image":{"@id":"https:\/\/expresionesguerrero.com.mx\/expresioneswp\/#\/schema\/logo\/image\/"}},{"@type":"Person","@id":"https:\/\/expresionesguerrero.com.mx\/expresioneswp\/#\/schema\/person\/b8a75dd4eb4a910b255423cf852fa057","name":"Redacci\u00f3n","image":{"@type":"ImageObject","inLanguage":"es","@id":"https:\/\/secure.gravatar.com\/avatar\/1f40520a5813d57bbf3ac6e35ab581cc8b1db7caf6e072e5bafff82efd93b02a?s=96&d=mm&r=g","url":"https:\/\/secure.gravatar.com\/avatar\/1f40520a5813d57bbf3ac6e35ab581cc8b1db7caf6e072e5bafff82efd93b02a?s=96&d=mm&r=g","contentUrl":"https:\/\/secure.gravatar.com\/avatar\/1f40520a5813d57bbf3ac6e35ab581cc8b1db7caf6e072e5bafff82efd93b02a?s=96&d=mm&r=g","caption":"Redacci\u00f3n"},"sameAs":["http:\/\/expresionesguerrero.com.mx\/expresioneswp"],"url":"https:\/\/expresionesguerrero.com.mx\/expresioneswp\/?author=1"}]}},"_links":{"self":[{"href":"https:\/\/expresionesguerrero.com.mx\/expresioneswp\/index.php?rest_route=\/wp\/v2\/posts\/15669","targetHints":{"allow":["GET"]}}],"collection":[{"href":"https:\/\/expresionesguerrero.com.mx\/expresioneswp\/index.php?rest_route=\/wp\/v2\/posts"}],"about":[{"href":"https:\/\/expresionesguerrero.com.mx\/expresioneswp\/index.php?rest_route=\/wp\/v2\/types\/post"}],"author":[{"embeddable":true,"href":"https:\/\/expresionesguerrero.com.mx\/expresioneswp\/index.php?rest_route=\/wp\/v2\/users\/1"}],"replies":[{"embeddable":true,"href":"https:\/\/expresionesguerrero.com.mx\/expresioneswp\/index.php?rest_route=%2Fwp%2Fv2%2Fcomments&post=15669"}],"version-history":[{"count":2,"href":"https:\/\/expresionesguerrero.com.mx\/expresioneswp\/index.php?rest_route=\/wp\/v2\/posts\/15669\/revisions"}],"predecessor-version":[{"id":15672,"href":"https:\/\/expresionesguerrero.com.mx\/expresioneswp\/index.php?rest_route=\/wp\/v2\/posts\/15669\/revisions\/15672"}],"wp:featuredmedia":[{"embeddable":true,"href":"https:\/\/expresionesguerrero.com.mx\/expresioneswp\/index.php?rest_route=\/wp\/v2\/media\/15670"}],"wp:attachment":[{"href":"https:\/\/expresionesguerrero.com.mx\/expresioneswp\/index.php?rest_route=%2Fwp%2Fv2%2Fmedia&parent=15669"}],"wp:term":[{"taxonomy":"category","embeddable":true,"href":"https:\/\/expresionesguerrero.com.mx\/expresioneswp\/index.php?rest_route=%2Fwp%2Fv2%2Fcategories&post=15669"},{"taxonomy":"post_tag","embeddable":true,"href":"https:\/\/expresionesguerrero.com.mx\/expresioneswp\/index.php?rest_route=%2Fwp%2Fv2%2Ftags&post=15669"}],"curies":[{"name":"wp","href":"https:\/\/api.w.org\/{rel}","templated":true}]}}