{"id":15665,"date":"2026-09-02T10:06:54","date_gmt":"2026-09-02T15:06:54","guid":{"rendered":"https:\/\/expresionesguerrero.com.mx\/expresioneswp\/?p=15665"},"modified":"2026-09-02T10:06:56","modified_gmt":"2026-09-02T15:06:56","slug":"las-cosas-de-la-politica-4","status":"publish","type":"post","link":"https:\/\/expresionesguerrero.com.mx\/expresioneswp\/?p=15665","title":{"rendered":"Las Cosas de la Pol\u00edtica"},"content":{"rendered":"\n<p class=\"wp-block-paragraph\"><strong>\u00a1Bomba!<\/strong><\/p>\n\n\n\n<p class=\"wp-block-paragraph\"><strong><em>Miguel \u00c1ngel Hern\u00e1ndez Albarr\u00e1n<\/em><\/strong><\/p>\n\n\n\n<figure class=\"wp-block-image alignright size-full is-resized has-custom-border is-style-rounded\"><img loading=\"lazy\" decoding=\"async\" width=\"675\" height=\"834\" src=\"https:\/\/expresionesguerrero.com.mx\/expresioneswp\/wp-content\/uploads\/2025\/06\/Miguel-Angel-Hernandez-Albarran.jpg\" alt=\"\" class=\"has-border-color has-cm-color-2-border-color wp-image-9442\" style=\"border-width:7px;width:200px;height:auto\" srcset=\"https:\/\/expresionesguerrero.com.mx\/expresioneswp\/wp-content\/uploads\/2025\/06\/Miguel-Angel-Hernandez-Albarran.jpg 675w, https:\/\/expresionesguerrero.com.mx\/expresioneswp\/wp-content\/uploads\/2025\/06\/Miguel-Angel-Hernandez-Albarran-243x300.jpg 243w\" sizes=\"auto, (max-width: 675px) 100vw, 675px\" \/><\/figure>\n\n\n\n<p class=\"wp-block-paragraph\">El uso de explosivos de alto poder de destrucci\u00f3n, utilizados en Zacatecas, solo confirman que ya pasamos de la operaci\u00f3n u operaciones del crimen organizado y ya entramos al terreno del terrorismo. Algunos dir\u00e1n que es algo que vienen siendo explosiones dom\u00e9sticas, la realidad es que la total confirmaci\u00f3n de un Narcoterrorismo como tal, por m\u00e1s que quieran o traten de minimizar la fuerza de la destrucci\u00f3n m\u00e1s all\u00e1 de las v\u00edctimas.<\/p>\n\n\n\n<p class=\"wp-block-paragraph\">Los da\u00f1os a la infraestructura (construcciones y veh\u00edculos) nos dan la magnitud de dicha explosi\u00f3n y hasta el tipo de explosivos utilizados, mensaje con varias o muchas interpretaciones, desde qui\u00e9n o qui\u00e9nes armaron y plantaron la o las bombas, mano calificada y bien entrenada por alg\u00fan miembro de fuerzas armadas ya sea de exmiembros del ej\u00e9rcito, la marina o de plano extranjeros desde militares desertores o mercenarios de otros pa\u00edses hasta la posibilidad de ya agentes terroristas como tal.<\/p>\n\n\n\n<p class=\"wp-block-paragraph\">El domingo 30 de agosto por la tarde-noche estall\u00f3 un coche bomba frente a las instalaciones de la polic\u00eda municipal de Ojocaliente en el estado de Zacatecas, dejando al menos a 11 civiles y una polic\u00eda lesionados y cuantiosos da\u00f1os a la infraestructura de viviendas y de la propia comandancia, as\u00ed como a veh\u00edculo y patrullas.<\/p>\n\n\n\n<p class=\"wp-block-paragraph\">Hasta el momento no han dado de manera oficial el n\u00famero de v\u00edctimas no mortales y de da\u00f1os totales, hay conjeturas sobre los probables responsables, pero nada del posible m\u00f3vil de este atentado. Este hecho nos pone en los ojos del mundo del terrorismo (s\u00ed, aunque no lo quieran aceptar), principalmente de las agencias antiterroristas de los Estados Unidos.<\/p>\n\n\n\n<p class=\"wp-block-paragraph\">Tambi\u00e9n se reafirma el calificativo de narcoterrorismo ya no como una justificaci\u00f3n, sino ya como una denominaci\u00f3n tal cual; se dice que fue un grupo delincuencia un cartel poderoso, que fue por pleito entre facciones del crimen organizado, tal vez, pero el mensaje hacia el Estado Mexicano es brutal.<\/p>\n\n\n\n<p class=\"wp-block-paragraph\">Nos iremos enterando de acuerdo con la conveniencia de las autoridades y las fiscal\u00edas. Las repuestas ser\u00e1n en su mayor\u00eda pol\u00edticas y con ret\u00f3rica propia muy a su estilo, habr\u00e1 intervenci\u00f3n o colaboraci\u00f3n del lado norteamericano obviamente, ellos pasar\u00e1n a ser los m\u00e1s interesados en saber causas, razones, t\u00e9cnicas y hasta el origen y elaboraci\u00f3n de los materiales utilizados en la fabricaci\u00f3n del explosivo.<\/p>\n\n\n\n<p class=\"wp-block-paragraph\">De entrada queda claro que no fue una simple bomba artesanal (t\u00e9rmino que les gusta utilizar); esto requiere m\u00e1s conocimiento y preparaci\u00f3n y ese solo se adquiere en las fuerzas militares o de plano en la actividad terrorista como tal. Como antecedente tenemos que \u00faltimamente se han decomisado explosivos e insumos para su fabricaci\u00f3n, tambi\u00e9n hay que recordar el uso ya de drones con bombas tanto en Guerrero como en Michoac\u00e1n, Jalisco y en otros estados, adem\u00e1s de minas antipersonales que han causado varias v\u00edctimas mortales.<\/p>\n\n\n\n<p class=\"wp-block-paragraph\">Existen antecedentes hist\u00f3ricos recientes del uso de explosivos ya de manera m\u00e1s elaborada y hasta el uso de los llamados \u201ccoches bomba\u201d. Recordemos el caso de Chihuahua hace algunos a\u00f1os, Xaltianguis en Guerrero y una camioneta que no estall\u00f3 afuera de una refiner\u00eda en Guanajuato solo por mencionar referencias de su uso y existencia.<\/p>\n\n\n\n<p class=\"wp-block-paragraph\">Retomando el caso de Zacatecas no debemos dejar de lado el mensaje que conlleva. Si bien hasta el momento no hay aparente importancia en el lugar, el tama\u00f1o del da\u00f1o nos cuenta otra cosa, \u00bfes un municipio peque\u00f1o?, fiesta patronal (otro ingrediente para la propaganda), \u00bfcu\u00e1l es la raz\u00f3n de ser en Zacatecas?, \u00bfse podr\u00e1 hablar tambi\u00e9n de pactos narcopol\u00edticos?<\/p>\n\n\n\n<p class=\"wp-block-paragraph\">Llama la atenci\u00f3n la justificaci\u00f3n del hermano del gobernador zacatecano, Ricardo Monreal, el cual dice que es \u201cnormal \u201c con la aseveraci\u00f3n de que se debe al combate al crimen organizado y la pregunta es \u00bfnormal? \u00a1caray! que lo diga alguien a quien tambi\u00e9n se le ha ligado a la c\u00f3mplice narcopol\u00edtica ya da a quebrantar de la realidad en la que vivimos los mexicanos y lo fr\u00e1gil que ya es el Estado Mexicano \u00bfo no?<\/p>\n\n\n\n<p class=\"wp-block-paragraph\">Nos hemos enterado del robo de una cantidad grande de drones al ser transportados despu\u00e9s de ser desembarcados en el AIFA; se dice que fueron ya inhabilitados para su uso, pero poco se sabe de sus caracter\u00edsticas y capacidad o para que pudieran ser utilizados.<\/p>\n\n\n\n<p class=\"wp-block-paragraph\">Ha habido incautaciones de grandes cantidades de armas y municiones, unos hechos nos dan intranquilidad y muestra del poder\u00edo destructivo y de guerra que de llegar los c\u00e1rteles del crimen organizado, si bien otros da la impresi\u00f3n de que se trabaja y combate a dichos criminales, la realidad pasa a ser otra cuando vemos que las estad\u00edsticas de v\u00edctimas mortales aunque las manejen como \u201cdesaparecidos \u201c y hasta manipulen su propia numeralia, lo pol\u00edtico y oficial parece cuento de hadas y mientras tanto M\u00e9xico est\u00e1 sobre una&#8230; \u00a1Bomba!<\/p>\n","protected":false},"excerpt":{"rendered":"<p>\u00a1Bomba! Miguel \u00c1ngel Hern\u00e1ndez Albarr\u00e1n El uso de explosivos de alto poder de destrucci\u00f3n, utilizados en Zacatecas, solo confirman que<\/p>\n","protected":false},"author":1,"featured_media":15666,"comment_status":"open","ping_status":"open","sticky":false,"template":"","format":"standard","meta":{"colormag_page_container_layout":"default_layout","colormag_page_sidebar_layout":"default_layout","footnotes":""},"categories":[12],"tags":[2370],"class_list":["post-15665","post","type-post","status-publish","format-standard","has-post-thumbnail","hentry","category-expresiones","tag-las-cosas-de-la-politica"],"yoast_head":"<!-- This site is optimized with the Yoast SEO plugin v28.4 - https:\/\/yoast.com\/product\/yoast-seo-wordpress\/ -->\n<title>Las Cosas de la Pol\u00edtica - Expresiones Guerrero<\/title>\n<meta name=\"description\" content=\"Las Cosas de la Pol\u00edtica Expresiones\" \/>\n<meta name=\"robots\" content=\"index, follow, max-snippet:-1, max-image-preview:large, max-video-preview:-1\" \/>\n<link rel=\"canonical\" href=\"https:\/\/expresionesguerrero.com.mx\/expresioneswp\/?p=15665\" \/>\n<meta property=\"og:locale\" content=\"es_ES\" \/>\n<meta property=\"og:type\" content=\"article\" \/>\n<meta property=\"og:title\" content=\"Las Cosas de la Pol\u00edtica - Expresiones Guerrero\" \/>\n<meta property=\"og:description\" content=\"Las Cosas de la Pol\u00edtica Expresiones\" \/>\n<meta property=\"og:url\" content=\"https:\/\/expresionesguerrero.com.mx\/expresioneswp\/?p=15665\" \/>\n<meta property=\"og:site_name\" content=\"Expresiones Guerrero\" \/>\n<meta property=\"article:published_time\" content=\"2026-09-02T15:06:54+00:00\" \/>\n<meta property=\"article:modified_time\" content=\"2026-09-02T15:06:56+00:00\" \/>\n<meta property=\"og:image\" content=\"https:\/\/expresionesguerrero.com.mx\/expresioneswp\/wp-content\/uploads\/2026\/09\/bomba.jpg\" \/>\n\t<meta property=\"og:image:width\" content=\"1200\" \/>\n\t<meta property=\"og:image:height\" content=\"800\" \/>\n\t<meta property=\"og:image:type\" content=\"image\/jpeg\" \/>\n<meta name=\"author\" content=\"Redacci\u00f3n\" \/>\n<meta name=\"twitter:card\" content=\"summary_large_image\" \/>\n<meta name=\"twitter:label1\" content=\"Escrito por\" \/>\n\t<meta name=\"twitter:data1\" content=\"Redacci\u00f3n\" \/>\n\t<meta name=\"twitter:label2\" content=\"Tiempo de lectura\" \/>\n\t<meta name=\"twitter:data2\" content=\"5 minutos\" \/>\n<script type=\"application\/ld+json\" class=\"yoast-schema-graph\">{\"@context\":\"https:\\\/\\\/schema.org\",\"@graph\":[{\"@type\":\"NewsArticle\",\"@id\":\"https:\\\/\\\/expresionesguerrero.com.mx\\\/expresioneswp\\\/?p=15665#article\",\"isPartOf\":{\"@id\":\"https:\\\/\\\/expresionesguerrero.com.mx\\\/expresioneswp\\\/?p=15665\"},\"author\":{\"name\":\"Redacci\u00f3n\",\"@id\":\"https:\\\/\\\/expresionesguerrero.com.mx\\\/expresioneswp\\\/#\\\/schema\\\/person\\\/b8a75dd4eb4a910b255423cf852fa057\"},\"headline\":\"Las Cosas de la Pol\u00edtica\",\"datePublished\":\"2026-09-02T15:06:54+00:00\",\"dateModified\":\"2026-09-02T15:06:56+00:00\",\"mainEntityOfPage\":{\"@id\":\"https:\\\/\\\/expresionesguerrero.com.mx\\\/expresioneswp\\\/?p=15665\"},\"wordCount\":872,\"commentCount\":0,\"publisher\":{\"@id\":\"https:\\\/\\\/expresionesguerrero.com.mx\\\/expresioneswp\\\/#organization\"},\"image\":{\"@id\":\"https:\\\/\\\/expresionesguerrero.com.mx\\\/expresioneswp\\\/?p=15665#primaryimage\"},\"thumbnailUrl\":\"https:\\\/\\\/expresionesguerrero.com.mx\\\/expresioneswp\\\/wp-content\\\/uploads\\\/2026\\\/09\\\/bomba.jpg\",\"keywords\":[\"Las cosas de la pol\u00edtica\"],\"articleSection\":[\"Expresiones\"],\"inLanguage\":\"es\",\"potentialAction\":[{\"@type\":\"CommentAction\",\"name\":\"Comment\",\"target\":[\"https:\\\/\\\/expresionesguerrero.com.mx\\\/expresioneswp\\\/?p=15665#respond\"]}]},{\"@type\":\"WebPage\",\"@id\":\"https:\\\/\\\/expresionesguerrero.com.mx\\\/expresioneswp\\\/?p=15665\",\"url\":\"https:\\\/\\\/expresionesguerrero.com.mx\\\/expresioneswp\\\/?p=15665\",\"name\":\"Las Cosas de la Pol\u00edtica - Expresiones Guerrero\",\"isPartOf\":{\"@id\":\"https:\\\/\\\/expresionesguerrero.com.mx\\\/expresioneswp\\\/#website\"},\"primaryImageOfPage\":{\"@id\":\"https:\\\/\\\/expresionesguerrero.com.mx\\\/expresioneswp\\\/?p=15665#primaryimage\"},\"image\":{\"@id\":\"https:\\\/\\\/expresionesguerrero.com.mx\\\/expresioneswp\\\/?p=15665#primaryimage\"},\"thumbnailUrl\":\"https:\\\/\\\/expresionesguerrero.com.mx\\\/expresioneswp\\\/wp-content\\\/uploads\\\/2026\\\/09\\\/bomba.jpg\",\"datePublished\":\"2026-09-02T15:06:54+00:00\",\"dateModified\":\"2026-09-02T15:06:56+00:00\",\"description\":\"Las Cosas de la Pol\u00edtica Expresiones\",\"breadcrumb\":{\"@id\":\"https:\\\/\\\/expresionesguerrero.com.mx\\\/expresioneswp\\\/?p=15665#breadcrumb\"},\"inLanguage\":\"es\",\"potentialAction\":[{\"@type\":\"ReadAction\",\"target\":[\"https:\\\/\\\/expresionesguerrero.com.mx\\\/expresioneswp\\\/?p=15665\"]}]},{\"@type\":\"ImageObject\",\"inLanguage\":\"es\",\"@id\":\"https:\\\/\\\/expresionesguerrero.com.mx\\\/expresioneswp\\\/?p=15665#primaryimage\",\"url\":\"https:\\\/\\\/expresionesguerrero.com.mx\\\/expresioneswp\\\/wp-content\\\/uploads\\\/2026\\\/09\\\/bomba.jpg\",\"contentUrl\":\"https:\\\/\\\/expresionesguerrero.com.mx\\\/expresioneswp\\\/wp-content\\\/uploads\\\/2026\\\/09\\\/bomba.jpg\",\"width\":1200,\"height\":800},{\"@type\":\"BreadcrumbList\",\"@id\":\"https:\\\/\\\/expresionesguerrero.com.mx\\\/expresioneswp\\\/?p=15665#breadcrumb\",\"itemListElement\":[{\"@type\":\"ListItem\",\"position\":1,\"name\":\"Portada\",\"item\":\"https:\\\/\\\/expresionesguerrero.com.mx\\\/expresioneswp\"},{\"@type\":\"ListItem\",\"position\":2,\"name\":\"Las Cosas de la Pol\u00edtica\"}]},{\"@type\":\"WebSite\",\"@id\":\"https:\\\/\\\/expresionesguerrero.com.mx\\\/expresioneswp\\\/#website\",\"url\":\"https:\\\/\\\/expresionesguerrero.com.mx\\\/expresioneswp\\\/\",\"name\":\"Expresiones Guerrero\",\"description\":\"Periodismo Digital\",\"publisher\":{\"@id\":\"https:\\\/\\\/expresionesguerrero.com.mx\\\/expresioneswp\\\/#organization\"},\"potentialAction\":[{\"@type\":\"SearchAction\",\"target\":{\"@type\":\"EntryPoint\",\"urlTemplate\":\"https:\\\/\\\/expresionesguerrero.com.mx\\\/expresioneswp\\\/?s={search_term_string}\"},\"query-input\":{\"@type\":\"PropertyValueSpecification\",\"valueRequired\":true,\"valueName\":\"search_term_string\"}}],\"inLanguage\":\"es\"},{\"@type\":\"Organization\",\"@id\":\"https:\\\/\\\/expresionesguerrero.com.mx\\\/expresioneswp\\\/#organization\",\"name\":\"Expresiones Guerrero\",\"url\":\"https:\\\/\\\/expresionesguerrero.com.mx\\\/expresioneswp\\\/\",\"logo\":{\"@type\":\"ImageObject\",\"inLanguage\":\"es\",\"@id\":\"https:\\\/\\\/expresionesguerrero.com.mx\\\/expresioneswp\\\/#\\\/schema\\\/logo\\\/image\\\/\",\"url\":\"https:\\\/\\\/expresionesguerrero.com.mx\\\/expresioneswp\\\/wp-content\\\/uploads\\\/2021\\\/05\\\/cropped-logotipo-expresiones1-1.jpg\",\"contentUrl\":\"https:\\\/\\\/expresionesguerrero.com.mx\\\/expresioneswp\\\/wp-content\\\/uploads\\\/2021\\\/05\\\/cropped-logotipo-expresiones1-1.jpg\",\"width\":512,\"height\":512,\"caption\":\"Expresiones Guerrero\"},\"image\":{\"@id\":\"https:\\\/\\\/expresionesguerrero.com.mx\\\/expresioneswp\\\/#\\\/schema\\\/logo\\\/image\\\/\"}},{\"@type\":\"Person\",\"@id\":\"https:\\\/\\\/expresionesguerrero.com.mx\\\/expresioneswp\\\/#\\\/schema\\\/person\\\/b8a75dd4eb4a910b255423cf852fa057\",\"name\":\"Redacci\u00f3n\",\"image\":{\"@type\":\"ImageObject\",\"inLanguage\":\"es\",\"@id\":\"https:\\\/\\\/secure.gravatar.com\\\/avatar\\\/1f40520a5813d57bbf3ac6e35ab581cc8b1db7caf6e072e5bafff82efd93b02a?s=96&d=mm&r=g\",\"url\":\"https:\\\/\\\/secure.gravatar.com\\\/avatar\\\/1f40520a5813d57bbf3ac6e35ab581cc8b1db7caf6e072e5bafff82efd93b02a?s=96&d=mm&r=g\",\"contentUrl\":\"https:\\\/\\\/secure.gravatar.com\\\/avatar\\\/1f40520a5813d57bbf3ac6e35ab581cc8b1db7caf6e072e5bafff82efd93b02a?s=96&d=mm&r=g\",\"caption\":\"Redacci\u00f3n\"},\"sameAs\":[\"http:\\\/\\\/expresionesguerrero.com.mx\\\/expresioneswp\"],\"url\":\"https:\\\/\\\/expresionesguerrero.com.mx\\\/expresioneswp\\\/?author=1\"}]}<\/script>\n<!-- \/ Yoast SEO plugin. -->","yoast_head_json":{"title":"Las Cosas de la Pol\u00edtica - Expresiones Guerrero","description":"Las Cosas de la Pol\u00edtica Expresiones","robots":{"index":"index","follow":"follow","max-snippet":"max-snippet:-1","max-image-preview":"max-image-preview:large","max-video-preview":"max-video-preview:-1"},"canonical":"https:\/\/expresionesguerrero.com.mx\/expresioneswp\/?p=15665","og_locale":"es_ES","og_type":"article","og_title":"Las Cosas de la Pol\u00edtica - Expresiones Guerrero","og_description":"Las Cosas de la Pol\u00edtica Expresiones","og_url":"https:\/\/expresionesguerrero.com.mx\/expresioneswp\/?p=15665","og_site_name":"Expresiones Guerrero","article_published_time":"2026-09-02T15:06:54+00:00","article_modified_time":"2026-09-02T15:06:56+00:00","og_image":[{"width":1200,"height":800,"url":"https:\/\/expresionesguerrero.com.mx\/expresioneswp\/wp-content\/uploads\/2026\/09\/bomba.jpg","type":"image\/jpeg"}],"author":"Redacci\u00f3n","twitter_card":"summary_large_image","twitter_misc":{"Escrito por":"Redacci\u00f3n","Tiempo de lectura":"5 minutos"},"schema":{"@context":"https:\/\/schema.org","@graph":[{"@type":"NewsArticle","@id":"https:\/\/expresionesguerrero.com.mx\/expresioneswp\/?p=15665#article","isPartOf":{"@id":"https:\/\/expresionesguerrero.com.mx\/expresioneswp\/?p=15665"},"author":{"name":"Redacci\u00f3n","@id":"https:\/\/expresionesguerrero.com.mx\/expresioneswp\/#\/schema\/person\/b8a75dd4eb4a910b255423cf852fa057"},"headline":"Las Cosas de la Pol\u00edtica","datePublished":"2026-09-02T15:06:54+00:00","dateModified":"2026-09-02T15:06:56+00:00","mainEntityOfPage":{"@id":"https:\/\/expresionesguerrero.com.mx\/expresioneswp\/?p=15665"},"wordCount":872,"commentCount":0,"publisher":{"@id":"https:\/\/expresionesguerrero.com.mx\/expresioneswp\/#organization"},"image":{"@id":"https:\/\/expresionesguerrero.com.mx\/expresioneswp\/?p=15665#primaryimage"},"thumbnailUrl":"https:\/\/expresionesguerrero.com.mx\/expresioneswp\/wp-content\/uploads\/2026\/09\/bomba.jpg","keywords":["Las cosas de la pol\u00edtica"],"articleSection":["Expresiones"],"inLanguage":"es","potentialAction":[{"@type":"CommentAction","name":"Comment","target":["https:\/\/expresionesguerrero.com.mx\/expresioneswp\/?p=15665#respond"]}]},{"@type":"WebPage","@id":"https:\/\/expresionesguerrero.com.mx\/expresioneswp\/?p=15665","url":"https:\/\/expresionesguerrero.com.mx\/expresioneswp\/?p=15665","name":"Las Cosas de la Pol\u00edtica - Expresiones Guerrero","isPartOf":{"@id":"https:\/\/expresionesguerrero.com.mx\/expresioneswp\/#website"},"primaryImageOfPage":{"@id":"https:\/\/expresionesguerrero.com.mx\/expresioneswp\/?p=15665#primaryimage"},"image":{"@id":"https:\/\/expresionesguerrero.com.mx\/expresioneswp\/?p=15665#primaryimage"},"thumbnailUrl":"https:\/\/expresionesguerrero.com.mx\/expresioneswp\/wp-content\/uploads\/2026\/09\/bomba.jpg","datePublished":"2026-09-02T15:06:54+00:00","dateModified":"2026-09-02T15:06:56+00:00","description":"Las Cosas de la Pol\u00edtica Expresiones","breadcrumb":{"@id":"https:\/\/expresionesguerrero.com.mx\/expresioneswp\/?p=15665#breadcrumb"},"inLanguage":"es","potentialAction":[{"@type":"ReadAction","target":["https:\/\/expresionesguerrero.com.mx\/expresioneswp\/?p=15665"]}]},{"@type":"ImageObject","inLanguage":"es","@id":"https:\/\/expresionesguerrero.com.mx\/expresioneswp\/?p=15665#primaryimage","url":"https:\/\/expresionesguerrero.com.mx\/expresioneswp\/wp-content\/uploads\/2026\/09\/bomba.jpg","contentUrl":"https:\/\/expresionesguerrero.com.mx\/expresioneswp\/wp-content\/uploads\/2026\/09\/bomba.jpg","width":1200,"height":800},{"@type":"BreadcrumbList","@id":"https:\/\/expresionesguerrero.com.mx\/expresioneswp\/?p=15665#breadcrumb","itemListElement":[{"@type":"ListItem","position":1,"name":"Portada","item":"https:\/\/expresionesguerrero.com.mx\/expresioneswp"},{"@type":"ListItem","position":2,"name":"Las Cosas de la Pol\u00edtica"}]},{"@type":"WebSite","@id":"https:\/\/expresionesguerrero.com.mx\/expresioneswp\/#website","url":"https:\/\/expresionesguerrero.com.mx\/expresioneswp\/","name":"Expresiones Guerrero","description":"Periodismo Digital","publisher":{"@id":"https:\/\/expresionesguerrero.com.mx\/expresioneswp\/#organization"},"potentialAction":[{"@type":"SearchAction","target":{"@type":"EntryPoint","urlTemplate":"https:\/\/expresionesguerrero.com.mx\/expresioneswp\/?s={search_term_string}"},"query-input":{"@type":"PropertyValueSpecification","valueRequired":true,"valueName":"search_term_string"}}],"inLanguage":"es"},{"@type":"Organization","@id":"https:\/\/expresionesguerrero.com.mx\/expresioneswp\/#organization","name":"Expresiones Guerrero","url":"https:\/\/expresionesguerrero.com.mx\/expresioneswp\/","logo":{"@type":"ImageObject","inLanguage":"es","@id":"https:\/\/expresionesguerrero.com.mx\/expresioneswp\/#\/schema\/logo\/image\/","url":"https:\/\/expresionesguerrero.com.mx\/expresioneswp\/wp-content\/uploads\/2021\/05\/cropped-logotipo-expresiones1-1.jpg","contentUrl":"https:\/\/expresionesguerrero.com.mx\/expresioneswp\/wp-content\/uploads\/2021\/05\/cropped-logotipo-expresiones1-1.jpg","width":512,"height":512,"caption":"Expresiones Guerrero"},"image":{"@id":"https:\/\/expresionesguerrero.com.mx\/expresioneswp\/#\/schema\/logo\/image\/"}},{"@type":"Person","@id":"https:\/\/expresionesguerrero.com.mx\/expresioneswp\/#\/schema\/person\/b8a75dd4eb4a910b255423cf852fa057","name":"Redacci\u00f3n","image":{"@type":"ImageObject","inLanguage":"es","@id":"https:\/\/secure.gravatar.com\/avatar\/1f40520a5813d57bbf3ac6e35ab581cc8b1db7caf6e072e5bafff82efd93b02a?s=96&d=mm&r=g","url":"https:\/\/secure.gravatar.com\/avatar\/1f40520a5813d57bbf3ac6e35ab581cc8b1db7caf6e072e5bafff82efd93b02a?s=96&d=mm&r=g","contentUrl":"https:\/\/secure.gravatar.com\/avatar\/1f40520a5813d57bbf3ac6e35ab581cc8b1db7caf6e072e5bafff82efd93b02a?s=96&d=mm&r=g","caption":"Redacci\u00f3n"},"sameAs":["http:\/\/expresionesguerrero.com.mx\/expresioneswp"],"url":"https:\/\/expresionesguerrero.com.mx\/expresioneswp\/?author=1"}]}},"_links":{"self":[{"href":"https:\/\/expresionesguerrero.com.mx\/expresioneswp\/index.php?rest_route=\/wp\/v2\/posts\/15665","targetHints":{"allow":["GET"]}}],"collection":[{"href":"https:\/\/expresionesguerrero.com.mx\/expresioneswp\/index.php?rest_route=\/wp\/v2\/posts"}],"about":[{"href":"https:\/\/expresionesguerrero.com.mx\/expresioneswp\/index.php?rest_route=\/wp\/v2\/types\/post"}],"author":[{"embeddable":true,"href":"https:\/\/expresionesguerrero.com.mx\/expresioneswp\/index.php?rest_route=\/wp\/v2\/users\/1"}],"replies":[{"embeddable":true,"href":"https:\/\/expresionesguerrero.com.mx\/expresioneswp\/index.php?rest_route=%2Fwp%2Fv2%2Fcomments&post=15665"}],"version-history":[{"count":1,"href":"https:\/\/expresionesguerrero.com.mx\/expresioneswp\/index.php?rest_route=\/wp\/v2\/posts\/15665\/revisions"}],"predecessor-version":[{"id":15667,"href":"https:\/\/expresionesguerrero.com.mx\/expresioneswp\/index.php?rest_route=\/wp\/v2\/posts\/15665\/revisions\/15667"}],"wp:featuredmedia":[{"embeddable":true,"href":"https:\/\/expresionesguerrero.com.mx\/expresioneswp\/index.php?rest_route=\/wp\/v2\/media\/15666"}],"wp:attachment":[{"href":"https:\/\/expresionesguerrero.com.mx\/expresioneswp\/index.php?rest_route=%2Fwp%2Fv2%2Fmedia&parent=15665"}],"wp:term":[{"taxonomy":"category","embeddable":true,"href":"https:\/\/expresionesguerrero.com.mx\/expresioneswp\/index.php?rest_route=%2Fwp%2Fv2%2Fcategories&post=15665"},{"taxonomy":"post_tag","embeddable":true,"href":"https:\/\/expresionesguerrero.com.mx\/expresioneswp\/index.php?rest_route=%2Fwp%2Fv2%2Ftags&post=15665"}],"curies":[{"name":"wp","href":"https:\/\/api.w.org\/{rel}","templated":true}]}}