{"id":15661,"date":"2026-09-02T09:40:28","date_gmt":"2026-09-02T14:40:28","guid":{"rendered":"https:\/\/expresionesguerrero.com.mx\/expresioneswp\/?p=15661"},"modified":"2026-09-02T09:40:35","modified_gmt":"2026-09-02T14:40:35","slug":"atras-de-la-raya-41","status":"publish","type":"post","link":"https:\/\/expresionesguerrero.com.mx\/expresioneswp\/?p=15661","title":{"rendered":"Atr\u00e1s de la raya"},"content":{"rendered":"\n<p class=\"wp-block-paragraph\"><strong>Heliodoro Cerros Flores<\/strong><\/p>\n\n\n\n<figure class=\"wp-block-image alignright size-full is-resized has-custom-border is-style-rounded\"><img loading=\"lazy\" decoding=\"async\" width=\"539\" height=\"705\" src=\"https:\/\/expresionesguerrero.com.mx\/expresioneswp\/wp-content\/uploads\/2025\/04\/heliodoro-cerros.jpg\" alt=\"\" class=\"has-border-color has-cm-color-2-border-color wp-image-8756\" style=\"border-width:7px;width:200px;height:auto\" srcset=\"https:\/\/expresionesguerrero.com.mx\/expresioneswp\/wp-content\/uploads\/2025\/04\/heliodoro-cerros.jpg 539w, https:\/\/expresionesguerrero.com.mx\/expresioneswp\/wp-content\/uploads\/2025\/04\/heliodoro-cerros-229x300.jpg 229w\" sizes=\"auto, (max-width: 539px) 100vw, 539px\" \/><\/figure>\n\n\n\n<p class=\"wp-block-paragraph\">Desde el Congreso convoca el diputado Joaqu\u00edn \u201cJacko\u201d Badillo Escamilla a consolidar un Poder Legislativo fuerte, moderno y humano que Guerrero merece<\/p>\n\n\n\n<p class=\"wp-block-paragraph\">En el inicio del Tercer A\u00f1o de Ejercicio de la LXIV Legislatura, el diputado Joaqu\u00edn Badillo Escamilla, presidente de la Junta de Coordinaci\u00f3n Pol\u00edtica (Jucopo), hizo un llamado a sus compa\u00f1eras y compa\u00f1eros diputados a seguir legislando con eficacia, transparencia y pasi\u00f3n, dejando atr\u00e1s las diferencias partidistas, por el bien supremo de Guerrero.<\/p>\n\n\n\n<p class=\"wp-block-paragraph\">El tambi\u00e9n coordinador del Grupo Parlamentario de Morena resalt\u00f3 que la pol\u00edtica debe traducirse en resultados tangibles, justicia social y mejores condiciones para la poblaci\u00f3n. En ese sentido, invit\u00f3 a sus pares a consolidar el Congreso fuerte, moderno y humano que Guerrero merece.<\/p>\n\n\n\n<p class=\"wp-block-paragraph\">Como parte de su exposici\u00f3n, inform\u00f3 que en el Segundo A\u00f1o de Ejercicio se celebraron 96 sesiones, de las cuales 67 correspondieron a periodos ordinarios, 16 a periodos de receso, tres solemnes, dos extraordinarias y ocho de comparecencias.<\/p>\n\n\n\n<p class=\"wp-block-paragraph\">En este periodo, abund\u00f3, fueron aprobados 479 ordenamientos: 89 nuevas leyes, 212 decretos y 178 acuerdos, resultado del trabajo conjunto de las distintas fuerzas pol\u00edticas representadas en el Congreso.<\/p>\n\n\n\n<p class=\"wp-block-paragraph\">Tambi\u00e9n resalt\u00f3 el trabajo desarrollado durante los primeros dos meses de su responsabilidad al frente de la Jucopo, en que se realizaron 14 sesiones y se aprobaron 61 ordenamientos, destacando la nueva legislaci\u00f3n en materia de personas desaparecidas, la ratificaci\u00f3n de tres magistrados provisionales y una serie de reformas en materia de paridad sustantiva, disciplina presupuestaria, l\u00edmites salariales en \u00f3rganos electorales, no reelecci\u00f3n y nepotismo electoral.<\/p>\n\n\n\n<p class=\"wp-block-paragraph\">Remarc\u00f3 igualmente que en la agenda del Congreso est\u00e1n en primer plano el fortalecimiento de la inclusi\u00f3n y la justicia hist\u00f3rica a los pueblos originarios; la implementaci\u00f3n del C\u00f3digo Nacional de Procedimientos Civiles y Familiares; la reorganizaci\u00f3n de la estructura interna del Poder Legislativo, la extinci\u00f3n del Instituto de Transparencia, Acceso a la Informaci\u00f3n y Protecci\u00f3n de Datos Personales y una nueva Ley de Transparencia que fortalezca la confianza ciudadana.<\/p>\n\n\n\n<p class=\"wp-block-paragraph\">Badillo Escamilla subray\u00f3 la importancia de mantener una relaci\u00f3n institucional y de coordinaci\u00f3n con los distintos poderes y \u00f3rdenes de gobierno, a fin de que las decisiones del Congreso se traduzcan en acciones que atiendan las necesidades de la poblaci\u00f3n.<\/p>\n\n\n\n<p class=\"wp-block-paragraph\">\u201cEl trabajo legislativo debe mantenerse cercano a las comunidades y sectores sociales, escuchando sus planteamientos y convirti\u00e9ndolos, cuando corresponda, en propuestas que contribuyan a mejorar las condiciones de vida en las distintas regiones del estado\u201d, remarc\u00f3.<\/p>\n\n\n\n<p class=\"wp-block-paragraph\">Enfatiz\u00f3, para concluir, que el \u00faltimo tramo de la LXIV Legislatura representa una oportunidad para dar continuidad a los temas pendientes y concretar reformas que respondan a los desaf\u00edos actuales de Guerrero.<\/p>\n\n\n\n<p class=\"wp-block-paragraph\">\u201cNos aproximamos a un horizonte de enorme relevancia pol\u00edtica e hist\u00f3rica: el a\u00f1o 2027. Las din\u00e1micas electorales y los procesos de renovaci\u00f3n democr\u00e1tica suelen tensionar las instituciones y polarizar los discursos.<\/p>\n\n\n\n<p class=\"wp-block-paragraph\">Sin embargo, la alta pol\u00edtica no es aquella que se somete a la coyuntura del momento, sino la que sabe mirar m\u00e1s all\u00e1 de la contienda inmediata para preservar el inter\u00e9s superior de las familias guerrerenses\u201d, remat\u00f3.<\/p>\n","protected":false},"excerpt":{"rendered":"<p>Heliodoro Cerros Flores Desde el Congreso convoca el diputado Joaqu\u00edn \u201cJacko\u201d Badillo Escamilla a consolidar un Poder Legislativo fuerte, moderno<\/p>\n","protected":false},"author":1,"featured_media":15663,"comment_status":"open","ping_status":"open","sticky":false,"template":"","format":"standard","meta":{"colormag_page_container_layout":"default_layout","colormag_page_sidebar_layout":"default_layout","footnotes":""},"categories":[12],"tags":[1144],"class_list":["post-15661","post","type-post","status-publish","format-standard","has-post-thumbnail","hentry","category-expresiones","tag-atras-de-la-raya"],"yoast_head":"<!-- This site is optimized with the Yoast SEO plugin v28.4 - https:\/\/yoast.com\/product\/yoast-seo-wordpress\/ -->\n<title>Atr\u00e1s de la raya - Expresiones Guerrero<\/title>\n<meta name=\"description\" content=\"Atr\u00e1s de la raya Expresiones\" \/>\n<meta name=\"robots\" content=\"index, follow, max-snippet:-1, max-image-preview:large, max-video-preview:-1\" \/>\n<link rel=\"canonical\" href=\"https:\/\/expresionesguerrero.com.mx\/expresioneswp\/?p=15661\" \/>\n<meta property=\"og:locale\" content=\"es_ES\" \/>\n<meta property=\"og:type\" content=\"article\" \/>\n<meta property=\"og:title\" content=\"Atr\u00e1s de la raya - Expresiones Guerrero\" \/>\n<meta property=\"og:description\" content=\"Atr\u00e1s de la raya Expresiones\" \/>\n<meta property=\"og:url\" content=\"https:\/\/expresionesguerrero.com.mx\/expresioneswp\/?p=15661\" \/>\n<meta property=\"og:site_name\" content=\"Expresiones Guerrero\" \/>\n<meta property=\"article:published_time\" content=\"2026-09-02T14:40:28+00:00\" \/>\n<meta property=\"article:modified_time\" content=\"2026-09-02T14:40:35+00:00\" \/>\n<meta property=\"og:image\" content=\"https:\/\/expresionesguerrero.com.mx\/expresioneswp\/wp-content\/uploads\/2026\/09\/atras.jpg\" \/>\n\t<meta property=\"og:image:width\" content=\"590\" \/>\n\t<meta property=\"og:image:height\" content=\"393\" \/>\n\t<meta property=\"og:image:type\" content=\"image\/jpeg\" \/>\n<meta name=\"author\" content=\"Redacci\u00f3n\" \/>\n<meta name=\"twitter:card\" content=\"summary_large_image\" \/>\n<meta name=\"twitter:label1\" content=\"Escrito por\" \/>\n\t<meta name=\"twitter:data1\" content=\"Redacci\u00f3n\" \/>\n\t<meta name=\"twitter:label2\" content=\"Tiempo de lectura\" \/>\n\t<meta name=\"twitter:data2\" content=\"3 minutos\" \/>\n<script type=\"application\/ld+json\" class=\"yoast-schema-graph\">{\"@context\":\"https:\\\/\\\/schema.org\",\"@graph\":[{\"@type\":\"NewsArticle\",\"@id\":\"https:\\\/\\\/expresionesguerrero.com.mx\\\/expresioneswp\\\/?p=15661#article\",\"isPartOf\":{\"@id\":\"https:\\\/\\\/expresionesguerrero.com.mx\\\/expresioneswp\\\/?p=15661\"},\"author\":{\"name\":\"Redacci\u00f3n\",\"@id\":\"https:\\\/\\\/expresionesguerrero.com.mx\\\/expresioneswp\\\/#\\\/schema\\\/person\\\/b8a75dd4eb4a910b255423cf852fa057\"},\"headline\":\"Atr\u00e1s de la raya\",\"datePublished\":\"2026-09-02T14:40:28+00:00\",\"dateModified\":\"2026-09-02T14:40:35+00:00\",\"mainEntityOfPage\":{\"@id\":\"https:\\\/\\\/expresionesguerrero.com.mx\\\/expresioneswp\\\/?p=15661\"},\"wordCount\":538,\"commentCount\":0,\"publisher\":{\"@id\":\"https:\\\/\\\/expresionesguerrero.com.mx\\\/expresioneswp\\\/#organization\"},\"image\":{\"@id\":\"https:\\\/\\\/expresionesguerrero.com.mx\\\/expresioneswp\\\/?p=15661#primaryimage\"},\"thumbnailUrl\":\"https:\\\/\\\/expresionesguerrero.com.mx\\\/expresioneswp\\\/wp-content\\\/uploads\\\/2026\\\/09\\\/atras.jpg\",\"keywords\":[\"Atr\u00e1s de la raya\"],\"articleSection\":[\"Expresiones\"],\"inLanguage\":\"es\",\"potentialAction\":[{\"@type\":\"CommentAction\",\"name\":\"Comment\",\"target\":[\"https:\\\/\\\/expresionesguerrero.com.mx\\\/expresioneswp\\\/?p=15661#respond\"]}]},{\"@type\":\"WebPage\",\"@id\":\"https:\\\/\\\/expresionesguerrero.com.mx\\\/expresioneswp\\\/?p=15661\",\"url\":\"https:\\\/\\\/expresionesguerrero.com.mx\\\/expresioneswp\\\/?p=15661\",\"name\":\"Atr\u00e1s de la raya - Expresiones Guerrero\",\"isPartOf\":{\"@id\":\"https:\\\/\\\/expresionesguerrero.com.mx\\\/expresioneswp\\\/#website\"},\"primaryImageOfPage\":{\"@id\":\"https:\\\/\\\/expresionesguerrero.com.mx\\\/expresioneswp\\\/?p=15661#primaryimage\"},\"image\":{\"@id\":\"https:\\\/\\\/expresionesguerrero.com.mx\\\/expresioneswp\\\/?p=15661#primaryimage\"},\"thumbnailUrl\":\"https:\\\/\\\/expresionesguerrero.com.mx\\\/expresioneswp\\\/wp-content\\\/uploads\\\/2026\\\/09\\\/atras.jpg\",\"datePublished\":\"2026-09-02T14:40:28+00:00\",\"dateModified\":\"2026-09-02T14:40:35+00:00\",\"description\":\"Atr\u00e1s de la raya Expresiones\",\"breadcrumb\":{\"@id\":\"https:\\\/\\\/expresionesguerrero.com.mx\\\/expresioneswp\\\/?p=15661#breadcrumb\"},\"inLanguage\":\"es\",\"potentialAction\":[{\"@type\":\"ReadAction\",\"target\":[\"https:\\\/\\\/expresionesguerrero.com.mx\\\/expresioneswp\\\/?p=15661\"]}]},{\"@type\":\"ImageObject\",\"inLanguage\":\"es\",\"@id\":\"https:\\\/\\\/expresionesguerrero.com.mx\\\/expresioneswp\\\/?p=15661#primaryimage\",\"url\":\"https:\\\/\\\/expresionesguerrero.com.mx\\\/expresioneswp\\\/wp-content\\\/uploads\\\/2026\\\/09\\\/atras.jpg\",\"contentUrl\":\"https:\\\/\\\/expresionesguerrero.com.mx\\\/expresioneswp\\\/wp-content\\\/uploads\\\/2026\\\/09\\\/atras.jpg\",\"width\":590,\"height\":393},{\"@type\":\"BreadcrumbList\",\"@id\":\"https:\\\/\\\/expresionesguerrero.com.mx\\\/expresioneswp\\\/?p=15661#breadcrumb\",\"itemListElement\":[{\"@type\":\"ListItem\",\"position\":1,\"name\":\"Portada\",\"item\":\"https:\\\/\\\/expresionesguerrero.com.mx\\\/expresioneswp\"},{\"@type\":\"ListItem\",\"position\":2,\"name\":\"Atr\u00e1s de la raya\"}]},{\"@type\":\"WebSite\",\"@id\":\"https:\\\/\\\/expresionesguerrero.com.mx\\\/expresioneswp\\\/#website\",\"url\":\"https:\\\/\\\/expresionesguerrero.com.mx\\\/expresioneswp\\\/\",\"name\":\"Expresiones Guerrero\",\"description\":\"Periodismo Digital\",\"publisher\":{\"@id\":\"https:\\\/\\\/expresionesguerrero.com.mx\\\/expresioneswp\\\/#organization\"},\"potentialAction\":[{\"@type\":\"SearchAction\",\"target\":{\"@type\":\"EntryPoint\",\"urlTemplate\":\"https:\\\/\\\/expresionesguerrero.com.mx\\\/expresioneswp\\\/?s={search_term_string}\"},\"query-input\":{\"@type\":\"PropertyValueSpecification\",\"valueRequired\":true,\"valueName\":\"search_term_string\"}}],\"inLanguage\":\"es\"},{\"@type\":\"Organization\",\"@id\":\"https:\\\/\\\/expresionesguerrero.com.mx\\\/expresioneswp\\\/#organization\",\"name\":\"Expresiones Guerrero\",\"url\":\"https:\\\/\\\/expresionesguerrero.com.mx\\\/expresioneswp\\\/\",\"logo\":{\"@type\":\"ImageObject\",\"inLanguage\":\"es\",\"@id\":\"https:\\\/\\\/expresionesguerrero.com.mx\\\/expresioneswp\\\/#\\\/schema\\\/logo\\\/image\\\/\",\"url\":\"https:\\\/\\\/expresionesguerrero.com.mx\\\/expresioneswp\\\/wp-content\\\/uploads\\\/2021\\\/05\\\/cropped-logotipo-expresiones1-1.jpg\",\"contentUrl\":\"https:\\\/\\\/expresionesguerrero.com.mx\\\/expresioneswp\\\/wp-content\\\/uploads\\\/2021\\\/05\\\/cropped-logotipo-expresiones1-1.jpg\",\"width\":512,\"height\":512,\"caption\":\"Expresiones Guerrero\"},\"image\":{\"@id\":\"https:\\\/\\\/expresionesguerrero.com.mx\\\/expresioneswp\\\/#\\\/schema\\\/logo\\\/image\\\/\"}},{\"@type\":\"Person\",\"@id\":\"https:\\\/\\\/expresionesguerrero.com.mx\\\/expresioneswp\\\/#\\\/schema\\\/person\\\/b8a75dd4eb4a910b255423cf852fa057\",\"name\":\"Redacci\u00f3n\",\"image\":{\"@type\":\"ImageObject\",\"inLanguage\":\"es\",\"@id\":\"https:\\\/\\\/secure.gravatar.com\\\/avatar\\\/1f40520a5813d57bbf3ac6e35ab581cc8b1db7caf6e072e5bafff82efd93b02a?s=96&d=mm&r=g\",\"url\":\"https:\\\/\\\/secure.gravatar.com\\\/avatar\\\/1f40520a5813d57bbf3ac6e35ab581cc8b1db7caf6e072e5bafff82efd93b02a?s=96&d=mm&r=g\",\"contentUrl\":\"https:\\\/\\\/secure.gravatar.com\\\/avatar\\\/1f40520a5813d57bbf3ac6e35ab581cc8b1db7caf6e072e5bafff82efd93b02a?s=96&d=mm&r=g\",\"caption\":\"Redacci\u00f3n\"},\"sameAs\":[\"http:\\\/\\\/expresionesguerrero.com.mx\\\/expresioneswp\"],\"url\":\"https:\\\/\\\/expresionesguerrero.com.mx\\\/expresioneswp\\\/?author=1\"}]}<\/script>\n<!-- \/ Yoast SEO plugin. -->","yoast_head_json":{"title":"Atr\u00e1s de la raya - Expresiones Guerrero","description":"Atr\u00e1s de la raya Expresiones","robots":{"index":"index","follow":"follow","max-snippet":"max-snippet:-1","max-image-preview":"max-image-preview:large","max-video-preview":"max-video-preview:-1"},"canonical":"https:\/\/expresionesguerrero.com.mx\/expresioneswp\/?p=15661","og_locale":"es_ES","og_type":"article","og_title":"Atr\u00e1s de la raya - Expresiones Guerrero","og_description":"Atr\u00e1s de la raya Expresiones","og_url":"https:\/\/expresionesguerrero.com.mx\/expresioneswp\/?p=15661","og_site_name":"Expresiones Guerrero","article_published_time":"2026-09-02T14:40:28+00:00","article_modified_time":"2026-09-02T14:40:35+00:00","og_image":[{"width":590,"height":393,"url":"https:\/\/expresionesguerrero.com.mx\/expresioneswp\/wp-content\/uploads\/2026\/09\/atras.jpg","type":"image\/jpeg"}],"author":"Redacci\u00f3n","twitter_card":"summary_large_image","twitter_misc":{"Escrito por":"Redacci\u00f3n","Tiempo de lectura":"3 minutos"},"schema":{"@context":"https:\/\/schema.org","@graph":[{"@type":"NewsArticle","@id":"https:\/\/expresionesguerrero.com.mx\/expresioneswp\/?p=15661#article","isPartOf":{"@id":"https:\/\/expresionesguerrero.com.mx\/expresioneswp\/?p=15661"},"author":{"name":"Redacci\u00f3n","@id":"https:\/\/expresionesguerrero.com.mx\/expresioneswp\/#\/schema\/person\/b8a75dd4eb4a910b255423cf852fa057"},"headline":"Atr\u00e1s de la raya","datePublished":"2026-09-02T14:40:28+00:00","dateModified":"2026-09-02T14:40:35+00:00","mainEntityOfPage":{"@id":"https:\/\/expresionesguerrero.com.mx\/expresioneswp\/?p=15661"},"wordCount":538,"commentCount":0,"publisher":{"@id":"https:\/\/expresionesguerrero.com.mx\/expresioneswp\/#organization"},"image":{"@id":"https:\/\/expresionesguerrero.com.mx\/expresioneswp\/?p=15661#primaryimage"},"thumbnailUrl":"https:\/\/expresionesguerrero.com.mx\/expresioneswp\/wp-content\/uploads\/2026\/09\/atras.jpg","keywords":["Atr\u00e1s de la raya"],"articleSection":["Expresiones"],"inLanguage":"es","potentialAction":[{"@type":"CommentAction","name":"Comment","target":["https:\/\/expresionesguerrero.com.mx\/expresioneswp\/?p=15661#respond"]}]},{"@type":"WebPage","@id":"https:\/\/expresionesguerrero.com.mx\/expresioneswp\/?p=15661","url":"https:\/\/expresionesguerrero.com.mx\/expresioneswp\/?p=15661","name":"Atr\u00e1s de la raya - Expresiones Guerrero","isPartOf":{"@id":"https:\/\/expresionesguerrero.com.mx\/expresioneswp\/#website"},"primaryImageOfPage":{"@id":"https:\/\/expresionesguerrero.com.mx\/expresioneswp\/?p=15661#primaryimage"},"image":{"@id":"https:\/\/expresionesguerrero.com.mx\/expresioneswp\/?p=15661#primaryimage"},"thumbnailUrl":"https:\/\/expresionesguerrero.com.mx\/expresioneswp\/wp-content\/uploads\/2026\/09\/atras.jpg","datePublished":"2026-09-02T14:40:28+00:00","dateModified":"2026-09-02T14:40:35+00:00","description":"Atr\u00e1s de la raya Expresiones","breadcrumb":{"@id":"https:\/\/expresionesguerrero.com.mx\/expresioneswp\/?p=15661#breadcrumb"},"inLanguage":"es","potentialAction":[{"@type":"ReadAction","target":["https:\/\/expresionesguerrero.com.mx\/expresioneswp\/?p=15661"]}]},{"@type":"ImageObject","inLanguage":"es","@id":"https:\/\/expresionesguerrero.com.mx\/expresioneswp\/?p=15661#primaryimage","url":"https:\/\/expresionesguerrero.com.mx\/expresioneswp\/wp-content\/uploads\/2026\/09\/atras.jpg","contentUrl":"https:\/\/expresionesguerrero.com.mx\/expresioneswp\/wp-content\/uploads\/2026\/09\/atras.jpg","width":590,"height":393},{"@type":"BreadcrumbList","@id":"https:\/\/expresionesguerrero.com.mx\/expresioneswp\/?p=15661#breadcrumb","itemListElement":[{"@type":"ListItem","position":1,"name":"Portada","item":"https:\/\/expresionesguerrero.com.mx\/expresioneswp"},{"@type":"ListItem","position":2,"name":"Atr\u00e1s de la raya"}]},{"@type":"WebSite","@id":"https:\/\/expresionesguerrero.com.mx\/expresioneswp\/#website","url":"https:\/\/expresionesguerrero.com.mx\/expresioneswp\/","name":"Expresiones Guerrero","description":"Periodismo Digital","publisher":{"@id":"https:\/\/expresionesguerrero.com.mx\/expresioneswp\/#organization"},"potentialAction":[{"@type":"SearchAction","target":{"@type":"EntryPoint","urlTemplate":"https:\/\/expresionesguerrero.com.mx\/expresioneswp\/?s={search_term_string}"},"query-input":{"@type":"PropertyValueSpecification","valueRequired":true,"valueName":"search_term_string"}}],"inLanguage":"es"},{"@type":"Organization","@id":"https:\/\/expresionesguerrero.com.mx\/expresioneswp\/#organization","name":"Expresiones Guerrero","url":"https:\/\/expresionesguerrero.com.mx\/expresioneswp\/","logo":{"@type":"ImageObject","inLanguage":"es","@id":"https:\/\/expresionesguerrero.com.mx\/expresioneswp\/#\/schema\/logo\/image\/","url":"https:\/\/expresionesguerrero.com.mx\/expresioneswp\/wp-content\/uploads\/2021\/05\/cropped-logotipo-expresiones1-1.jpg","contentUrl":"https:\/\/expresionesguerrero.com.mx\/expresioneswp\/wp-content\/uploads\/2021\/05\/cropped-logotipo-expresiones1-1.jpg","width":512,"height":512,"caption":"Expresiones Guerrero"},"image":{"@id":"https:\/\/expresionesguerrero.com.mx\/expresioneswp\/#\/schema\/logo\/image\/"}},{"@type":"Person","@id":"https:\/\/expresionesguerrero.com.mx\/expresioneswp\/#\/schema\/person\/b8a75dd4eb4a910b255423cf852fa057","name":"Redacci\u00f3n","image":{"@type":"ImageObject","inLanguage":"es","@id":"https:\/\/secure.gravatar.com\/avatar\/1f40520a5813d57bbf3ac6e35ab581cc8b1db7caf6e072e5bafff82efd93b02a?s=96&d=mm&r=g","url":"https:\/\/secure.gravatar.com\/avatar\/1f40520a5813d57bbf3ac6e35ab581cc8b1db7caf6e072e5bafff82efd93b02a?s=96&d=mm&r=g","contentUrl":"https:\/\/secure.gravatar.com\/avatar\/1f40520a5813d57bbf3ac6e35ab581cc8b1db7caf6e072e5bafff82efd93b02a?s=96&d=mm&r=g","caption":"Redacci\u00f3n"},"sameAs":["http:\/\/expresionesguerrero.com.mx\/expresioneswp"],"url":"https:\/\/expresionesguerrero.com.mx\/expresioneswp\/?author=1"}]}},"_links":{"self":[{"href":"https:\/\/expresionesguerrero.com.mx\/expresioneswp\/index.php?rest_route=\/wp\/v2\/posts\/15661","targetHints":{"allow":["GET"]}}],"collection":[{"href":"https:\/\/expresionesguerrero.com.mx\/expresioneswp\/index.php?rest_route=\/wp\/v2\/posts"}],"about":[{"href":"https:\/\/expresionesguerrero.com.mx\/expresioneswp\/index.php?rest_route=\/wp\/v2\/types\/post"}],"author":[{"embeddable":true,"href":"https:\/\/expresionesguerrero.com.mx\/expresioneswp\/index.php?rest_route=\/wp\/v2\/users\/1"}],"replies":[{"embeddable":true,"href":"https:\/\/expresionesguerrero.com.mx\/expresioneswp\/index.php?rest_route=%2Fwp%2Fv2%2Fcomments&post=15661"}],"version-history":[{"count":1,"href":"https:\/\/expresionesguerrero.com.mx\/expresioneswp\/index.php?rest_route=\/wp\/v2\/posts\/15661\/revisions"}],"predecessor-version":[{"id":15664,"href":"https:\/\/expresionesguerrero.com.mx\/expresioneswp\/index.php?rest_route=\/wp\/v2\/posts\/15661\/revisions\/15664"}],"wp:featuredmedia":[{"embeddable":true,"href":"https:\/\/expresionesguerrero.com.mx\/expresioneswp\/index.php?rest_route=\/wp\/v2\/media\/15663"}],"wp:attachment":[{"href":"https:\/\/expresionesguerrero.com.mx\/expresioneswp\/index.php?rest_route=%2Fwp%2Fv2%2Fmedia&parent=15661"}],"wp:term":[{"taxonomy":"category","embeddable":true,"href":"https:\/\/expresionesguerrero.com.mx\/expresioneswp\/index.php?rest_route=%2Fwp%2Fv2%2Fcategories&post=15661"},{"taxonomy":"post_tag","embeddable":true,"href":"https:\/\/expresionesguerrero.com.mx\/expresioneswp\/index.php?rest_route=%2Fwp%2Fv2%2Ftags&post=15661"}],"curies":[{"name":"wp","href":"https:\/\/api.w.org\/{rel}","templated":true}]}}