{"id":15636,"date":"2026-09-01T10:47:29","date_gmt":"2026-09-01T15:47:29","guid":{"rendered":"https:\/\/expresionesguerrero.com.mx\/expresioneswp\/?p=15636"},"modified":"2026-09-01T10:47:32","modified_gmt":"2026-09-01T15:47:32","slug":"cuenta-acapulco-con-las-6-escuelas-mas-antiguas-de-guerrero","status":"publish","type":"post","link":"https:\/\/expresionesguerrero.com.mx\/expresioneswp\/?p=15636","title":{"rendered":"Cuenta Acapulco con las 6 escuelas m\u00e1s antiguas de Guerrero"},"content":{"rendered":"\n<p class=\"wp-block-paragraph\"><strong>Carlos Ortiz Moreno<\/strong><\/p>\n\n\n\n<p class=\"wp-block-paragraph\">Entre las m\u00e1s de mil 100 escuelas en activo de los tres niveles del Sistema Educativo Nacional, Acapulco alberga a las cinco instituciones educativas m\u00e1s antiguas del estado de Guerrero (tres p\u00fablicas y dos privadas) y dos de ellas nacieron en los albores y transcurso de la Revoluci\u00f3n Mexicana.<\/p>\n\n\n\n<p class=\"wp-block-paragraph\">De acuerdo con los datos oficiales de la Secretar\u00eda de Educaci\u00f3n Guerrero y la historiograf\u00eda de la educaci\u00f3n en la entidad, la escuela primaria Ignacio Manuel Altamirano es la m\u00e1s antigua de Acapulco con 120 a\u00f1os de existencia ya que fue fundada el 6 de enero de 1906.<\/p>\n\n\n\n<p class=\"wp-block-paragraph\">Ubicada en la calle Quebrada No. 18, en el centro hist\u00f3rico. Sus ra\u00edces se remontan a los siglos XVII y XVIII cuando funcionaba bajo nombres como Colegio de Ni\u00f1as y Colegio de Ni\u00f1os, consolid\u00e1ndose formalmente en 1906 con su nombre actual en honor al c\u00e9lebre escritor y maestro guerrerense.<\/p>\n\n\n\n<figure class=\"wp-block-image size-large\"><img loading=\"lazy\" decoding=\"async\" width=\"1024\" height=\"683\" src=\"https:\/\/expresionesguerrero.com.mx\/expresioneswp\/wp-content\/uploads\/2026\/09\/escuela-altamirano2-1024x683.jpg\" alt=\"\" class=\"wp-image-15637\" srcset=\"https:\/\/expresionesguerrero.com.mx\/expresioneswp\/wp-content\/uploads\/2026\/09\/escuela-altamirano2-1024x683.jpg 1024w, https:\/\/expresionesguerrero.com.mx\/expresioneswp\/wp-content\/uploads\/2026\/09\/escuela-altamirano2-300x200.jpg 300w, https:\/\/expresionesguerrero.com.mx\/expresioneswp\/wp-content\/uploads\/2026\/09\/escuela-altamirano2-768x512.jpg 768w, https:\/\/expresionesguerrero.com.mx\/expresioneswp\/wp-content\/uploads\/2026\/09\/escuela-altamirano2.jpg 1200w\" sizes=\"auto, (max-width: 1024px) 100vw, 1024px\" \/><\/figure>\n\n\n\n<p class=\"wp-block-paragraph\">El sistema educativo de la instituci\u00f3n ha sido mixto (ni\u00f1os y ni\u00f1as juntos) desde su fundaci\u00f3n. Por sus aulas pasaron personajes ilustres de la vida p\u00fablica y cultural de M\u00e9xico.<\/p>\n\n\n\n<p class=\"wp-block-paragraph\">En el sector educativo, su valor hist\u00f3rico es sumamente profundo debido a que sus ra\u00edces comunitarias se remontan directamente a los siglos XVII y XVIII, \u00e9pocas en las que operaba de manera separada bajo los nombres de Colegio de Ni\u00f1as y Colegio de Ni\u00f1os.<\/p>\n\n\n\n<p class=\"wp-block-paragraph\">En antig\u00fcedad, le sigue en segunda posici\u00f3n el colegio de educaci\u00f3n privada Instituto Victoria que inici\u00f3 sus labores formalmente en 1910, perteneciente a la red de Colegios Eucar\u00edsticos Mercedarios, inspirados en el legado de su madre fundadora, Mar\u00eda del Refugio Aguilar y Torres.<\/p>\n\n\n\n<figure class=\"wp-block-image size-large\"><img loading=\"lazy\" decoding=\"async\" width=\"1024\" height=\"683\" src=\"https:\/\/expresionesguerrero.com.mx\/expresioneswp\/wp-content\/uploads\/2026\/09\/escuela-instituto-victoria-1-1024x683.jpg\" alt=\"\" class=\"wp-image-15640\" srcset=\"https:\/\/expresionesguerrero.com.mx\/expresioneswp\/wp-content\/uploads\/2026\/09\/escuela-instituto-victoria-1-1024x683.jpg 1024w, https:\/\/expresionesguerrero.com.mx\/expresioneswp\/wp-content\/uploads\/2026\/09\/escuela-instituto-victoria-1-300x200.jpg 300w, https:\/\/expresionesguerrero.com.mx\/expresioneswp\/wp-content\/uploads\/2026\/09\/escuela-instituto-victoria-1-768x512.jpg 768w, https:\/\/expresionesguerrero.com.mx\/expresioneswp\/wp-content\/uploads\/2026\/09\/escuela-instituto-victoria-1.jpg 1200w\" sizes=\"auto, (max-width: 1024px) 100vw, 1024px\" \/><\/figure>\n\n\n\n<p class=\"wp-block-paragraph\">El Instituto Victoria inici\u00f3 sus labores en dos edificios destinados para hombres y mujeres por separado. Est\u00e1 consolidado como una de las escuelas privadas y cat\u00f3licas tradicionales con mayor arraigo en el municipio de Acapulco y se encuentra en la calle Ignacio Zaragoza de la zona centro de Acapulco en el barrio hist\u00f3rico El Hueso.<\/p>\n\n\n\n<p class=\"wp-block-paragraph\">Las cr\u00f3nicas hist\u00f3ricas de Acapulco (como las recopiladas por el cronista Regino Ocampo Bello) detallan que el colegio se edific\u00f3 junto a la Iglesia de Nuestra Se\u00f1ora del Carmen.<\/p>\n\n\n\n<p class=\"wp-block-paragraph\">En aquella \u00e9poca de principios del siglo XX, la zona trasera de lo que hoy es la calle Zaragoza formaba parte de los l\u00edmites urbanos del puerto y se ubicaba justo al lado de un terreno conocido antiguamente como el Camposanto Viejo (situado entre las actuales calles de Zaragoza y La Lima).<\/p>\n\n\n\n<p class=\"wp-block-paragraph\">La escuela naci\u00f3 de la mano de las religiosas de la congregaci\u00f3n de las Hermanas Mercedarias del Sant\u00edsimo Sacramento. Se establecieron en ese punto estrat\u00e9gico del centro hist\u00f3rico, muy cerca de lo que con el tiempo se convertir\u00eda en el Barrio de Las Crucitas.<\/p>\n\n\n\n<figure class=\"wp-block-image size-large\"><img loading=\"lazy\" decoding=\"async\" width=\"1024\" height=\"683\" src=\"https:\/\/expresionesguerrero.com.mx\/expresioneswp\/wp-content\/uploads\/2026\/09\/EScuela-Morelos-1024x683.jpg\" alt=\"\" class=\"wp-image-15642\" srcset=\"https:\/\/expresionesguerrero.com.mx\/expresioneswp\/wp-content\/uploads\/2026\/09\/EScuela-Morelos-1024x683.jpg 1024w, https:\/\/expresionesguerrero.com.mx\/expresioneswp\/wp-content\/uploads\/2026\/09\/EScuela-Morelos-300x200.jpg 300w, https:\/\/expresionesguerrero.com.mx\/expresioneswp\/wp-content\/uploads\/2026\/09\/EScuela-Morelos-768x512.jpg 768w, https:\/\/expresionesguerrero.com.mx\/expresioneswp\/wp-content\/uploads\/2026\/09\/EScuela-Morelos.jpg 1200w\" sizes=\"auto, (max-width: 1024px) 100vw, 1024px\" \/><\/figure>\n\n\n\n<p class=\"wp-block-paragraph\">El plantel ha permanecido en esa misma manzana desde su fundaci\u00f3n, educando a generaciones enteras de acapulque\u00f1os sin cambiar de ubicaci\u00f3n.<\/p>\n\n\n\n<p class=\"wp-block-paragraph\">El tercer plantel m\u00e1s antiguo en Acapulco es el edificio de la escuela secundaria federal n\u00famero 1, que fue fundada el 19 de marzo de 1939 como la primera escuela secundaria oficial de Acapulco.<\/p>\n\n\n\n<p class=\"wp-block-paragraph\">La escuela surgi\u00f3 ante la exigencia de la sociedad civil al gobierno de L\u00e1zaro C\u00e1rdenas para evitar que los j\u00f3venes tuvieran que migrar a la Ciudad de M\u00e9xico para continuar sus estudios. Inici\u00f3 actividades en una casa de adobe en la esquina de las calles Quebrada y Madero ante la falta de un edificio propio.<\/p>\n\n\n\n<p class=\"wp-block-paragraph\">La Escuela Secundaria Federal n\u00famero 1 \u00abPuerto Acapulco\u00bb se fund\u00f3 formalmente el 19 de marzo de 1939. Inici\u00f3 sus labores pocos d\u00edas despu\u00e9s, el 27 de marzo de ese mismo a\u00f1o.<\/p>\n\n\n\n<figure class=\"wp-block-image size-large\"><img loading=\"lazy\" decoding=\"async\" width=\"1024\" height=\"683\" src=\"https:\/\/expresionesguerrero.com.mx\/expresioneswp\/wp-content\/uploads\/2026\/09\/escuela-manuel-m.-acosta-1-1024x683.jpg\" alt=\"\" class=\"wp-image-15643\" srcset=\"https:\/\/expresionesguerrero.com.mx\/expresioneswp\/wp-content\/uploads\/2026\/09\/escuela-manuel-m.-acosta-1-1024x683.jpg 1024w, https:\/\/expresionesguerrero.com.mx\/expresioneswp\/wp-content\/uploads\/2026\/09\/escuela-manuel-m.-acosta-1-300x200.jpg 300w, https:\/\/expresionesguerrero.com.mx\/expresioneswp\/wp-content\/uploads\/2026\/09\/escuela-manuel-m.-acosta-1-768x512.jpg 768w, https:\/\/expresionesguerrero.com.mx\/expresioneswp\/wp-content\/uploads\/2026\/09\/escuela-manuel-m.-acosta-1.jpg 1200w\" sizes=\"auto, (max-width: 1024px) 100vw, 1024px\" \/><\/figure>\n\n\n\n<p class=\"wp-block-paragraph\">Al ser autorizada por el gobierno del presidente L\u00e1zaro C\u00e1rdenas, naci\u00f3 originalmente como la Secundaria Federal No. 22 (por el orden de creaci\u00f3n de planteles a nivel nacional) siendo la primera escuela oficial de educaci\u00f3n media en todo el municipio.<\/p>\n\n\n\n<p class=\"wp-block-paragraph\">Tras mudarse provisionalmente a otras instalaciones, se estableci\u00f3 de forma definitiva en octubre de 1957 en su ubicaci\u00f3n actual sobre la avenida Universidad, dentro del Fraccionamiento Magallanes, adoptando el nombre con el que se le conoce popularmente el d\u00eda de hoy.<\/p>\n\n\n\n<p class=\"wp-block-paragraph\">La cuarta escuela m\u00e1s antigua de Acapulco es la escuela primaria Jos\u00e9 Mar\u00eda Morelos y Pav\u00f3n, ubicada en el coraz\u00f3n de Acapulco (en la avenida 16 de Septiembre y calle Pari\u00e1n, justo a unas cuadras del Mercado Central), tiene 77 a\u00f1os de antig\u00fcedad.<\/p>\n\n\n\n<p class=\"wp-block-paragraph\">Su historia comenz\u00f3 oficialmente en 1949, cuando se inaugur\u00f3 formalmente el plantel educativo original en la zona centro de la ciudad. A lo largo de sus casi ocho d\u00e9cadas de servicio, se ha convertido en un referente tradicional para el comercio y las familias de las colonias aleda\u00f1as al mercado debido a su ubicaci\u00f3n estrat\u00e9gica.<\/p>\n\n\n\n<figure class=\"wp-block-image size-large\"><img loading=\"lazy\" decoding=\"async\" width=\"1024\" height=\"683\" src=\"https:\/\/expresionesguerrero.com.mx\/expresioneswp\/wp-content\/uploads\/2026\/09\/escuela-secundaria-federal-2-1024x683.jpg\" alt=\"\" class=\"wp-image-15641\" srcset=\"https:\/\/expresionesguerrero.com.mx\/expresioneswp\/wp-content\/uploads\/2026\/09\/escuela-secundaria-federal-2-1024x683.jpg 1024w, https:\/\/expresionesguerrero.com.mx\/expresioneswp\/wp-content\/uploads\/2026\/09\/escuela-secundaria-federal-2-300x200.jpg 300w, https:\/\/expresionesguerrero.com.mx\/expresioneswp\/wp-content\/uploads\/2026\/09\/escuela-secundaria-federal-2-768x512.jpg 768w, https:\/\/expresionesguerrero.com.mx\/expresioneswp\/wp-content\/uploads\/2026\/09\/escuela-secundaria-federal-2.jpg 1200w\" sizes=\"auto, (max-width: 1024px) 100vw, 1024px\" \/><\/figure>\n\n\n\n<p class=\"wp-block-paragraph\">La quinta instituci\u00f3n m\u00e1s vieja en Acapulco es el Colegio MacGregor, de educaci\u00f3n privada. Fue fundado en 1951 en la calle de Ejido. Destac\u00f3 por ser la primera propuesta educativa laica, biling\u00fce y mixta en la historia del puerto.<\/p>\n\n\n\n<p class=\"wp-block-paragraph\">El colegio Mac Gregor de Acapulco inici\u00f3 operaciones en el a\u00f1o 1951. Abri\u00f3 sus puertas originalmente en una antigua finca arbolada ubicada en la calle de Ejido. Su apertura represent\u00f3 una propuesta educativa sumamente innovadora para la \u00e9poca, al convertirse en la primera instituci\u00f3n del puerto en ofrecer una educaci\u00f3n laica, biling\u00fce y mixta.<\/p>\n\n\n\n<p class=\"wp-block-paragraph\">Con el paso de las d\u00e9cadas, el colegio expandi\u00f3 su cobertura y actualmente cuenta con dos planteles en el municipio (Plantel Ejido y Plantel Costa Azul), ofreciendo estudios en los niveles de preescolar, primaria y secundaria.<\/p>\n\n\n\n<figure class=\"wp-block-image size-large\"><img loading=\"lazy\" decoding=\"async\" width=\"1024\" height=\"683\" src=\"https:\/\/expresionesguerrero.com.mx\/expresioneswp\/wp-content\/uploads\/2026\/09\/escuela-manuel-m.-acosta-1024x683.jpg\" alt=\"\" class=\"wp-image-15639\" srcset=\"https:\/\/expresionesguerrero.com.mx\/expresioneswp\/wp-content\/uploads\/2026\/09\/escuela-manuel-m.-acosta-1024x683.jpg 1024w, https:\/\/expresionesguerrero.com.mx\/expresioneswp\/wp-content\/uploads\/2026\/09\/escuela-manuel-m.-acosta-300x200.jpg 300w, https:\/\/expresionesguerrero.com.mx\/expresioneswp\/wp-content\/uploads\/2026\/09\/escuela-manuel-m.-acosta-768x512.jpg 768w, https:\/\/expresionesguerrero.com.mx\/expresioneswp\/wp-content\/uploads\/2026\/09\/escuela-manuel-m.-acosta.jpg 1200w\" sizes=\"auto, (max-width: 1024px) 100vw, 1024px\" \/><\/figure>\n\n\n\n<p class=\"wp-block-paragraph\">La sexta escuela m\u00e1s antigua del puerto es la escuela primaria federal Manuel M. Acosta (ubicada en la esquina de las calles La Quebrada y Francisco I. Madero) que tiene aproximadamente 71 a\u00f1os de antig\u00fcedad.<\/p>\n\n\n\n<p class=\"wp-block-paragraph\">Si bien no existe un registro exacto del d\u00eda espec\u00edfico de su inauguraci\u00f3n, los archivos del Instituto Nacional de Antropolog\u00eda e Historia (INAH) y las memorias cronol\u00f3gicas del puerto documentan que su emblem\u00e1tico edificio actual fue construido e inici\u00f3 funciones a mediados de la d\u00e9cada de 1950 (alrededor de 1955).<\/p>\n\n\n\n<p class=\"wp-block-paragraph\">La obra estuvo a cargo del Comit\u00e9 Administrador del Programa Federal de Construcci\u00f3n de Escuelas (CAPFCE), dise\u00f1ado con su caracter\u00edstico y resistente muro perimetral de piedra.<\/p>\n\n\n\n<figure class=\"wp-block-image size-large\"><img loading=\"lazy\" decoding=\"async\" width=\"1024\" height=\"683\" src=\"https:\/\/expresionesguerrero.com.mx\/expresioneswp\/wp-content\/uploads\/2026\/09\/escuela-centenaria-altamirano-chilpo-1024x683.jpg\" alt=\"\" class=\"wp-image-15638\" srcset=\"https:\/\/expresionesguerrero.com.mx\/expresioneswp\/wp-content\/uploads\/2026\/09\/escuela-centenaria-altamirano-chilpo-1024x683.jpg 1024w, https:\/\/expresionesguerrero.com.mx\/expresioneswp\/wp-content\/uploads\/2026\/09\/escuela-centenaria-altamirano-chilpo-300x200.jpg 300w, https:\/\/expresionesguerrero.com.mx\/expresioneswp\/wp-content\/uploads\/2026\/09\/escuela-centenaria-altamirano-chilpo-768x512.jpg 768w, https:\/\/expresionesguerrero.com.mx\/expresioneswp\/wp-content\/uploads\/2026\/09\/escuela-centenaria-altamirano-chilpo.jpg 1200w\" sizes=\"auto, (max-width: 1024px) 100vw, 1024px\" \/><\/figure>\n\n\n\n<p class=\"wp-block-paragraph\">En esa \u00e9poca fue bautizada popularmente como \u201cEscuela Tipo\u201d ya que contaba con una infraestructura avanzada para su tiempo, incluyendo su emblem\u00e1tico y resistente muro perimetral de piedra. El t\u00e9rmino proviene de un modelo educativo y arquitect\u00f3nico federal implementado en M\u00e9xico durante el siglo XX (principalmente impulsado en las d\u00e9cadas de 1930 a 1950).<\/p>\n\n\n\n<p class=\"wp-block-paragraph\">Estas escuelas se dise\u00f1aban bajo una infraestructura amplia y moderna para la \u00e9poca, sirviendo como el \u00abmodelo o tipo\u00bb est\u00e1ndar de educaci\u00f3n t\u00e9cnico-urbana que el gobierno quer\u00eda replicar en el resto del pa\u00eds. Informaci\u00f3n de Carlos Ortiz Moreno.<\/p>\n\n\n\n<p class=\"wp-block-paragraph\">La escuela m\u00e1s antigua del estado de Guerrero es la Centenaria Escuela Normal del Estado Ignacio Manuel Altamirano (CENEIMA), fundada en el a\u00f1o 1857.<\/p>\n","protected":false},"excerpt":{"rendered":"<p>Carlos Ortiz Moreno Entre las m\u00e1s de mil 100 escuelas en activo de los tres niveles del Sistema Educativo Nacional,<\/p>\n","protected":false},"author":1,"featured_media":15644,"comment_status":"open","ping_status":"open","sticky":false,"template":"","format":"standard","meta":{"colormag_page_container_layout":"default_layout","colormag_page_sidebar_layout":"default_layout","footnotes":""},"categories":[8],"tags":[2437],"class_list":["post-15636","post","type-post","status-publish","format-standard","has-post-thumbnail","hentry","category-acapulco","tag-cuenta-acapulco-con-las-6-escuelas-mas-antiguas-de-guerrero"],"yoast_head":"<!-- This site is optimized with the Yoast SEO plugin v28.4 - https:\/\/yoast.com\/product\/yoast-seo-wordpress\/ -->\n<title>Cuenta Acapulco con las 6 escuelas m\u00e1s antiguas de Guerrero - Expresiones Guerrero<\/title>\n<meta name=\"description\" content=\"Cuenta Acapulco con las 6 escuelas m\u00e1s antiguas de Guerrero Acapulco\" \/>\n<meta name=\"robots\" content=\"index, follow, max-snippet:-1, max-image-preview:large, max-video-preview:-1\" \/>\n<link rel=\"canonical\" href=\"https:\/\/expresionesguerrero.com.mx\/expresioneswp\/?p=15636\" \/>\n<meta property=\"og:locale\" content=\"es_ES\" \/>\n<meta property=\"og:type\" content=\"article\" \/>\n<meta property=\"og:title\" content=\"Cuenta Acapulco con las 6 escuelas m\u00e1s antiguas de Guerrero - Expresiones Guerrero\" \/>\n<meta property=\"og:description\" content=\"Cuenta Acapulco con las 6 escuelas m\u00e1s antiguas de Guerrero Acapulco\" \/>\n<meta property=\"og:url\" content=\"https:\/\/expresionesguerrero.com.mx\/expresioneswp\/?p=15636\" \/>\n<meta property=\"og:site_name\" content=\"Expresiones Guerrero\" \/>\n<meta property=\"article:published_time\" content=\"2026-09-01T15:47:29+00:00\" \/>\n<meta property=\"article:modified_time\" content=\"2026-09-01T15:47:32+00:00\" \/>\n<meta property=\"og:image\" content=\"https:\/\/expresionesguerrero.com.mx\/expresioneswp\/wp-content\/uploads\/2026\/09\/escuela-altamirano1.jpeg\" \/>\n\t<meta property=\"og:image:width\" content=\"1200\" \/>\n\t<meta property=\"og:image:height\" content=\"800\" \/>\n\t<meta property=\"og:image:type\" content=\"image\/jpeg\" \/>\n<meta name=\"author\" content=\"Redacci\u00f3n\" \/>\n<meta name=\"twitter:card\" content=\"summary_large_image\" \/>\n<meta name=\"twitter:label1\" content=\"Escrito por\" \/>\n\t<meta name=\"twitter:data1\" content=\"Redacci\u00f3n\" \/>\n\t<meta name=\"twitter:label2\" content=\"Tiempo de lectura\" \/>\n\t<meta name=\"twitter:data2\" content=\"7 minutos\" \/>\n<script type=\"application\/ld+json\" class=\"yoast-schema-graph\">{\"@context\":\"https:\\\/\\\/schema.org\",\"@graph\":[{\"@type\":\"NewsArticle\",\"@id\":\"https:\\\/\\\/expresionesguerrero.com.mx\\\/expresioneswp\\\/?p=15636#article\",\"isPartOf\":{\"@id\":\"https:\\\/\\\/expresionesguerrero.com.mx\\\/expresioneswp\\\/?p=15636\"},\"author\":{\"name\":\"Redacci\u00f3n\",\"@id\":\"https:\\\/\\\/expresionesguerrero.com.mx\\\/expresioneswp\\\/#\\\/schema\\\/person\\\/b8a75dd4eb4a910b255423cf852fa057\"},\"headline\":\"Cuenta Acapulco con las 6 escuelas m\u00e1s antiguas de Guerrero\",\"datePublished\":\"2026-09-01T15:47:29+00:00\",\"dateModified\":\"2026-09-01T15:47:32+00:00\",\"mainEntityOfPage\":{\"@id\":\"https:\\\/\\\/expresionesguerrero.com.mx\\\/expresioneswp\\\/?p=15636\"},\"wordCount\":1213,\"commentCount\":0,\"publisher\":{\"@id\":\"https:\\\/\\\/expresionesguerrero.com.mx\\\/expresioneswp\\\/#organization\"},\"image\":{\"@id\":\"https:\\\/\\\/expresionesguerrero.com.mx\\\/expresioneswp\\\/?p=15636#primaryimage\"},\"thumbnailUrl\":\"https:\\\/\\\/expresionesguerrero.com.mx\\\/expresioneswp\\\/wp-content\\\/uploads\\\/2026\\\/09\\\/escuela-altamirano1.jpeg\",\"keywords\":[\"Cuenta Acapulco con las 6 escuelas m\u00e1s antiguas de Guerrero\"],\"articleSection\":[\"Acapulco\"],\"inLanguage\":\"es\",\"potentialAction\":[{\"@type\":\"CommentAction\",\"name\":\"Comment\",\"target\":[\"https:\\\/\\\/expresionesguerrero.com.mx\\\/expresioneswp\\\/?p=15636#respond\"]}]},{\"@type\":\"WebPage\",\"@id\":\"https:\\\/\\\/expresionesguerrero.com.mx\\\/expresioneswp\\\/?p=15636\",\"url\":\"https:\\\/\\\/expresionesguerrero.com.mx\\\/expresioneswp\\\/?p=15636\",\"name\":\"Cuenta Acapulco con las 6 escuelas m\u00e1s antiguas de Guerrero - Expresiones Guerrero\",\"isPartOf\":{\"@id\":\"https:\\\/\\\/expresionesguerrero.com.mx\\\/expresioneswp\\\/#website\"},\"primaryImageOfPage\":{\"@id\":\"https:\\\/\\\/expresionesguerrero.com.mx\\\/expresioneswp\\\/?p=15636#primaryimage\"},\"image\":{\"@id\":\"https:\\\/\\\/expresionesguerrero.com.mx\\\/expresioneswp\\\/?p=15636#primaryimage\"},\"thumbnailUrl\":\"https:\\\/\\\/expresionesguerrero.com.mx\\\/expresioneswp\\\/wp-content\\\/uploads\\\/2026\\\/09\\\/escuela-altamirano1.jpeg\",\"datePublished\":\"2026-09-01T15:47:29+00:00\",\"dateModified\":\"2026-09-01T15:47:32+00:00\",\"description\":\"Cuenta Acapulco con las 6 escuelas m\u00e1s antiguas de Guerrero Acapulco\",\"breadcrumb\":{\"@id\":\"https:\\\/\\\/expresionesguerrero.com.mx\\\/expresioneswp\\\/?p=15636#breadcrumb\"},\"inLanguage\":\"es\",\"potentialAction\":[{\"@type\":\"ReadAction\",\"target\":[\"https:\\\/\\\/expresionesguerrero.com.mx\\\/expresioneswp\\\/?p=15636\"]}]},{\"@type\":\"ImageObject\",\"inLanguage\":\"es\",\"@id\":\"https:\\\/\\\/expresionesguerrero.com.mx\\\/expresioneswp\\\/?p=15636#primaryimage\",\"url\":\"https:\\\/\\\/expresionesguerrero.com.mx\\\/expresioneswp\\\/wp-content\\\/uploads\\\/2026\\\/09\\\/escuela-altamirano1.jpeg\",\"contentUrl\":\"https:\\\/\\\/expresionesguerrero.com.mx\\\/expresioneswp\\\/wp-content\\\/uploads\\\/2026\\\/09\\\/escuela-altamirano1.jpeg\",\"width\":1200,\"height\":800},{\"@type\":\"BreadcrumbList\",\"@id\":\"https:\\\/\\\/expresionesguerrero.com.mx\\\/expresioneswp\\\/?p=15636#breadcrumb\",\"itemListElement\":[{\"@type\":\"ListItem\",\"position\":1,\"name\":\"Portada\",\"item\":\"https:\\\/\\\/expresionesguerrero.com.mx\\\/expresioneswp\"},{\"@type\":\"ListItem\",\"position\":2,\"name\":\"Cuenta Acapulco con las 6 escuelas m\u00e1s antiguas de Guerrero\"}]},{\"@type\":\"WebSite\",\"@id\":\"https:\\\/\\\/expresionesguerrero.com.mx\\\/expresioneswp\\\/#website\",\"url\":\"https:\\\/\\\/expresionesguerrero.com.mx\\\/expresioneswp\\\/\",\"name\":\"Expresiones Guerrero\",\"description\":\"Periodismo Digital\",\"publisher\":{\"@id\":\"https:\\\/\\\/expresionesguerrero.com.mx\\\/expresioneswp\\\/#organization\"},\"potentialAction\":[{\"@type\":\"SearchAction\",\"target\":{\"@type\":\"EntryPoint\",\"urlTemplate\":\"https:\\\/\\\/expresionesguerrero.com.mx\\\/expresioneswp\\\/?s={search_term_string}\"},\"query-input\":{\"@type\":\"PropertyValueSpecification\",\"valueRequired\":true,\"valueName\":\"search_term_string\"}}],\"inLanguage\":\"es\"},{\"@type\":\"Organization\",\"@id\":\"https:\\\/\\\/expresionesguerrero.com.mx\\\/expresioneswp\\\/#organization\",\"name\":\"Expresiones Guerrero\",\"url\":\"https:\\\/\\\/expresionesguerrero.com.mx\\\/expresioneswp\\\/\",\"logo\":{\"@type\":\"ImageObject\",\"inLanguage\":\"es\",\"@id\":\"https:\\\/\\\/expresionesguerrero.com.mx\\\/expresioneswp\\\/#\\\/schema\\\/logo\\\/image\\\/\",\"url\":\"https:\\\/\\\/expresionesguerrero.com.mx\\\/expresioneswp\\\/wp-content\\\/uploads\\\/2021\\\/05\\\/cropped-logotipo-expresiones1-1.jpg\",\"contentUrl\":\"https:\\\/\\\/expresionesguerrero.com.mx\\\/expresioneswp\\\/wp-content\\\/uploads\\\/2021\\\/05\\\/cropped-logotipo-expresiones1-1.jpg\",\"width\":512,\"height\":512,\"caption\":\"Expresiones Guerrero\"},\"image\":{\"@id\":\"https:\\\/\\\/expresionesguerrero.com.mx\\\/expresioneswp\\\/#\\\/schema\\\/logo\\\/image\\\/\"}},{\"@type\":\"Person\",\"@id\":\"https:\\\/\\\/expresionesguerrero.com.mx\\\/expresioneswp\\\/#\\\/schema\\\/person\\\/b8a75dd4eb4a910b255423cf852fa057\",\"name\":\"Redacci\u00f3n\",\"image\":{\"@type\":\"ImageObject\",\"inLanguage\":\"es\",\"@id\":\"https:\\\/\\\/secure.gravatar.com\\\/avatar\\\/1f40520a5813d57bbf3ac6e35ab581cc8b1db7caf6e072e5bafff82efd93b02a?s=96&d=mm&r=g\",\"url\":\"https:\\\/\\\/secure.gravatar.com\\\/avatar\\\/1f40520a5813d57bbf3ac6e35ab581cc8b1db7caf6e072e5bafff82efd93b02a?s=96&d=mm&r=g\",\"contentUrl\":\"https:\\\/\\\/secure.gravatar.com\\\/avatar\\\/1f40520a5813d57bbf3ac6e35ab581cc8b1db7caf6e072e5bafff82efd93b02a?s=96&d=mm&r=g\",\"caption\":\"Redacci\u00f3n\"},\"sameAs\":[\"http:\\\/\\\/expresionesguerrero.com.mx\\\/expresioneswp\"],\"url\":\"https:\\\/\\\/expresionesguerrero.com.mx\\\/expresioneswp\\\/?author=1\"}]}<\/script>\n<!-- \/ Yoast SEO plugin. -->","yoast_head_json":{"title":"Cuenta Acapulco con las 6 escuelas m\u00e1s antiguas de Guerrero - Expresiones Guerrero","description":"Cuenta Acapulco con las 6 escuelas m\u00e1s antiguas de Guerrero Acapulco","robots":{"index":"index","follow":"follow","max-snippet":"max-snippet:-1","max-image-preview":"max-image-preview:large","max-video-preview":"max-video-preview:-1"},"canonical":"https:\/\/expresionesguerrero.com.mx\/expresioneswp\/?p=15636","og_locale":"es_ES","og_type":"article","og_title":"Cuenta Acapulco con las 6 escuelas m\u00e1s antiguas de Guerrero - Expresiones Guerrero","og_description":"Cuenta Acapulco con las 6 escuelas m\u00e1s antiguas de Guerrero Acapulco","og_url":"https:\/\/expresionesguerrero.com.mx\/expresioneswp\/?p=15636","og_site_name":"Expresiones Guerrero","article_published_time":"2026-09-01T15:47:29+00:00","article_modified_time":"2026-09-01T15:47:32+00:00","og_image":[{"width":1200,"height":800,"url":"https:\/\/expresionesguerrero.com.mx\/expresioneswp\/wp-content\/uploads\/2026\/09\/escuela-altamirano1.jpeg","type":"image\/jpeg"}],"author":"Redacci\u00f3n","twitter_card":"summary_large_image","twitter_misc":{"Escrito por":"Redacci\u00f3n","Tiempo de lectura":"7 minutos"},"schema":{"@context":"https:\/\/schema.org","@graph":[{"@type":"NewsArticle","@id":"https:\/\/expresionesguerrero.com.mx\/expresioneswp\/?p=15636#article","isPartOf":{"@id":"https:\/\/expresionesguerrero.com.mx\/expresioneswp\/?p=15636"},"author":{"name":"Redacci\u00f3n","@id":"https:\/\/expresionesguerrero.com.mx\/expresioneswp\/#\/schema\/person\/b8a75dd4eb4a910b255423cf852fa057"},"headline":"Cuenta Acapulco con las 6 escuelas m\u00e1s antiguas de Guerrero","datePublished":"2026-09-01T15:47:29+00:00","dateModified":"2026-09-01T15:47:32+00:00","mainEntityOfPage":{"@id":"https:\/\/expresionesguerrero.com.mx\/expresioneswp\/?p=15636"},"wordCount":1213,"commentCount":0,"publisher":{"@id":"https:\/\/expresionesguerrero.com.mx\/expresioneswp\/#organization"},"image":{"@id":"https:\/\/expresionesguerrero.com.mx\/expresioneswp\/?p=15636#primaryimage"},"thumbnailUrl":"https:\/\/expresionesguerrero.com.mx\/expresioneswp\/wp-content\/uploads\/2026\/09\/escuela-altamirano1.jpeg","keywords":["Cuenta Acapulco con las 6 escuelas m\u00e1s antiguas de Guerrero"],"articleSection":["Acapulco"],"inLanguage":"es","potentialAction":[{"@type":"CommentAction","name":"Comment","target":["https:\/\/expresionesguerrero.com.mx\/expresioneswp\/?p=15636#respond"]}]},{"@type":"WebPage","@id":"https:\/\/expresionesguerrero.com.mx\/expresioneswp\/?p=15636","url":"https:\/\/expresionesguerrero.com.mx\/expresioneswp\/?p=15636","name":"Cuenta Acapulco con las 6 escuelas m\u00e1s antiguas de Guerrero - Expresiones Guerrero","isPartOf":{"@id":"https:\/\/expresionesguerrero.com.mx\/expresioneswp\/#website"},"primaryImageOfPage":{"@id":"https:\/\/expresionesguerrero.com.mx\/expresioneswp\/?p=15636#primaryimage"},"image":{"@id":"https:\/\/expresionesguerrero.com.mx\/expresioneswp\/?p=15636#primaryimage"},"thumbnailUrl":"https:\/\/expresionesguerrero.com.mx\/expresioneswp\/wp-content\/uploads\/2026\/09\/escuela-altamirano1.jpeg","datePublished":"2026-09-01T15:47:29+00:00","dateModified":"2026-09-01T15:47:32+00:00","description":"Cuenta Acapulco con las 6 escuelas m\u00e1s antiguas de Guerrero Acapulco","breadcrumb":{"@id":"https:\/\/expresionesguerrero.com.mx\/expresioneswp\/?p=15636#breadcrumb"},"inLanguage":"es","potentialAction":[{"@type":"ReadAction","target":["https:\/\/expresionesguerrero.com.mx\/expresioneswp\/?p=15636"]}]},{"@type":"ImageObject","inLanguage":"es","@id":"https:\/\/expresionesguerrero.com.mx\/expresioneswp\/?p=15636#primaryimage","url":"https:\/\/expresionesguerrero.com.mx\/expresioneswp\/wp-content\/uploads\/2026\/09\/escuela-altamirano1.jpeg","contentUrl":"https:\/\/expresionesguerrero.com.mx\/expresioneswp\/wp-content\/uploads\/2026\/09\/escuela-altamirano1.jpeg","width":1200,"height":800},{"@type":"BreadcrumbList","@id":"https:\/\/expresionesguerrero.com.mx\/expresioneswp\/?p=15636#breadcrumb","itemListElement":[{"@type":"ListItem","position":1,"name":"Portada","item":"https:\/\/expresionesguerrero.com.mx\/expresioneswp"},{"@type":"ListItem","position":2,"name":"Cuenta Acapulco con las 6 escuelas m\u00e1s antiguas de Guerrero"}]},{"@type":"WebSite","@id":"https:\/\/expresionesguerrero.com.mx\/expresioneswp\/#website","url":"https:\/\/expresionesguerrero.com.mx\/expresioneswp\/","name":"Expresiones Guerrero","description":"Periodismo Digital","publisher":{"@id":"https:\/\/expresionesguerrero.com.mx\/expresioneswp\/#organization"},"potentialAction":[{"@type":"SearchAction","target":{"@type":"EntryPoint","urlTemplate":"https:\/\/expresionesguerrero.com.mx\/expresioneswp\/?s={search_term_string}"},"query-input":{"@type":"PropertyValueSpecification","valueRequired":true,"valueName":"search_term_string"}}],"inLanguage":"es"},{"@type":"Organization","@id":"https:\/\/expresionesguerrero.com.mx\/expresioneswp\/#organization","name":"Expresiones Guerrero","url":"https:\/\/expresionesguerrero.com.mx\/expresioneswp\/","logo":{"@type":"ImageObject","inLanguage":"es","@id":"https:\/\/expresionesguerrero.com.mx\/expresioneswp\/#\/schema\/logo\/image\/","url":"https:\/\/expresionesguerrero.com.mx\/expresioneswp\/wp-content\/uploads\/2021\/05\/cropped-logotipo-expresiones1-1.jpg","contentUrl":"https:\/\/expresionesguerrero.com.mx\/expresioneswp\/wp-content\/uploads\/2021\/05\/cropped-logotipo-expresiones1-1.jpg","width":512,"height":512,"caption":"Expresiones Guerrero"},"image":{"@id":"https:\/\/expresionesguerrero.com.mx\/expresioneswp\/#\/schema\/logo\/image\/"}},{"@type":"Person","@id":"https:\/\/expresionesguerrero.com.mx\/expresioneswp\/#\/schema\/person\/b8a75dd4eb4a910b255423cf852fa057","name":"Redacci\u00f3n","image":{"@type":"ImageObject","inLanguage":"es","@id":"https:\/\/secure.gravatar.com\/avatar\/1f40520a5813d57bbf3ac6e35ab581cc8b1db7caf6e072e5bafff82efd93b02a?s=96&d=mm&r=g","url":"https:\/\/secure.gravatar.com\/avatar\/1f40520a5813d57bbf3ac6e35ab581cc8b1db7caf6e072e5bafff82efd93b02a?s=96&d=mm&r=g","contentUrl":"https:\/\/secure.gravatar.com\/avatar\/1f40520a5813d57bbf3ac6e35ab581cc8b1db7caf6e072e5bafff82efd93b02a?s=96&d=mm&r=g","caption":"Redacci\u00f3n"},"sameAs":["http:\/\/expresionesguerrero.com.mx\/expresioneswp"],"url":"https:\/\/expresionesguerrero.com.mx\/expresioneswp\/?author=1"}]}},"_links":{"self":[{"href":"https:\/\/expresionesguerrero.com.mx\/expresioneswp\/index.php?rest_route=\/wp\/v2\/posts\/15636","targetHints":{"allow":["GET"]}}],"collection":[{"href":"https:\/\/expresionesguerrero.com.mx\/expresioneswp\/index.php?rest_route=\/wp\/v2\/posts"}],"about":[{"href":"https:\/\/expresionesguerrero.com.mx\/expresioneswp\/index.php?rest_route=\/wp\/v2\/types\/post"}],"author":[{"embeddable":true,"href":"https:\/\/expresionesguerrero.com.mx\/expresioneswp\/index.php?rest_route=\/wp\/v2\/users\/1"}],"replies":[{"embeddable":true,"href":"https:\/\/expresionesguerrero.com.mx\/expresioneswp\/index.php?rest_route=%2Fwp%2Fv2%2Fcomments&post=15636"}],"version-history":[{"count":1,"href":"https:\/\/expresionesguerrero.com.mx\/expresioneswp\/index.php?rest_route=\/wp\/v2\/posts\/15636\/revisions"}],"predecessor-version":[{"id":15645,"href":"https:\/\/expresionesguerrero.com.mx\/expresioneswp\/index.php?rest_route=\/wp\/v2\/posts\/15636\/revisions\/15645"}],"wp:featuredmedia":[{"embeddable":true,"href":"https:\/\/expresionesguerrero.com.mx\/expresioneswp\/index.php?rest_route=\/wp\/v2\/media\/15644"}],"wp:attachment":[{"href":"https:\/\/expresionesguerrero.com.mx\/expresioneswp\/index.php?rest_route=%2Fwp%2Fv2%2Fmedia&parent=15636"}],"wp:term":[{"taxonomy":"category","embeddable":true,"href":"https:\/\/expresionesguerrero.com.mx\/expresioneswp\/index.php?rest_route=%2Fwp%2Fv2%2Fcategories&post=15636"},{"taxonomy":"post_tag","embeddable":true,"href":"https:\/\/expresionesguerrero.com.mx\/expresioneswp\/index.php?rest_route=%2Fwp%2Fv2%2Ftags&post=15636"}],"curies":[{"name":"wp","href":"https:\/\/api.w.org\/{rel}","templated":true}]}}