{"id":15633,"date":"2026-09-01T00:51:46","date_gmt":"2026-09-01T05:51:46","guid":{"rendered":"https:\/\/expresionesguerrero.com.mx\/expresioneswp\/?p=15633"},"modified":"2026-09-01T00:51:51","modified_gmt":"2026-09-01T05:51:51","slug":"atras-de-la-raya-40","status":"publish","type":"post","link":"https:\/\/expresionesguerrero.com.mx\/expresioneswp\/?p=15633","title":{"rendered":"Atr\u00e1s de la raya"},"content":{"rendered":"\n<p class=\"wp-block-paragraph\"><strong>Heliodoro Cerros Flores<\/strong><\/p>\n\n\n\n<figure class=\"wp-block-image alignright size-full is-resized has-custom-border is-style-rounded\"><img loading=\"lazy\" decoding=\"async\" width=\"539\" height=\"705\" src=\"https:\/\/expresionesguerrero.com.mx\/expresioneswp\/wp-content\/uploads\/2025\/04\/heliodoro-cerros.jpg\" alt=\"\" class=\"has-border-color has-cm-color-2-border-color wp-image-8756\" style=\"border-width:7px;width:200px;height:auto\" srcset=\"https:\/\/expresionesguerrero.com.mx\/expresioneswp\/wp-content\/uploads\/2025\/04\/heliodoro-cerros.jpg 539w, https:\/\/expresionesguerrero.com.mx\/expresioneswp\/wp-content\/uploads\/2025\/04\/heliodoro-cerros-229x300.jpg 229w\" sizes=\"auto, (max-width: 539px) 100vw, 539px\" \/><\/figure>\n\n\n\n<p class=\"wp-block-paragraph\"><strong><em>El diputado Joaqu\u00edn \u201cJacko\u201d Badillo Escamilla se ha colocado en un nivel preferencial para ser designado por Morena como su candidato a la presidencia municipal de Acapulco<\/em><\/strong><\/p>\n\n\n\n<p class=\"wp-block-paragraph\">Su cercan\u00eda con la gente y di\u00e1logo directo que ha mantenido con los diferentes sectores de la sociedad del puerto de Acapulco han colocado al diputado Joaqu\u00edn \u201cJacko\u201d Badillo Escamilla en un lugar preferencial para ser nominado por el partido Movimiento de Regeneraci\u00f3n Nacional (Morena) como su candidato a la presidencia municipal de este destino tur\u00edstico.<\/p>\n\n\n\n<p class=\"wp-block-paragraph\">Las reuniones que ha sostenido con miembros y dirigentes de las diversas organizaciones civiles y prestadores de servicios de este centro tur\u00edstico y las Asambleas Informativas en Defensa de la Cuarta Transformaci\u00f3n, de la presidenta Claudia Sheinbaum Pardo, y de la Soberan\u00eda Nacional, han colocado al diputado Badillo Escamilla en el m\u00e1s alto nivel de aceptaci\u00f3n popular por la simpat\u00eda que ha generado entre la poblaci\u00f3n de Acapulco.<\/p>\n\n\n\n<p class=\"wp-block-paragraph\">Y lo anterior lo prueban los resultados de las \u00faltimas encuestas que se han realizado entre quienes han manifestado su intenci\u00f3n de buscar la candidatura de Morena a la presidencia municipal de Acapulco, en donde se establece que el diputado Joaqu\u00edn \u201cJacko\u201d Badillo Escamilla se ha colocado en primer lugar con un 23.7 por ciento de las preferencias, contra 16,4 por ciento que obtuvo Leticia Lozano Zavala; seguidos de Javier Taja Ram\u00edrez, con el 13.6 por ciento, Yoloczin Dom\u00ednguez Serna, con el 11.8 por ciento: y Ricardo Salinas M\u00e9ndez, con el 7 por ciento.<\/p>\n\n\n\n<p class=\"wp-block-paragraph\">De acuerdo con la informaci\u00f3n, la encuesta que coloca al diputado Joaqu\u00edn \u201cJacko\u201d Badillo Escamilla en primer lugar se realiz\u00f3 mediante la aplicaci\u00f3n de mil llamadas telef\u00f3nicas en ese centro tur\u00edstico, contando con una confiabilidad del 95 por ciento y un margen de error del 5 por ciento, lo que le da plena validez al sondeo telef\u00f3nico.<\/p>\n\n\n\n<p class=\"wp-block-paragraph\">Con lo anterior, solo se espera que la dirigencia de Morena defina los plazos y requisitos para iniciar la contienda interna en busca de la nominaci\u00f3n del candidato del partido \u201cguinda\u201d a la presidencia municipal de Acapulco, as\u00ed como la paridad de g\u00e9nero ya que, si se define el g\u00e9nero masculino, \u201cJacko\u201d Badillo incrementar\u00eda su ventaja\u2026 Veremos.<\/p>\n","protected":false},"excerpt":{"rendered":"<p>Heliodoro Cerros Flores El diputado Joaqu\u00edn \u201cJacko\u201d Badillo Escamilla se ha colocado en un nivel preferencial para ser designado por<\/p>\n","protected":false},"author":1,"featured_media":15634,"comment_status":"open","ping_status":"open","sticky":false,"template":"","format":"standard","meta":{"colormag_page_container_layout":"default_layout","colormag_page_sidebar_layout":"default_layout","footnotes":""},"categories":[12],"tags":[1144],"class_list":["post-15633","post","type-post","status-publish","format-standard","has-post-thumbnail","hentry","category-expresiones","tag-atras-de-la-raya"],"yoast_head":"<!-- This site is optimized with the Yoast SEO plugin v28.3 - https:\/\/yoast.com\/product\/yoast-seo-wordpress\/ -->\n<title>Atr\u00e1s de la raya - Expresiones Guerrero<\/title>\n<meta name=\"description\" content=\"Atr\u00e1s de la raya Expresiones\" \/>\n<meta name=\"robots\" content=\"index, follow, max-snippet:-1, max-image-preview:large, max-video-preview:-1\" \/>\n<link rel=\"canonical\" href=\"https:\/\/expresionesguerrero.com.mx\/expresioneswp\/?p=15633\" \/>\n<meta property=\"og:locale\" content=\"es_ES\" \/>\n<meta property=\"og:type\" content=\"article\" \/>\n<meta property=\"og:title\" content=\"Atr\u00e1s de la raya - Expresiones Guerrero\" \/>\n<meta property=\"og:description\" content=\"Atr\u00e1s de la raya Expresiones\" \/>\n<meta property=\"og:url\" content=\"https:\/\/expresionesguerrero.com.mx\/expresioneswp\/?p=15633\" \/>\n<meta property=\"og:site_name\" content=\"Expresiones Guerrero\" \/>\n<meta property=\"article:published_time\" content=\"2026-09-01T05:51:46+00:00\" \/>\n<meta property=\"article:modified_time\" content=\"2026-09-01T05:51:51+00:00\" \/>\n<meta property=\"og:image\" content=\"https:\/\/expresionesguerrero.com.mx\/expresioneswp\/wp-content\/uploads\/2026\/09\/helio.jpg\" \/>\n\t<meta property=\"og:image:width\" content=\"1200\" \/>\n\t<meta property=\"og:image:height\" content=\"800\" \/>\n\t<meta property=\"og:image:type\" content=\"image\/jpeg\" \/>\n<meta name=\"author\" content=\"Redacci\u00f3n\" \/>\n<meta name=\"twitter:card\" content=\"summary_large_image\" \/>\n<meta name=\"twitter:label1\" content=\"Escrito por\" \/>\n\t<meta name=\"twitter:data1\" content=\"Redacci\u00f3n\" \/>\n\t<meta name=\"twitter:label2\" content=\"Tiempo de lectura\" \/>\n\t<meta name=\"twitter:data2\" content=\"3 minutos\" \/>\n<script type=\"application\/ld+json\" class=\"yoast-schema-graph\">{\"@context\":\"https:\\\/\\\/schema.org\",\"@graph\":[{\"@type\":\"NewsArticle\",\"@id\":\"https:\\\/\\\/expresionesguerrero.com.mx\\\/expresioneswp\\\/?p=15633#article\",\"isPartOf\":{\"@id\":\"https:\\\/\\\/expresionesguerrero.com.mx\\\/expresioneswp\\\/?p=15633\"},\"author\":{\"name\":\"Redacci\u00f3n\",\"@id\":\"https:\\\/\\\/expresionesguerrero.com.mx\\\/expresioneswp\\\/#\\\/schema\\\/person\\\/b8a75dd4eb4a910b255423cf852fa057\"},\"headline\":\"Atr\u00e1s de la raya\",\"datePublished\":\"2026-09-01T05:51:46+00:00\",\"dateModified\":\"2026-09-01T05:51:51+00:00\",\"mainEntityOfPage\":{\"@id\":\"https:\\\/\\\/expresionesguerrero.com.mx\\\/expresioneswp\\\/?p=15633\"},\"wordCount\":388,\"commentCount\":0,\"publisher\":{\"@id\":\"https:\\\/\\\/expresionesguerrero.com.mx\\\/expresioneswp\\\/#organization\"},\"image\":{\"@id\":\"https:\\\/\\\/expresionesguerrero.com.mx\\\/expresioneswp\\\/?p=15633#primaryimage\"},\"thumbnailUrl\":\"https:\\\/\\\/expresionesguerrero.com.mx\\\/expresioneswp\\\/wp-content\\\/uploads\\\/2026\\\/09\\\/helio.jpg\",\"keywords\":[\"Atr\u00e1s de la raya\"],\"articleSection\":[\"Expresiones\"],\"inLanguage\":\"es\",\"potentialAction\":[{\"@type\":\"CommentAction\",\"name\":\"Comment\",\"target\":[\"https:\\\/\\\/expresionesguerrero.com.mx\\\/expresioneswp\\\/?p=15633#respond\"]}]},{\"@type\":\"WebPage\",\"@id\":\"https:\\\/\\\/expresionesguerrero.com.mx\\\/expresioneswp\\\/?p=15633\",\"url\":\"https:\\\/\\\/expresionesguerrero.com.mx\\\/expresioneswp\\\/?p=15633\",\"name\":\"Atr\u00e1s de la raya - Expresiones Guerrero\",\"isPartOf\":{\"@id\":\"https:\\\/\\\/expresionesguerrero.com.mx\\\/expresioneswp\\\/#website\"},\"primaryImageOfPage\":{\"@id\":\"https:\\\/\\\/expresionesguerrero.com.mx\\\/expresioneswp\\\/?p=15633#primaryimage\"},\"image\":{\"@id\":\"https:\\\/\\\/expresionesguerrero.com.mx\\\/expresioneswp\\\/?p=15633#primaryimage\"},\"thumbnailUrl\":\"https:\\\/\\\/expresionesguerrero.com.mx\\\/expresioneswp\\\/wp-content\\\/uploads\\\/2026\\\/09\\\/helio.jpg\",\"datePublished\":\"2026-09-01T05:51:46+00:00\",\"dateModified\":\"2026-09-01T05:51:51+00:00\",\"description\":\"Atr\u00e1s de la raya Expresiones\",\"breadcrumb\":{\"@id\":\"https:\\\/\\\/expresionesguerrero.com.mx\\\/expresioneswp\\\/?p=15633#breadcrumb\"},\"inLanguage\":\"es\",\"potentialAction\":[{\"@type\":\"ReadAction\",\"target\":[\"https:\\\/\\\/expresionesguerrero.com.mx\\\/expresioneswp\\\/?p=15633\"]}]},{\"@type\":\"ImageObject\",\"inLanguage\":\"es\",\"@id\":\"https:\\\/\\\/expresionesguerrero.com.mx\\\/expresioneswp\\\/?p=15633#primaryimage\",\"url\":\"https:\\\/\\\/expresionesguerrero.com.mx\\\/expresioneswp\\\/wp-content\\\/uploads\\\/2026\\\/09\\\/helio.jpg\",\"contentUrl\":\"https:\\\/\\\/expresionesguerrero.com.mx\\\/expresioneswp\\\/wp-content\\\/uploads\\\/2026\\\/09\\\/helio.jpg\",\"width\":1200,\"height\":800},{\"@type\":\"BreadcrumbList\",\"@id\":\"https:\\\/\\\/expresionesguerrero.com.mx\\\/expresioneswp\\\/?p=15633#breadcrumb\",\"itemListElement\":[{\"@type\":\"ListItem\",\"position\":1,\"name\":\"Portada\",\"item\":\"https:\\\/\\\/expresionesguerrero.com.mx\\\/expresioneswp\"},{\"@type\":\"ListItem\",\"position\":2,\"name\":\"Atr\u00e1s de la raya\"}]},{\"@type\":\"WebSite\",\"@id\":\"https:\\\/\\\/expresionesguerrero.com.mx\\\/expresioneswp\\\/#website\",\"url\":\"https:\\\/\\\/expresionesguerrero.com.mx\\\/expresioneswp\\\/\",\"name\":\"Expresiones Guerrero\",\"description\":\"Periodismo Digital\",\"publisher\":{\"@id\":\"https:\\\/\\\/expresionesguerrero.com.mx\\\/expresioneswp\\\/#organization\"},\"potentialAction\":[{\"@type\":\"SearchAction\",\"target\":{\"@type\":\"EntryPoint\",\"urlTemplate\":\"https:\\\/\\\/expresionesguerrero.com.mx\\\/expresioneswp\\\/?s={search_term_string}\"},\"query-input\":{\"@type\":\"PropertyValueSpecification\",\"valueRequired\":true,\"valueName\":\"search_term_string\"}}],\"inLanguage\":\"es\"},{\"@type\":\"Organization\",\"@id\":\"https:\\\/\\\/expresionesguerrero.com.mx\\\/expresioneswp\\\/#organization\",\"name\":\"Expresiones Guerrero\",\"url\":\"https:\\\/\\\/expresionesguerrero.com.mx\\\/expresioneswp\\\/\",\"logo\":{\"@type\":\"ImageObject\",\"inLanguage\":\"es\",\"@id\":\"https:\\\/\\\/expresionesguerrero.com.mx\\\/expresioneswp\\\/#\\\/schema\\\/logo\\\/image\\\/\",\"url\":\"https:\\\/\\\/expresionesguerrero.com.mx\\\/expresioneswp\\\/wp-content\\\/uploads\\\/2021\\\/05\\\/cropped-logotipo-expresiones1-1.jpg\",\"contentUrl\":\"https:\\\/\\\/expresionesguerrero.com.mx\\\/expresioneswp\\\/wp-content\\\/uploads\\\/2021\\\/05\\\/cropped-logotipo-expresiones1-1.jpg\",\"width\":512,\"height\":512,\"caption\":\"Expresiones Guerrero\"},\"image\":{\"@id\":\"https:\\\/\\\/expresionesguerrero.com.mx\\\/expresioneswp\\\/#\\\/schema\\\/logo\\\/image\\\/\"}},{\"@type\":\"Person\",\"@id\":\"https:\\\/\\\/expresionesguerrero.com.mx\\\/expresioneswp\\\/#\\\/schema\\\/person\\\/b8a75dd4eb4a910b255423cf852fa057\",\"name\":\"Redacci\u00f3n\",\"image\":{\"@type\":\"ImageObject\",\"inLanguage\":\"es\",\"@id\":\"https:\\\/\\\/secure.gravatar.com\\\/avatar\\\/1f40520a5813d57bbf3ac6e35ab581cc8b1db7caf6e072e5bafff82efd93b02a?s=96&d=mm&r=g\",\"url\":\"https:\\\/\\\/secure.gravatar.com\\\/avatar\\\/1f40520a5813d57bbf3ac6e35ab581cc8b1db7caf6e072e5bafff82efd93b02a?s=96&d=mm&r=g\",\"contentUrl\":\"https:\\\/\\\/secure.gravatar.com\\\/avatar\\\/1f40520a5813d57bbf3ac6e35ab581cc8b1db7caf6e072e5bafff82efd93b02a?s=96&d=mm&r=g\",\"caption\":\"Redacci\u00f3n\"},\"sameAs\":[\"http:\\\/\\\/expresionesguerrero.com.mx\\\/expresioneswp\"],\"url\":\"https:\\\/\\\/expresionesguerrero.com.mx\\\/expresioneswp\\\/?author=1\"}]}<\/script>\n<!-- \/ Yoast SEO plugin. -->","yoast_head_json":{"title":"Atr\u00e1s de la raya - Expresiones Guerrero","description":"Atr\u00e1s de la raya Expresiones","robots":{"index":"index","follow":"follow","max-snippet":"max-snippet:-1","max-image-preview":"max-image-preview:large","max-video-preview":"max-video-preview:-1"},"canonical":"https:\/\/expresionesguerrero.com.mx\/expresioneswp\/?p=15633","og_locale":"es_ES","og_type":"article","og_title":"Atr\u00e1s de la raya - Expresiones Guerrero","og_description":"Atr\u00e1s de la raya Expresiones","og_url":"https:\/\/expresionesguerrero.com.mx\/expresioneswp\/?p=15633","og_site_name":"Expresiones Guerrero","article_published_time":"2026-09-01T05:51:46+00:00","article_modified_time":"2026-09-01T05:51:51+00:00","og_image":[{"width":1200,"height":800,"url":"https:\/\/expresionesguerrero.com.mx\/expresioneswp\/wp-content\/uploads\/2026\/09\/helio.jpg","type":"image\/jpeg"}],"author":"Redacci\u00f3n","twitter_card":"summary_large_image","twitter_misc":{"Escrito por":"Redacci\u00f3n","Tiempo de lectura":"3 minutos"},"schema":{"@context":"https:\/\/schema.org","@graph":[{"@type":"NewsArticle","@id":"https:\/\/expresionesguerrero.com.mx\/expresioneswp\/?p=15633#article","isPartOf":{"@id":"https:\/\/expresionesguerrero.com.mx\/expresioneswp\/?p=15633"},"author":{"name":"Redacci\u00f3n","@id":"https:\/\/expresionesguerrero.com.mx\/expresioneswp\/#\/schema\/person\/b8a75dd4eb4a910b255423cf852fa057"},"headline":"Atr\u00e1s de la raya","datePublished":"2026-09-01T05:51:46+00:00","dateModified":"2026-09-01T05:51:51+00:00","mainEntityOfPage":{"@id":"https:\/\/expresionesguerrero.com.mx\/expresioneswp\/?p=15633"},"wordCount":388,"commentCount":0,"publisher":{"@id":"https:\/\/expresionesguerrero.com.mx\/expresioneswp\/#organization"},"image":{"@id":"https:\/\/expresionesguerrero.com.mx\/expresioneswp\/?p=15633#primaryimage"},"thumbnailUrl":"https:\/\/expresionesguerrero.com.mx\/expresioneswp\/wp-content\/uploads\/2026\/09\/helio.jpg","keywords":["Atr\u00e1s de la raya"],"articleSection":["Expresiones"],"inLanguage":"es","potentialAction":[{"@type":"CommentAction","name":"Comment","target":["https:\/\/expresionesguerrero.com.mx\/expresioneswp\/?p=15633#respond"]}]},{"@type":"WebPage","@id":"https:\/\/expresionesguerrero.com.mx\/expresioneswp\/?p=15633","url":"https:\/\/expresionesguerrero.com.mx\/expresioneswp\/?p=15633","name":"Atr\u00e1s de la raya - Expresiones Guerrero","isPartOf":{"@id":"https:\/\/expresionesguerrero.com.mx\/expresioneswp\/#website"},"primaryImageOfPage":{"@id":"https:\/\/expresionesguerrero.com.mx\/expresioneswp\/?p=15633#primaryimage"},"image":{"@id":"https:\/\/expresionesguerrero.com.mx\/expresioneswp\/?p=15633#primaryimage"},"thumbnailUrl":"https:\/\/expresionesguerrero.com.mx\/expresioneswp\/wp-content\/uploads\/2026\/09\/helio.jpg","datePublished":"2026-09-01T05:51:46+00:00","dateModified":"2026-09-01T05:51:51+00:00","description":"Atr\u00e1s de la raya Expresiones","breadcrumb":{"@id":"https:\/\/expresionesguerrero.com.mx\/expresioneswp\/?p=15633#breadcrumb"},"inLanguage":"es","potentialAction":[{"@type":"ReadAction","target":["https:\/\/expresionesguerrero.com.mx\/expresioneswp\/?p=15633"]}]},{"@type":"ImageObject","inLanguage":"es","@id":"https:\/\/expresionesguerrero.com.mx\/expresioneswp\/?p=15633#primaryimage","url":"https:\/\/expresionesguerrero.com.mx\/expresioneswp\/wp-content\/uploads\/2026\/09\/helio.jpg","contentUrl":"https:\/\/expresionesguerrero.com.mx\/expresioneswp\/wp-content\/uploads\/2026\/09\/helio.jpg","width":1200,"height":800},{"@type":"BreadcrumbList","@id":"https:\/\/expresionesguerrero.com.mx\/expresioneswp\/?p=15633#breadcrumb","itemListElement":[{"@type":"ListItem","position":1,"name":"Portada","item":"https:\/\/expresionesguerrero.com.mx\/expresioneswp"},{"@type":"ListItem","position":2,"name":"Atr\u00e1s de la raya"}]},{"@type":"WebSite","@id":"https:\/\/expresionesguerrero.com.mx\/expresioneswp\/#website","url":"https:\/\/expresionesguerrero.com.mx\/expresioneswp\/","name":"Expresiones Guerrero","description":"Periodismo Digital","publisher":{"@id":"https:\/\/expresionesguerrero.com.mx\/expresioneswp\/#organization"},"potentialAction":[{"@type":"SearchAction","target":{"@type":"EntryPoint","urlTemplate":"https:\/\/expresionesguerrero.com.mx\/expresioneswp\/?s={search_term_string}"},"query-input":{"@type":"PropertyValueSpecification","valueRequired":true,"valueName":"search_term_string"}}],"inLanguage":"es"},{"@type":"Organization","@id":"https:\/\/expresionesguerrero.com.mx\/expresioneswp\/#organization","name":"Expresiones Guerrero","url":"https:\/\/expresionesguerrero.com.mx\/expresioneswp\/","logo":{"@type":"ImageObject","inLanguage":"es","@id":"https:\/\/expresionesguerrero.com.mx\/expresioneswp\/#\/schema\/logo\/image\/","url":"https:\/\/expresionesguerrero.com.mx\/expresioneswp\/wp-content\/uploads\/2021\/05\/cropped-logotipo-expresiones1-1.jpg","contentUrl":"https:\/\/expresionesguerrero.com.mx\/expresioneswp\/wp-content\/uploads\/2021\/05\/cropped-logotipo-expresiones1-1.jpg","width":512,"height":512,"caption":"Expresiones Guerrero"},"image":{"@id":"https:\/\/expresionesguerrero.com.mx\/expresioneswp\/#\/schema\/logo\/image\/"}},{"@type":"Person","@id":"https:\/\/expresionesguerrero.com.mx\/expresioneswp\/#\/schema\/person\/b8a75dd4eb4a910b255423cf852fa057","name":"Redacci\u00f3n","image":{"@type":"ImageObject","inLanguage":"es","@id":"https:\/\/secure.gravatar.com\/avatar\/1f40520a5813d57bbf3ac6e35ab581cc8b1db7caf6e072e5bafff82efd93b02a?s=96&d=mm&r=g","url":"https:\/\/secure.gravatar.com\/avatar\/1f40520a5813d57bbf3ac6e35ab581cc8b1db7caf6e072e5bafff82efd93b02a?s=96&d=mm&r=g","contentUrl":"https:\/\/secure.gravatar.com\/avatar\/1f40520a5813d57bbf3ac6e35ab581cc8b1db7caf6e072e5bafff82efd93b02a?s=96&d=mm&r=g","caption":"Redacci\u00f3n"},"sameAs":["http:\/\/expresionesguerrero.com.mx\/expresioneswp"],"url":"https:\/\/expresionesguerrero.com.mx\/expresioneswp\/?author=1"}]}},"_links":{"self":[{"href":"https:\/\/expresionesguerrero.com.mx\/expresioneswp\/index.php?rest_route=\/wp\/v2\/posts\/15633","targetHints":{"allow":["GET"]}}],"collection":[{"href":"https:\/\/expresionesguerrero.com.mx\/expresioneswp\/index.php?rest_route=\/wp\/v2\/posts"}],"about":[{"href":"https:\/\/expresionesguerrero.com.mx\/expresioneswp\/index.php?rest_route=\/wp\/v2\/types\/post"}],"author":[{"embeddable":true,"href":"https:\/\/expresionesguerrero.com.mx\/expresioneswp\/index.php?rest_route=\/wp\/v2\/users\/1"}],"replies":[{"embeddable":true,"href":"https:\/\/expresionesguerrero.com.mx\/expresioneswp\/index.php?rest_route=%2Fwp%2Fv2%2Fcomments&post=15633"}],"version-history":[{"count":1,"href":"https:\/\/expresionesguerrero.com.mx\/expresioneswp\/index.php?rest_route=\/wp\/v2\/posts\/15633\/revisions"}],"predecessor-version":[{"id":15635,"href":"https:\/\/expresionesguerrero.com.mx\/expresioneswp\/index.php?rest_route=\/wp\/v2\/posts\/15633\/revisions\/15635"}],"wp:featuredmedia":[{"embeddable":true,"href":"https:\/\/expresionesguerrero.com.mx\/expresioneswp\/index.php?rest_route=\/wp\/v2\/media\/15634"}],"wp:attachment":[{"href":"https:\/\/expresionesguerrero.com.mx\/expresioneswp\/index.php?rest_route=%2Fwp%2Fv2%2Fmedia&parent=15633"}],"wp:term":[{"taxonomy":"category","embeddable":true,"href":"https:\/\/expresionesguerrero.com.mx\/expresioneswp\/index.php?rest_route=%2Fwp%2Fv2%2Fcategories&post=15633"},{"taxonomy":"post_tag","embeddable":true,"href":"https:\/\/expresionesguerrero.com.mx\/expresioneswp\/index.php?rest_route=%2Fwp%2Fv2%2Ftags&post=15633"}],"curies":[{"name":"wp","href":"https:\/\/api.w.org\/{rel}","templated":true}]}}