{"id":15624,"date":"2026-08-31T23:50:15","date_gmt":"2026-09-01T04:50:15","guid":{"rendered":"https:\/\/expresionesguerrero.com.mx\/expresioneswp\/?p=15624"},"modified":"2026-08-31T23:50:20","modified_gmt":"2026-09-01T04:50:20","slug":"supero-guerrero-expectativas-en-visitantes-y-derrama-economica-evelyn","status":"publish","type":"post","link":"https:\/\/expresionesguerrero.com.mx\/expresioneswp\/?p=15624","title":{"rendered":"Super\u00f3 Guerrero expectativas en visitantes y derrama econ\u00f3mica: Evelyn"},"content":{"rendered":"\n<p class=\"wp-block-paragraph\">La gobernadora Evelyn Salgado Pineda inform\u00f3 que Guerrero cerr\u00f3 la temporada vacacional de verano 2026 con resultados por encima de la media nacional superando las expectativas, al recibir m\u00e1s de un mill\u00f3n 621 mil turistas, cifra que representa un crecimiento de 15.2 por ciento respecto al mismo periodo de 2025, con una derrama econ\u00f3mica de 13 mil 736 millones de pesos.<\/p>\n\n\n\n<p class=\"wp-block-paragraph\">Al dar los resultados del periodo vacacional junto con el secretario de Turismo de Guerrero, Sim\u00f3n Qui\u00f1ones Orozco, la mandataria destac\u00f3 que durante los 46 d\u00edas de la temporada, del 16 de julio al 30 de agosto, el estado alcanz\u00f3 una ocupaci\u00f3n hotelera promedio de 68 por ciento, con crecimiento en los principales indicadores tur\u00edsticos.<\/p>\n\n\n\n<p class=\"wp-block-paragraph\">Adem\u00e1s, dijo que actualmente Guerrero cuenta con 81 proyectos tur\u00edsticos que representan una inversi\u00f3n de m\u00e1s de 2 mil 900 millones de d\u00f3lares, resultado de la confianza de los inversionistas, que reconocen el potencial del estado.<\/p>\n\n\n\n<p class=\"wp-block-paragraph\">\u201cSin duda Guerrero sigue siendo el Hogar del Sol con grandes resultados. La expectativa fue superada. Existe confianza en los turistas y la actividad tur\u00edstica sigue siendo un motor de desarrollo\u201d, afirm\u00f3 la gobernadora.<\/p>\n\n\n\n<p class=\"wp-block-paragraph\">Salgado Pineda destac\u00f3 que Guerrero mantiene una tendencia positiva en materia tur\u00edstica, con m\u00e1s pasajeros, mayor afluencia y crecimiento en la ocupaci\u00f3n hotelera, adem\u00e1s de una oferta cada vez m\u00e1s amplia de destinos.<\/p>\n\n\n\n<p class=\"wp-block-paragraph\">La mandataria estatal resalt\u00f3 que Guerrero ha dejado atr\u00e1s la visi\u00f3n concentrada \u00fanicamente en tres destinos y avanza hacia un modelo tur\u00edstico estatal bajo el concepto de Hogar del Sol, con 49 municipios con vocaci\u00f3n tur\u00edstica, con la meta de incorporar 11 municipios m\u00e1s antes de concluir el a\u00f1o.<\/p>\n\n\n\n<p class=\"wp-block-paragraph\">El titular de Sectur detall\u00f3 que en Acapulco la afluencia tur\u00edstica aument\u00f3 11.7 por ciento al recibir 991 mil visitantes con una derrama de aproximadamente 8 mil millones de pesos y una ocupaci\u00f3n hotelera de 66 por ciento.<\/p>\n\n\n\n<p class=\"wp-block-paragraph\">Ixtapa-Zihuatanejo recibi\u00f3 409 mil 636 turistas, gener\u00f3 una derrama de 4 mil millones de pesos y alcanz\u00f3 75.8 por ciento de ocupaci\u00f3n hotelera.<\/p>\n\n\n\n<p class=\"wp-block-paragraph\">Taxco de Alarc\u00f3n registr\u00f3 129 mil 215 visitantes, una derrama de 691 millones de pesos y una ocupaci\u00f3n de 40.7 por ciento, con un crecimiento de 20 por ciento en la afluencia respecto al a\u00f1o pasado.<\/p>\n\n\n\n<p class=\"wp-block-paragraph\">En tanto, La Uni\u00f3n sum\u00f3 49 mil 379 turistas, una ocupaci\u00f3n de 67.4 por ciento y una derrama de 681 millones de pesos y la regi\u00f3n de Copala y Marquelia contabiliz\u00f3 41 mil 881 visitantes, una ocupaci\u00f3n de 41.6 por ciento y una derrama econ\u00f3mica de 167 millones de pesos.<\/p>\n\n\n\n<p class=\"wp-block-paragraph\">Qui\u00f1ones Orozco inform\u00f3 que la conectividad a\u00e9rea tambi\u00e9n present\u00f3 un crecimiento significativo durante la temporada, con 1 mill\u00f3n 026 mil 559 pasajeros, un incremento de 9.2 por ciento, equivalente a 86 mil 775 pasajeros m\u00e1s que en el periodo anterior.<\/p>\n\n\n\n<p class=\"wp-block-paragraph\">El Aeropuerto Internacional de Acapulco moviliz\u00f3 500 mil 222 pasajeros, mientras que el aeropuerto de Ixtapa-Zihuatanejo registr\u00f3 526 mil 338 pasajeros.<\/p>\n\n\n\n<p class=\"wp-block-paragraph\">La infraestructura hotelera tambi\u00e9n creci\u00f3 11.5 por ciento, al pasar de alrededor de 15 mil habitaciones en 2025 a 17 mil 555 habitaciones disponibles en 313 hoteles durante este verano.<\/p>\n\n\n\n<p class=\"wp-block-paragraph\">Asimismo, Guerrero alcanz\u00f3 938 mil 385 cuartos noche ocupados, un incremento de 12.9 por ciento. En Acapulco se contabilizaron 541 mil 556 cuartos noche, lo que representa un aumento de 15.7 por ciento respecto al a\u00f1o anterior.<\/p>\n\n\n\n<p class=\"wp-block-paragraph\">La actividad tur\u00edstica continuar\u00e1 durante septiembre y octubre con una amplia agenda de eventos, convenciones y actividades culturales y art\u00edsticas. Entre los pr\u00f3ximos acontecimientos se encuentra el Acapulcazo del 2 al 4 de septiembre, as\u00ed como encuentros y convenciones nacionales en Acapulco e Ixtapa-Zihuatanejo.<\/p>\n\n\n\n<p class=\"wp-block-paragraph\">Adem\u00e1s, se prev\u00e9 la llegada de m\u00e1s de 15 mil participantes a Acapulco para el evento HYROX, las celebraciones de las fiestas patrias, diversos espect\u00e1culos art\u00edsticos durante octubre, entre ellos las presentaciones de Yuridia y Alejandro Sanz, as\u00ed como el Dow Hill en Taxco, el arribo de cruceros a partir del 12 de octubre y las festividades de D\u00eda de Muertos.<\/p>\n\n\n\n<p class=\"wp-block-paragraph\">En la transmisi\u00f3n, Salgado Pineda reconoci\u00f3 la participaci\u00f3n de las instituciones de seguridad y de las Fuerzas Armadas que integran la Mesa de Coordinaci\u00f3n para la Construcci\u00f3n de la Paz por su colaboraci\u00f3n en el operativo implementado durante la temporada vacacional que permiti\u00f3 mantener condiciones favorables para visitantes y prestadores de servicios tur\u00edsticos.<\/p>\n\n\n\n<p class=\"wp-block-paragraph\">Con estos resultados dijo, Guerrero consolida una temporada de verano con mayor afluencia, mayor derrama, m\u00e1s conectividad y una creciente oferta hotelera, fortaleciendo al turismo como uno de los principales motores de desarrollo econ\u00f3mico de las ocho regiones del estado.<\/p>\n","protected":false},"excerpt":{"rendered":"<p>La gobernadora Evelyn Salgado Pineda inform\u00f3 que Guerrero cerr\u00f3 la temporada vacacional de verano 2026 con resultados por encima de<\/p>\n","protected":false},"author":1,"featured_media":15625,"comment_status":"open","ping_status":"open","sticky":false,"template":"","format":"standard","meta":{"colormag_page_container_layout":"default_layout","colormag_page_sidebar_layout":"default_layout","footnotes":""},"categories":[6],"tags":[2434],"class_list":["post-15624","post","type-post","status-publish","format-standard","has-post-thumbnail","hentry","category-guerrero","tag-supero-guerrero-expectativas-en-visitantes-y-derrama-economica-evelyn"],"yoast_head":"<!-- This site is optimized with the Yoast SEO plugin v28.3 - https:\/\/yoast.com\/product\/yoast-seo-wordpress\/ -->\n<title>Super\u00f3 Guerrero expectativas en visitantes y derrama econ\u00f3mica: Evelyn - Expresiones Guerrero<\/title>\n<meta name=\"description\" content=\"Super\u00f3 Guerrero expectativas en visitantes y derrama econ\u00f3mica: Evelyn Guerrero\" \/>\n<meta name=\"robots\" content=\"index, follow, max-snippet:-1, max-image-preview:large, max-video-preview:-1\" \/>\n<link rel=\"canonical\" href=\"https:\/\/expresionesguerrero.com.mx\/expresioneswp\/?p=15624\" \/>\n<meta property=\"og:locale\" content=\"es_ES\" \/>\n<meta property=\"og:type\" content=\"article\" \/>\n<meta property=\"og:title\" content=\"Super\u00f3 Guerrero expectativas en visitantes y derrama econ\u00f3mica: Evelyn - Expresiones Guerrero\" \/>\n<meta property=\"og:description\" content=\"Super\u00f3 Guerrero expectativas en visitantes y derrama econ\u00f3mica: Evelyn Guerrero\" \/>\n<meta property=\"og:url\" content=\"https:\/\/expresionesguerrero.com.mx\/expresioneswp\/?p=15624\" \/>\n<meta property=\"og:site_name\" content=\"Expresiones Guerrero\" \/>\n<meta property=\"article:published_time\" content=\"2026-09-01T04:50:15+00:00\" \/>\n<meta property=\"article:modified_time\" content=\"2026-09-01T04:50:20+00:00\" \/>\n<meta property=\"og:image\" content=\"https:\/\/expresionesguerrero.com.mx\/expresioneswp\/wp-content\/uploads\/2026\/08\/gober-7.jpg\" \/>\n\t<meta property=\"og:image:width\" content=\"1200\" \/>\n\t<meta property=\"og:image:height\" content=\"800\" \/>\n\t<meta property=\"og:image:type\" content=\"image\/jpeg\" \/>\n<meta name=\"author\" content=\"Redacci\u00f3n\" \/>\n<meta name=\"twitter:card\" content=\"summary_large_image\" \/>\n<meta name=\"twitter:label1\" content=\"Escrito por\" \/>\n\t<meta name=\"twitter:data1\" content=\"Redacci\u00f3n\" \/>\n\t<meta name=\"twitter:label2\" content=\"Tiempo de lectura\" \/>\n\t<meta name=\"twitter:data2\" content=\"4 minutos\" \/>\n<script type=\"application\/ld+json\" class=\"yoast-schema-graph\">{\"@context\":\"https:\\\/\\\/schema.org\",\"@graph\":[{\"@type\":\"NewsArticle\",\"@id\":\"https:\\\/\\\/expresionesguerrero.com.mx\\\/expresioneswp\\\/?p=15624#article\",\"isPartOf\":{\"@id\":\"https:\\\/\\\/expresionesguerrero.com.mx\\\/expresioneswp\\\/?p=15624\"},\"author\":{\"name\":\"Redacci\u00f3n\",\"@id\":\"https:\\\/\\\/expresionesguerrero.com.mx\\\/expresioneswp\\\/#\\\/schema\\\/person\\\/b8a75dd4eb4a910b255423cf852fa057\"},\"headline\":\"Super\u00f3 Guerrero expectativas en visitantes y derrama econ\u00f3mica: Evelyn\",\"datePublished\":\"2026-09-01T04:50:15+00:00\",\"dateModified\":\"2026-09-01T04:50:20+00:00\",\"mainEntityOfPage\":{\"@id\":\"https:\\\/\\\/expresionesguerrero.com.mx\\\/expresioneswp\\\/?p=15624\"},\"wordCount\":749,\"commentCount\":0,\"publisher\":{\"@id\":\"https:\\\/\\\/expresionesguerrero.com.mx\\\/expresioneswp\\\/#organization\"},\"image\":{\"@id\":\"https:\\\/\\\/expresionesguerrero.com.mx\\\/expresioneswp\\\/?p=15624#primaryimage\"},\"thumbnailUrl\":\"https:\\\/\\\/expresionesguerrero.com.mx\\\/expresioneswp\\\/wp-content\\\/uploads\\\/2026\\\/08\\\/gober-7.jpg\",\"keywords\":[\"Super\u00f3 Guerrero expectativas en visitantes y derrama econ\u00f3mica: Evelyn\"],\"articleSection\":[\"Guerrero\"],\"inLanguage\":\"es\",\"potentialAction\":[{\"@type\":\"CommentAction\",\"name\":\"Comment\",\"target\":[\"https:\\\/\\\/expresionesguerrero.com.mx\\\/expresioneswp\\\/?p=15624#respond\"]}]},{\"@type\":\"WebPage\",\"@id\":\"https:\\\/\\\/expresionesguerrero.com.mx\\\/expresioneswp\\\/?p=15624\",\"url\":\"https:\\\/\\\/expresionesguerrero.com.mx\\\/expresioneswp\\\/?p=15624\",\"name\":\"Super\u00f3 Guerrero expectativas en visitantes y derrama econ\u00f3mica: Evelyn - Expresiones Guerrero\",\"isPartOf\":{\"@id\":\"https:\\\/\\\/expresionesguerrero.com.mx\\\/expresioneswp\\\/#website\"},\"primaryImageOfPage\":{\"@id\":\"https:\\\/\\\/expresionesguerrero.com.mx\\\/expresioneswp\\\/?p=15624#primaryimage\"},\"image\":{\"@id\":\"https:\\\/\\\/expresionesguerrero.com.mx\\\/expresioneswp\\\/?p=15624#primaryimage\"},\"thumbnailUrl\":\"https:\\\/\\\/expresionesguerrero.com.mx\\\/expresioneswp\\\/wp-content\\\/uploads\\\/2026\\\/08\\\/gober-7.jpg\",\"datePublished\":\"2026-09-01T04:50:15+00:00\",\"dateModified\":\"2026-09-01T04:50:20+00:00\",\"description\":\"Super\u00f3 Guerrero expectativas en visitantes y derrama econ\u00f3mica: Evelyn Guerrero\",\"breadcrumb\":{\"@id\":\"https:\\\/\\\/expresionesguerrero.com.mx\\\/expresioneswp\\\/?p=15624#breadcrumb\"},\"inLanguage\":\"es\",\"potentialAction\":[{\"@type\":\"ReadAction\",\"target\":[\"https:\\\/\\\/expresionesguerrero.com.mx\\\/expresioneswp\\\/?p=15624\"]}]},{\"@type\":\"ImageObject\",\"inLanguage\":\"es\",\"@id\":\"https:\\\/\\\/expresionesguerrero.com.mx\\\/expresioneswp\\\/?p=15624#primaryimage\",\"url\":\"https:\\\/\\\/expresionesguerrero.com.mx\\\/expresioneswp\\\/wp-content\\\/uploads\\\/2026\\\/08\\\/gober-7.jpg\",\"contentUrl\":\"https:\\\/\\\/expresionesguerrero.com.mx\\\/expresioneswp\\\/wp-content\\\/uploads\\\/2026\\\/08\\\/gober-7.jpg\",\"width\":1200,\"height\":800},{\"@type\":\"BreadcrumbList\",\"@id\":\"https:\\\/\\\/expresionesguerrero.com.mx\\\/expresioneswp\\\/?p=15624#breadcrumb\",\"itemListElement\":[{\"@type\":\"ListItem\",\"position\":1,\"name\":\"Portada\",\"item\":\"https:\\\/\\\/expresionesguerrero.com.mx\\\/expresioneswp\"},{\"@type\":\"ListItem\",\"position\":2,\"name\":\"Super\u00f3 Guerrero expectativas en visitantes y derrama econ\u00f3mica: Evelyn\"}]},{\"@type\":\"WebSite\",\"@id\":\"https:\\\/\\\/expresionesguerrero.com.mx\\\/expresioneswp\\\/#website\",\"url\":\"https:\\\/\\\/expresionesguerrero.com.mx\\\/expresioneswp\\\/\",\"name\":\"Expresiones Guerrero\",\"description\":\"Periodismo Digital\",\"publisher\":{\"@id\":\"https:\\\/\\\/expresionesguerrero.com.mx\\\/expresioneswp\\\/#organization\"},\"potentialAction\":[{\"@type\":\"SearchAction\",\"target\":{\"@type\":\"EntryPoint\",\"urlTemplate\":\"https:\\\/\\\/expresionesguerrero.com.mx\\\/expresioneswp\\\/?s={search_term_string}\"},\"query-input\":{\"@type\":\"PropertyValueSpecification\",\"valueRequired\":true,\"valueName\":\"search_term_string\"}}],\"inLanguage\":\"es\"},{\"@type\":\"Organization\",\"@id\":\"https:\\\/\\\/expresionesguerrero.com.mx\\\/expresioneswp\\\/#organization\",\"name\":\"Expresiones Guerrero\",\"url\":\"https:\\\/\\\/expresionesguerrero.com.mx\\\/expresioneswp\\\/\",\"logo\":{\"@type\":\"ImageObject\",\"inLanguage\":\"es\",\"@id\":\"https:\\\/\\\/expresionesguerrero.com.mx\\\/expresioneswp\\\/#\\\/schema\\\/logo\\\/image\\\/\",\"url\":\"https:\\\/\\\/expresionesguerrero.com.mx\\\/expresioneswp\\\/wp-content\\\/uploads\\\/2021\\\/05\\\/cropped-logotipo-expresiones1-1.jpg\",\"contentUrl\":\"https:\\\/\\\/expresionesguerrero.com.mx\\\/expresioneswp\\\/wp-content\\\/uploads\\\/2021\\\/05\\\/cropped-logotipo-expresiones1-1.jpg\",\"width\":512,\"height\":512,\"caption\":\"Expresiones Guerrero\"},\"image\":{\"@id\":\"https:\\\/\\\/expresionesguerrero.com.mx\\\/expresioneswp\\\/#\\\/schema\\\/logo\\\/image\\\/\"}},{\"@type\":\"Person\",\"@id\":\"https:\\\/\\\/expresionesguerrero.com.mx\\\/expresioneswp\\\/#\\\/schema\\\/person\\\/b8a75dd4eb4a910b255423cf852fa057\",\"name\":\"Redacci\u00f3n\",\"image\":{\"@type\":\"ImageObject\",\"inLanguage\":\"es\",\"@id\":\"https:\\\/\\\/secure.gravatar.com\\\/avatar\\\/1f40520a5813d57bbf3ac6e35ab581cc8b1db7caf6e072e5bafff82efd93b02a?s=96&d=mm&r=g\",\"url\":\"https:\\\/\\\/secure.gravatar.com\\\/avatar\\\/1f40520a5813d57bbf3ac6e35ab581cc8b1db7caf6e072e5bafff82efd93b02a?s=96&d=mm&r=g\",\"contentUrl\":\"https:\\\/\\\/secure.gravatar.com\\\/avatar\\\/1f40520a5813d57bbf3ac6e35ab581cc8b1db7caf6e072e5bafff82efd93b02a?s=96&d=mm&r=g\",\"caption\":\"Redacci\u00f3n\"},\"sameAs\":[\"http:\\\/\\\/expresionesguerrero.com.mx\\\/expresioneswp\"],\"url\":\"https:\\\/\\\/expresionesguerrero.com.mx\\\/expresioneswp\\\/?author=1\"}]}<\/script>\n<!-- \/ Yoast SEO plugin. -->","yoast_head_json":{"title":"Super\u00f3 Guerrero expectativas en visitantes y derrama econ\u00f3mica: Evelyn - Expresiones Guerrero","description":"Super\u00f3 Guerrero expectativas en visitantes y derrama econ\u00f3mica: Evelyn Guerrero","robots":{"index":"index","follow":"follow","max-snippet":"max-snippet:-1","max-image-preview":"max-image-preview:large","max-video-preview":"max-video-preview:-1"},"canonical":"https:\/\/expresionesguerrero.com.mx\/expresioneswp\/?p=15624","og_locale":"es_ES","og_type":"article","og_title":"Super\u00f3 Guerrero expectativas en visitantes y derrama econ\u00f3mica: Evelyn - Expresiones Guerrero","og_description":"Super\u00f3 Guerrero expectativas en visitantes y derrama econ\u00f3mica: Evelyn Guerrero","og_url":"https:\/\/expresionesguerrero.com.mx\/expresioneswp\/?p=15624","og_site_name":"Expresiones Guerrero","article_published_time":"2026-09-01T04:50:15+00:00","article_modified_time":"2026-09-01T04:50:20+00:00","og_image":[{"width":1200,"height":800,"url":"https:\/\/expresionesguerrero.com.mx\/expresioneswp\/wp-content\/uploads\/2026\/08\/gober-7.jpg","type":"image\/jpeg"}],"author":"Redacci\u00f3n","twitter_card":"summary_large_image","twitter_misc":{"Escrito por":"Redacci\u00f3n","Tiempo de lectura":"4 minutos"},"schema":{"@context":"https:\/\/schema.org","@graph":[{"@type":"NewsArticle","@id":"https:\/\/expresionesguerrero.com.mx\/expresioneswp\/?p=15624#article","isPartOf":{"@id":"https:\/\/expresionesguerrero.com.mx\/expresioneswp\/?p=15624"},"author":{"name":"Redacci\u00f3n","@id":"https:\/\/expresionesguerrero.com.mx\/expresioneswp\/#\/schema\/person\/b8a75dd4eb4a910b255423cf852fa057"},"headline":"Super\u00f3 Guerrero expectativas en visitantes y derrama econ\u00f3mica: Evelyn","datePublished":"2026-09-01T04:50:15+00:00","dateModified":"2026-09-01T04:50:20+00:00","mainEntityOfPage":{"@id":"https:\/\/expresionesguerrero.com.mx\/expresioneswp\/?p=15624"},"wordCount":749,"commentCount":0,"publisher":{"@id":"https:\/\/expresionesguerrero.com.mx\/expresioneswp\/#organization"},"image":{"@id":"https:\/\/expresionesguerrero.com.mx\/expresioneswp\/?p=15624#primaryimage"},"thumbnailUrl":"https:\/\/expresionesguerrero.com.mx\/expresioneswp\/wp-content\/uploads\/2026\/08\/gober-7.jpg","keywords":["Super\u00f3 Guerrero expectativas en visitantes y derrama econ\u00f3mica: Evelyn"],"articleSection":["Guerrero"],"inLanguage":"es","potentialAction":[{"@type":"CommentAction","name":"Comment","target":["https:\/\/expresionesguerrero.com.mx\/expresioneswp\/?p=15624#respond"]}]},{"@type":"WebPage","@id":"https:\/\/expresionesguerrero.com.mx\/expresioneswp\/?p=15624","url":"https:\/\/expresionesguerrero.com.mx\/expresioneswp\/?p=15624","name":"Super\u00f3 Guerrero expectativas en visitantes y derrama econ\u00f3mica: Evelyn - Expresiones Guerrero","isPartOf":{"@id":"https:\/\/expresionesguerrero.com.mx\/expresioneswp\/#website"},"primaryImageOfPage":{"@id":"https:\/\/expresionesguerrero.com.mx\/expresioneswp\/?p=15624#primaryimage"},"image":{"@id":"https:\/\/expresionesguerrero.com.mx\/expresioneswp\/?p=15624#primaryimage"},"thumbnailUrl":"https:\/\/expresionesguerrero.com.mx\/expresioneswp\/wp-content\/uploads\/2026\/08\/gober-7.jpg","datePublished":"2026-09-01T04:50:15+00:00","dateModified":"2026-09-01T04:50:20+00:00","description":"Super\u00f3 Guerrero expectativas en visitantes y derrama econ\u00f3mica: Evelyn Guerrero","breadcrumb":{"@id":"https:\/\/expresionesguerrero.com.mx\/expresioneswp\/?p=15624#breadcrumb"},"inLanguage":"es","potentialAction":[{"@type":"ReadAction","target":["https:\/\/expresionesguerrero.com.mx\/expresioneswp\/?p=15624"]}]},{"@type":"ImageObject","inLanguage":"es","@id":"https:\/\/expresionesguerrero.com.mx\/expresioneswp\/?p=15624#primaryimage","url":"https:\/\/expresionesguerrero.com.mx\/expresioneswp\/wp-content\/uploads\/2026\/08\/gober-7.jpg","contentUrl":"https:\/\/expresionesguerrero.com.mx\/expresioneswp\/wp-content\/uploads\/2026\/08\/gober-7.jpg","width":1200,"height":800},{"@type":"BreadcrumbList","@id":"https:\/\/expresionesguerrero.com.mx\/expresioneswp\/?p=15624#breadcrumb","itemListElement":[{"@type":"ListItem","position":1,"name":"Portada","item":"https:\/\/expresionesguerrero.com.mx\/expresioneswp"},{"@type":"ListItem","position":2,"name":"Super\u00f3 Guerrero expectativas en visitantes y derrama econ\u00f3mica: Evelyn"}]},{"@type":"WebSite","@id":"https:\/\/expresionesguerrero.com.mx\/expresioneswp\/#website","url":"https:\/\/expresionesguerrero.com.mx\/expresioneswp\/","name":"Expresiones Guerrero","description":"Periodismo Digital","publisher":{"@id":"https:\/\/expresionesguerrero.com.mx\/expresioneswp\/#organization"},"potentialAction":[{"@type":"SearchAction","target":{"@type":"EntryPoint","urlTemplate":"https:\/\/expresionesguerrero.com.mx\/expresioneswp\/?s={search_term_string}"},"query-input":{"@type":"PropertyValueSpecification","valueRequired":true,"valueName":"search_term_string"}}],"inLanguage":"es"},{"@type":"Organization","@id":"https:\/\/expresionesguerrero.com.mx\/expresioneswp\/#organization","name":"Expresiones Guerrero","url":"https:\/\/expresionesguerrero.com.mx\/expresioneswp\/","logo":{"@type":"ImageObject","inLanguage":"es","@id":"https:\/\/expresionesguerrero.com.mx\/expresioneswp\/#\/schema\/logo\/image\/","url":"https:\/\/expresionesguerrero.com.mx\/expresioneswp\/wp-content\/uploads\/2021\/05\/cropped-logotipo-expresiones1-1.jpg","contentUrl":"https:\/\/expresionesguerrero.com.mx\/expresioneswp\/wp-content\/uploads\/2021\/05\/cropped-logotipo-expresiones1-1.jpg","width":512,"height":512,"caption":"Expresiones Guerrero"},"image":{"@id":"https:\/\/expresionesguerrero.com.mx\/expresioneswp\/#\/schema\/logo\/image\/"}},{"@type":"Person","@id":"https:\/\/expresionesguerrero.com.mx\/expresioneswp\/#\/schema\/person\/b8a75dd4eb4a910b255423cf852fa057","name":"Redacci\u00f3n","image":{"@type":"ImageObject","inLanguage":"es","@id":"https:\/\/secure.gravatar.com\/avatar\/1f40520a5813d57bbf3ac6e35ab581cc8b1db7caf6e072e5bafff82efd93b02a?s=96&d=mm&r=g","url":"https:\/\/secure.gravatar.com\/avatar\/1f40520a5813d57bbf3ac6e35ab581cc8b1db7caf6e072e5bafff82efd93b02a?s=96&d=mm&r=g","contentUrl":"https:\/\/secure.gravatar.com\/avatar\/1f40520a5813d57bbf3ac6e35ab581cc8b1db7caf6e072e5bafff82efd93b02a?s=96&d=mm&r=g","caption":"Redacci\u00f3n"},"sameAs":["http:\/\/expresionesguerrero.com.mx\/expresioneswp"],"url":"https:\/\/expresionesguerrero.com.mx\/expresioneswp\/?author=1"}]}},"_links":{"self":[{"href":"https:\/\/expresionesguerrero.com.mx\/expresioneswp\/index.php?rest_route=\/wp\/v2\/posts\/15624","targetHints":{"allow":["GET"]}}],"collection":[{"href":"https:\/\/expresionesguerrero.com.mx\/expresioneswp\/index.php?rest_route=\/wp\/v2\/posts"}],"about":[{"href":"https:\/\/expresionesguerrero.com.mx\/expresioneswp\/index.php?rest_route=\/wp\/v2\/types\/post"}],"author":[{"embeddable":true,"href":"https:\/\/expresionesguerrero.com.mx\/expresioneswp\/index.php?rest_route=\/wp\/v2\/users\/1"}],"replies":[{"embeddable":true,"href":"https:\/\/expresionesguerrero.com.mx\/expresioneswp\/index.php?rest_route=%2Fwp%2Fv2%2Fcomments&post=15624"}],"version-history":[{"count":1,"href":"https:\/\/expresionesguerrero.com.mx\/expresioneswp\/index.php?rest_route=\/wp\/v2\/posts\/15624\/revisions"}],"predecessor-version":[{"id":15626,"href":"https:\/\/expresionesguerrero.com.mx\/expresioneswp\/index.php?rest_route=\/wp\/v2\/posts\/15624\/revisions\/15626"}],"wp:featuredmedia":[{"embeddable":true,"href":"https:\/\/expresionesguerrero.com.mx\/expresioneswp\/index.php?rest_route=\/wp\/v2\/media\/15625"}],"wp:attachment":[{"href":"https:\/\/expresionesguerrero.com.mx\/expresioneswp\/index.php?rest_route=%2Fwp%2Fv2%2Fmedia&parent=15624"}],"wp:term":[{"taxonomy":"category","embeddable":true,"href":"https:\/\/expresionesguerrero.com.mx\/expresioneswp\/index.php?rest_route=%2Fwp%2Fv2%2Fcategories&post=15624"},{"taxonomy":"post_tag","embeddable":true,"href":"https:\/\/expresionesguerrero.com.mx\/expresioneswp\/index.php?rest_route=%2Fwp%2Fv2%2Ftags&post=15624"}],"curies":[{"name":"wp","href":"https:\/\/api.w.org\/{rel}","templated":true}]}}