{"id":15606,"date":"2026-08-31T02:04:39","date_gmt":"2026-08-31T07:04:39","guid":{"rendered":"https:\/\/expresionesguerrero.com.mx\/expresioneswp\/?p=15606"},"modified":"2026-08-31T02:04:44","modified_gmt":"2026-08-31T07:04:44","slug":"debe-coordinar-los-trabajos-de-la-cuatrote-una-mujer-afromexicana","status":"publish","type":"post","link":"https:\/\/expresionesguerrero.com.mx\/expresioneswp\/?p=15606","title":{"rendered":"Debe coordinar los trabajos de la Cuatrot\u00e9 una mujer afromexicana"},"content":{"rendered":"\n<p class=\"wp-block-paragraph\">La diputada federal afromexicana con acci\u00f3n afirmativa, Mar\u00eda Castro Salinas, afirm\u00f3 que es momento de que una mujer afromexicana como Beatriz Mojica Muga coordine los trabajos de la Cuarta Transformaci\u00f3n en Guerrero, al considerar que han sido las \u00faltimas en llegar a los derechos pero ya est\u00e1n en todos los espacios.<\/p>\n\n\n\n<p class=\"wp-block-paragraph\">Entrevistada en la Asamblea Regional del Pueblo Afromexicano realizada en Marquelia para la consulta previa, libre e informada de la Ley General de Derechos de los Pueblos Ind\u00edgenas y Afromexicanos, la legisladora oaxaque\u00f1a explic\u00f3 que se trata de una de las 82 asambleas programadas por el Instituto Nacional de los Pueblos Ind\u00edgenas (INPI) desde el 7 de agosto, para que sean las propias autoridades tradicionales quienes opinen y aporten a la iniciativa.<\/p>\n\n\n\n<p class=\"wp-block-paragraph\">Detall\u00f3 que esta Ley General es la que aterrizar\u00e1 la reforma al art\u00edculo 2\u00ba constitucional de 2024, enviada por el presidente Andr\u00e9s Manuel L\u00f3pez Obrador, que reconoce a los pueblos ind\u00edgenas y afromexicanos como sujetos de derecho con personalidad jur\u00eddica y patrimonio propio. \u00abNuestra presidenta Claudia Sheinbaum hizo la propuesta y se trabaj\u00f3 con el INPI, la Consejer\u00eda Jur\u00eddica y el Consejo Nacional del INPI\u00bb, dijo.<\/p>\n\n\n\n<p class=\"wp-block-paragraph\">Castro Salinas, quien particip\u00f3 en la elaboraci\u00f3n del Libro Tercero que establece los derechos colectivos de los pueblos afromexicanos, sostuvo que esta ley ser\u00e1 el paraguas para la interpretaci\u00f3n judicial y para asignar presupuesto a cultura, desarrollo econ\u00f3mico e infraestructura social en las comunidades. \u00abLo que no se nombra no existe, por eso es importante nombrarnos\u00bb, expres\u00f3.<\/p>\n\n\n\n<p class=\"wp-block-paragraph\">Al referirse a la participaci\u00f3n pol\u00edtica, subray\u00f3 que gracias a las acciones afirmativas hoy hay senadora afromexicana, diputadas federales, presidentas municipales y regidoras, pero falta m\u00e1s. \u00abEs muy importante estar en los espacios de toma de decisiones porque ah\u00ed llevamos las voces de todas y todos.<\/p>\n\n\n\n<p class=\"wp-block-paragraph\">Seguramente vamos a tener gobernadoras afromexicanas\u00bb, afirm\u00f3, tras destacar su iniciativa para que el 4 de noviembre sea el D\u00eda Nacional de la Mujer Afromexicana.<\/p>\n","protected":false},"excerpt":{"rendered":"<p>La diputada federal afromexicana con acci\u00f3n afirmativa, Mar\u00eda Castro Salinas, afirm\u00f3 que es momento de que una mujer afromexicana como<\/p>\n","protected":false},"author":1,"featured_media":15607,"comment_status":"open","ping_status":"open","sticky":false,"template":"","format":"standard","meta":{"colormag_page_container_layout":"default_layout","colormag_page_sidebar_layout":"default_layout","footnotes":""},"categories":[6],"tags":[2431],"class_list":["post-15606","post","type-post","status-publish","format-standard","has-post-thumbnail","hentry","category-guerrero","tag-debe-coordinar-los-trabajos-de-la-cuatrote-una-mujer-afromexicana"],"yoast_head":"<!-- This site is optimized with the Yoast SEO plugin v28.3 - https:\/\/yoast.com\/product\/yoast-seo-wordpress\/ -->\n<title>Debe coordinar los trabajos de la Cuatrot\u00e9 una mujer afromexicana - Expresiones Guerrero<\/title>\n<meta name=\"description\" content=\"Debe coordinar los trabajos de la Cuatrot\u00e9 una mujer afromexicana Guerrero\" \/>\n<meta name=\"robots\" content=\"index, follow, max-snippet:-1, max-image-preview:large, max-video-preview:-1\" \/>\n<link rel=\"canonical\" href=\"https:\/\/expresionesguerrero.com.mx\/expresioneswp\/?p=15606\" \/>\n<meta property=\"og:locale\" content=\"es_ES\" \/>\n<meta property=\"og:type\" content=\"article\" \/>\n<meta property=\"og:title\" content=\"Debe coordinar los trabajos de la Cuatrot\u00e9 una mujer afromexicana - Expresiones Guerrero\" \/>\n<meta property=\"og:description\" content=\"Debe coordinar los trabajos de la Cuatrot\u00e9 una mujer afromexicana Guerrero\" \/>\n<meta property=\"og:url\" content=\"https:\/\/expresionesguerrero.com.mx\/expresioneswp\/?p=15606\" \/>\n<meta property=\"og:site_name\" content=\"Expresiones Guerrero\" \/>\n<meta property=\"article:published_time\" content=\"2026-08-31T07:04:39+00:00\" \/>\n<meta property=\"article:modified_time\" content=\"2026-08-31T07:04:44+00:00\" \/>\n<meta property=\"og:image\" content=\"https:\/\/expresionesguerrero.com.mx\/expresioneswp\/wp-content\/uploads\/2026\/08\/afro.jpg\" \/>\n\t<meta property=\"og:image:width\" content=\"1200\" \/>\n\t<meta property=\"og:image:height\" content=\"800\" \/>\n\t<meta property=\"og:image:type\" content=\"image\/jpeg\" \/>\n<meta name=\"author\" content=\"Redacci\u00f3n\" \/>\n<meta name=\"twitter:card\" content=\"summary_large_image\" \/>\n<meta name=\"twitter:label1\" content=\"Escrito por\" \/>\n\t<meta name=\"twitter:data1\" content=\"Redacci\u00f3n\" \/>\n\t<meta name=\"twitter:label2\" content=\"Tiempo de lectura\" \/>\n\t<meta name=\"twitter:data2\" content=\"2 minutos\" \/>\n<script type=\"application\/ld+json\" class=\"yoast-schema-graph\">{\"@context\":\"https:\\\/\\\/schema.org\",\"@graph\":[{\"@type\":\"NewsArticle\",\"@id\":\"https:\\\/\\\/expresionesguerrero.com.mx\\\/expresioneswp\\\/?p=15606#article\",\"isPartOf\":{\"@id\":\"https:\\\/\\\/expresionesguerrero.com.mx\\\/expresioneswp\\\/?p=15606\"},\"author\":{\"name\":\"Redacci\u00f3n\",\"@id\":\"https:\\\/\\\/expresionesguerrero.com.mx\\\/expresioneswp\\\/#\\\/schema\\\/person\\\/b8a75dd4eb4a910b255423cf852fa057\"},\"headline\":\"Debe coordinar los trabajos de la Cuatrot\u00e9 una mujer afromexicana\",\"datePublished\":\"2026-08-31T07:04:39+00:00\",\"dateModified\":\"2026-08-31T07:04:44+00:00\",\"mainEntityOfPage\":{\"@id\":\"https:\\\/\\\/expresionesguerrero.com.mx\\\/expresioneswp\\\/?p=15606\"},\"wordCount\":343,\"commentCount\":0,\"publisher\":{\"@id\":\"https:\\\/\\\/expresionesguerrero.com.mx\\\/expresioneswp\\\/#organization\"},\"image\":{\"@id\":\"https:\\\/\\\/expresionesguerrero.com.mx\\\/expresioneswp\\\/?p=15606#primaryimage\"},\"thumbnailUrl\":\"https:\\\/\\\/expresionesguerrero.com.mx\\\/expresioneswp\\\/wp-content\\\/uploads\\\/2026\\\/08\\\/afro.jpg\",\"keywords\":[\"Debe coordinar los trabajos de la Cuatrot\u00e9 una mujer afromexicana\"],\"articleSection\":[\"Guerrero\"],\"inLanguage\":\"es\",\"potentialAction\":[{\"@type\":\"CommentAction\",\"name\":\"Comment\",\"target\":[\"https:\\\/\\\/expresionesguerrero.com.mx\\\/expresioneswp\\\/?p=15606#respond\"]}]},{\"@type\":\"WebPage\",\"@id\":\"https:\\\/\\\/expresionesguerrero.com.mx\\\/expresioneswp\\\/?p=15606\",\"url\":\"https:\\\/\\\/expresionesguerrero.com.mx\\\/expresioneswp\\\/?p=15606\",\"name\":\"Debe coordinar los trabajos de la Cuatrot\u00e9 una mujer afromexicana - Expresiones Guerrero\",\"isPartOf\":{\"@id\":\"https:\\\/\\\/expresionesguerrero.com.mx\\\/expresioneswp\\\/#website\"},\"primaryImageOfPage\":{\"@id\":\"https:\\\/\\\/expresionesguerrero.com.mx\\\/expresioneswp\\\/?p=15606#primaryimage\"},\"image\":{\"@id\":\"https:\\\/\\\/expresionesguerrero.com.mx\\\/expresioneswp\\\/?p=15606#primaryimage\"},\"thumbnailUrl\":\"https:\\\/\\\/expresionesguerrero.com.mx\\\/expresioneswp\\\/wp-content\\\/uploads\\\/2026\\\/08\\\/afro.jpg\",\"datePublished\":\"2026-08-31T07:04:39+00:00\",\"dateModified\":\"2026-08-31T07:04:44+00:00\",\"description\":\"Debe coordinar los trabajos de la Cuatrot\u00e9 una mujer afromexicana Guerrero\",\"breadcrumb\":{\"@id\":\"https:\\\/\\\/expresionesguerrero.com.mx\\\/expresioneswp\\\/?p=15606#breadcrumb\"},\"inLanguage\":\"es\",\"potentialAction\":[{\"@type\":\"ReadAction\",\"target\":[\"https:\\\/\\\/expresionesguerrero.com.mx\\\/expresioneswp\\\/?p=15606\"]}]},{\"@type\":\"ImageObject\",\"inLanguage\":\"es\",\"@id\":\"https:\\\/\\\/expresionesguerrero.com.mx\\\/expresioneswp\\\/?p=15606#primaryimage\",\"url\":\"https:\\\/\\\/expresionesguerrero.com.mx\\\/expresioneswp\\\/wp-content\\\/uploads\\\/2026\\\/08\\\/afro.jpg\",\"contentUrl\":\"https:\\\/\\\/expresionesguerrero.com.mx\\\/expresioneswp\\\/wp-content\\\/uploads\\\/2026\\\/08\\\/afro.jpg\",\"width\":1200,\"height\":800},{\"@type\":\"BreadcrumbList\",\"@id\":\"https:\\\/\\\/expresionesguerrero.com.mx\\\/expresioneswp\\\/?p=15606#breadcrumb\",\"itemListElement\":[{\"@type\":\"ListItem\",\"position\":1,\"name\":\"Portada\",\"item\":\"https:\\\/\\\/expresionesguerrero.com.mx\\\/expresioneswp\"},{\"@type\":\"ListItem\",\"position\":2,\"name\":\"Debe coordinar los trabajos de la Cuatrot\u00e9 una mujer afromexicana\"}]},{\"@type\":\"WebSite\",\"@id\":\"https:\\\/\\\/expresionesguerrero.com.mx\\\/expresioneswp\\\/#website\",\"url\":\"https:\\\/\\\/expresionesguerrero.com.mx\\\/expresioneswp\\\/\",\"name\":\"Expresiones Guerrero\",\"description\":\"Periodismo Digital\",\"publisher\":{\"@id\":\"https:\\\/\\\/expresionesguerrero.com.mx\\\/expresioneswp\\\/#organization\"},\"potentialAction\":[{\"@type\":\"SearchAction\",\"target\":{\"@type\":\"EntryPoint\",\"urlTemplate\":\"https:\\\/\\\/expresionesguerrero.com.mx\\\/expresioneswp\\\/?s={search_term_string}\"},\"query-input\":{\"@type\":\"PropertyValueSpecification\",\"valueRequired\":true,\"valueName\":\"search_term_string\"}}],\"inLanguage\":\"es\"},{\"@type\":\"Organization\",\"@id\":\"https:\\\/\\\/expresionesguerrero.com.mx\\\/expresioneswp\\\/#organization\",\"name\":\"Expresiones Guerrero\",\"url\":\"https:\\\/\\\/expresionesguerrero.com.mx\\\/expresioneswp\\\/\",\"logo\":{\"@type\":\"ImageObject\",\"inLanguage\":\"es\",\"@id\":\"https:\\\/\\\/expresionesguerrero.com.mx\\\/expresioneswp\\\/#\\\/schema\\\/logo\\\/image\\\/\",\"url\":\"https:\\\/\\\/expresionesguerrero.com.mx\\\/expresioneswp\\\/wp-content\\\/uploads\\\/2021\\\/05\\\/cropped-logotipo-expresiones1-1.jpg\",\"contentUrl\":\"https:\\\/\\\/expresionesguerrero.com.mx\\\/expresioneswp\\\/wp-content\\\/uploads\\\/2021\\\/05\\\/cropped-logotipo-expresiones1-1.jpg\",\"width\":512,\"height\":512,\"caption\":\"Expresiones Guerrero\"},\"image\":{\"@id\":\"https:\\\/\\\/expresionesguerrero.com.mx\\\/expresioneswp\\\/#\\\/schema\\\/logo\\\/image\\\/\"}},{\"@type\":\"Person\",\"@id\":\"https:\\\/\\\/expresionesguerrero.com.mx\\\/expresioneswp\\\/#\\\/schema\\\/person\\\/b8a75dd4eb4a910b255423cf852fa057\",\"name\":\"Redacci\u00f3n\",\"image\":{\"@type\":\"ImageObject\",\"inLanguage\":\"es\",\"@id\":\"https:\\\/\\\/secure.gravatar.com\\\/avatar\\\/1f40520a5813d57bbf3ac6e35ab581cc8b1db7caf6e072e5bafff82efd93b02a?s=96&d=mm&r=g\",\"url\":\"https:\\\/\\\/secure.gravatar.com\\\/avatar\\\/1f40520a5813d57bbf3ac6e35ab581cc8b1db7caf6e072e5bafff82efd93b02a?s=96&d=mm&r=g\",\"contentUrl\":\"https:\\\/\\\/secure.gravatar.com\\\/avatar\\\/1f40520a5813d57bbf3ac6e35ab581cc8b1db7caf6e072e5bafff82efd93b02a?s=96&d=mm&r=g\",\"caption\":\"Redacci\u00f3n\"},\"sameAs\":[\"http:\\\/\\\/expresionesguerrero.com.mx\\\/expresioneswp\"],\"url\":\"https:\\\/\\\/expresionesguerrero.com.mx\\\/expresioneswp\\\/?author=1\"}]}<\/script>\n<!-- \/ Yoast SEO plugin. -->","yoast_head_json":{"title":"Debe coordinar los trabajos de la Cuatrot\u00e9 una mujer afromexicana - Expresiones Guerrero","description":"Debe coordinar los trabajos de la Cuatrot\u00e9 una mujer afromexicana Guerrero","robots":{"index":"index","follow":"follow","max-snippet":"max-snippet:-1","max-image-preview":"max-image-preview:large","max-video-preview":"max-video-preview:-1"},"canonical":"https:\/\/expresionesguerrero.com.mx\/expresioneswp\/?p=15606","og_locale":"es_ES","og_type":"article","og_title":"Debe coordinar los trabajos de la Cuatrot\u00e9 una mujer afromexicana - Expresiones Guerrero","og_description":"Debe coordinar los trabajos de la Cuatrot\u00e9 una mujer afromexicana Guerrero","og_url":"https:\/\/expresionesguerrero.com.mx\/expresioneswp\/?p=15606","og_site_name":"Expresiones Guerrero","article_published_time":"2026-08-31T07:04:39+00:00","article_modified_time":"2026-08-31T07:04:44+00:00","og_image":[{"width":1200,"height":800,"url":"https:\/\/expresionesguerrero.com.mx\/expresioneswp\/wp-content\/uploads\/2026\/08\/afro.jpg","type":"image\/jpeg"}],"author":"Redacci\u00f3n","twitter_card":"summary_large_image","twitter_misc":{"Escrito por":"Redacci\u00f3n","Tiempo de lectura":"2 minutos"},"schema":{"@context":"https:\/\/schema.org","@graph":[{"@type":"NewsArticle","@id":"https:\/\/expresionesguerrero.com.mx\/expresioneswp\/?p=15606#article","isPartOf":{"@id":"https:\/\/expresionesguerrero.com.mx\/expresioneswp\/?p=15606"},"author":{"name":"Redacci\u00f3n","@id":"https:\/\/expresionesguerrero.com.mx\/expresioneswp\/#\/schema\/person\/b8a75dd4eb4a910b255423cf852fa057"},"headline":"Debe coordinar los trabajos de la Cuatrot\u00e9 una mujer afromexicana","datePublished":"2026-08-31T07:04:39+00:00","dateModified":"2026-08-31T07:04:44+00:00","mainEntityOfPage":{"@id":"https:\/\/expresionesguerrero.com.mx\/expresioneswp\/?p=15606"},"wordCount":343,"commentCount":0,"publisher":{"@id":"https:\/\/expresionesguerrero.com.mx\/expresioneswp\/#organization"},"image":{"@id":"https:\/\/expresionesguerrero.com.mx\/expresioneswp\/?p=15606#primaryimage"},"thumbnailUrl":"https:\/\/expresionesguerrero.com.mx\/expresioneswp\/wp-content\/uploads\/2026\/08\/afro.jpg","keywords":["Debe coordinar los trabajos de la Cuatrot\u00e9 una mujer afromexicana"],"articleSection":["Guerrero"],"inLanguage":"es","potentialAction":[{"@type":"CommentAction","name":"Comment","target":["https:\/\/expresionesguerrero.com.mx\/expresioneswp\/?p=15606#respond"]}]},{"@type":"WebPage","@id":"https:\/\/expresionesguerrero.com.mx\/expresioneswp\/?p=15606","url":"https:\/\/expresionesguerrero.com.mx\/expresioneswp\/?p=15606","name":"Debe coordinar los trabajos de la Cuatrot\u00e9 una mujer afromexicana - Expresiones Guerrero","isPartOf":{"@id":"https:\/\/expresionesguerrero.com.mx\/expresioneswp\/#website"},"primaryImageOfPage":{"@id":"https:\/\/expresionesguerrero.com.mx\/expresioneswp\/?p=15606#primaryimage"},"image":{"@id":"https:\/\/expresionesguerrero.com.mx\/expresioneswp\/?p=15606#primaryimage"},"thumbnailUrl":"https:\/\/expresionesguerrero.com.mx\/expresioneswp\/wp-content\/uploads\/2026\/08\/afro.jpg","datePublished":"2026-08-31T07:04:39+00:00","dateModified":"2026-08-31T07:04:44+00:00","description":"Debe coordinar los trabajos de la Cuatrot\u00e9 una mujer afromexicana Guerrero","breadcrumb":{"@id":"https:\/\/expresionesguerrero.com.mx\/expresioneswp\/?p=15606#breadcrumb"},"inLanguage":"es","potentialAction":[{"@type":"ReadAction","target":["https:\/\/expresionesguerrero.com.mx\/expresioneswp\/?p=15606"]}]},{"@type":"ImageObject","inLanguage":"es","@id":"https:\/\/expresionesguerrero.com.mx\/expresioneswp\/?p=15606#primaryimage","url":"https:\/\/expresionesguerrero.com.mx\/expresioneswp\/wp-content\/uploads\/2026\/08\/afro.jpg","contentUrl":"https:\/\/expresionesguerrero.com.mx\/expresioneswp\/wp-content\/uploads\/2026\/08\/afro.jpg","width":1200,"height":800},{"@type":"BreadcrumbList","@id":"https:\/\/expresionesguerrero.com.mx\/expresioneswp\/?p=15606#breadcrumb","itemListElement":[{"@type":"ListItem","position":1,"name":"Portada","item":"https:\/\/expresionesguerrero.com.mx\/expresioneswp"},{"@type":"ListItem","position":2,"name":"Debe coordinar los trabajos de la Cuatrot\u00e9 una mujer afromexicana"}]},{"@type":"WebSite","@id":"https:\/\/expresionesguerrero.com.mx\/expresioneswp\/#website","url":"https:\/\/expresionesguerrero.com.mx\/expresioneswp\/","name":"Expresiones Guerrero","description":"Periodismo Digital","publisher":{"@id":"https:\/\/expresionesguerrero.com.mx\/expresioneswp\/#organization"},"potentialAction":[{"@type":"SearchAction","target":{"@type":"EntryPoint","urlTemplate":"https:\/\/expresionesguerrero.com.mx\/expresioneswp\/?s={search_term_string}"},"query-input":{"@type":"PropertyValueSpecification","valueRequired":true,"valueName":"search_term_string"}}],"inLanguage":"es"},{"@type":"Organization","@id":"https:\/\/expresionesguerrero.com.mx\/expresioneswp\/#organization","name":"Expresiones Guerrero","url":"https:\/\/expresionesguerrero.com.mx\/expresioneswp\/","logo":{"@type":"ImageObject","inLanguage":"es","@id":"https:\/\/expresionesguerrero.com.mx\/expresioneswp\/#\/schema\/logo\/image\/","url":"https:\/\/expresionesguerrero.com.mx\/expresioneswp\/wp-content\/uploads\/2021\/05\/cropped-logotipo-expresiones1-1.jpg","contentUrl":"https:\/\/expresionesguerrero.com.mx\/expresioneswp\/wp-content\/uploads\/2021\/05\/cropped-logotipo-expresiones1-1.jpg","width":512,"height":512,"caption":"Expresiones Guerrero"},"image":{"@id":"https:\/\/expresionesguerrero.com.mx\/expresioneswp\/#\/schema\/logo\/image\/"}},{"@type":"Person","@id":"https:\/\/expresionesguerrero.com.mx\/expresioneswp\/#\/schema\/person\/b8a75dd4eb4a910b255423cf852fa057","name":"Redacci\u00f3n","image":{"@type":"ImageObject","inLanguage":"es","@id":"https:\/\/secure.gravatar.com\/avatar\/1f40520a5813d57bbf3ac6e35ab581cc8b1db7caf6e072e5bafff82efd93b02a?s=96&d=mm&r=g","url":"https:\/\/secure.gravatar.com\/avatar\/1f40520a5813d57bbf3ac6e35ab581cc8b1db7caf6e072e5bafff82efd93b02a?s=96&d=mm&r=g","contentUrl":"https:\/\/secure.gravatar.com\/avatar\/1f40520a5813d57bbf3ac6e35ab581cc8b1db7caf6e072e5bafff82efd93b02a?s=96&d=mm&r=g","caption":"Redacci\u00f3n"},"sameAs":["http:\/\/expresionesguerrero.com.mx\/expresioneswp"],"url":"https:\/\/expresionesguerrero.com.mx\/expresioneswp\/?author=1"}]}},"_links":{"self":[{"href":"https:\/\/expresionesguerrero.com.mx\/expresioneswp\/index.php?rest_route=\/wp\/v2\/posts\/15606","targetHints":{"allow":["GET"]}}],"collection":[{"href":"https:\/\/expresionesguerrero.com.mx\/expresioneswp\/index.php?rest_route=\/wp\/v2\/posts"}],"about":[{"href":"https:\/\/expresionesguerrero.com.mx\/expresioneswp\/index.php?rest_route=\/wp\/v2\/types\/post"}],"author":[{"embeddable":true,"href":"https:\/\/expresionesguerrero.com.mx\/expresioneswp\/index.php?rest_route=\/wp\/v2\/users\/1"}],"replies":[{"embeddable":true,"href":"https:\/\/expresionesguerrero.com.mx\/expresioneswp\/index.php?rest_route=%2Fwp%2Fv2%2Fcomments&post=15606"}],"version-history":[{"count":1,"href":"https:\/\/expresionesguerrero.com.mx\/expresioneswp\/index.php?rest_route=\/wp\/v2\/posts\/15606\/revisions"}],"predecessor-version":[{"id":15608,"href":"https:\/\/expresionesguerrero.com.mx\/expresioneswp\/index.php?rest_route=\/wp\/v2\/posts\/15606\/revisions\/15608"}],"wp:featuredmedia":[{"embeddable":true,"href":"https:\/\/expresionesguerrero.com.mx\/expresioneswp\/index.php?rest_route=\/wp\/v2\/media\/15607"}],"wp:attachment":[{"href":"https:\/\/expresionesguerrero.com.mx\/expresioneswp\/index.php?rest_route=%2Fwp%2Fv2%2Fmedia&parent=15606"}],"wp:term":[{"taxonomy":"category","embeddable":true,"href":"https:\/\/expresionesguerrero.com.mx\/expresioneswp\/index.php?rest_route=%2Fwp%2Fv2%2Fcategories&post=15606"},{"taxonomy":"post_tag","embeddable":true,"href":"https:\/\/expresionesguerrero.com.mx\/expresioneswp\/index.php?rest_route=%2Fwp%2Fv2%2Ftags&post=15606"}],"curies":[{"name":"wp","href":"https:\/\/api.w.org\/{rel}","templated":true}]}}